{"id":107139,"date":"2020-12-14T15:14:19","date_gmt":"2020-12-14T20:14:19","guid":{"rendered":"https:\/\/linitiative.ca\/International\/pros-milan-ac-des-nouvelles-de-bennacer\/"},"modified":"2020-12-14T15:14:19","modified_gmt":"2020-12-14T20:14:19","slug":"pros-milan-ac-des-nouvelles-de-bennacer","status":"publish","type":"post","link":"https:\/\/linitiative.ca\/International\/pros-milan-ac-des-nouvelles-de-bennacer\/","title":{"rendered":"Pros : Milan AC : Des nouvelles de Bennacer"},"content":{"rendered":"<div readability=\"32\">\n<p>Auteur : <span class=\"time\">lundi 14 d\u00e9cembre 2020 20:24<\/span><\/p>\n<\/div>\n<div id=\"post_core\" readability=\"37\">\n<p>Au terme de la rencontre face \u00e0 Parme (2-2), l&rsquo;entraineur milanais Stefano Pioli avait \u00e9voqu\u00e9 une douleur derri\u00e8re la jambe ressenti par Ismael Bennacer. Apr\u00e8s des examens plus approfondis men\u00e9s ce lundi, il s&rsquo;av\u00e8re que le champion d&rsquo;Afrique souffre d&rsquo;une l\u00e9sion des ischio-jambiers. La blessure de Bennacer devra \u00eatre r\u00e9\u00e9valu\u00e9e dans 10 jours.<\/p>\n<p><strong>Publi\u00e9 dans :<\/strong> <span>Milan AC<\/span><\/p>\n<\/div>\n<p>Auteur:<br \/>\n<a href=\"http:\/\/www.lebuteur.com\/article\/detail?titre=milan-ac-des-nouvelles-de-bennacer&#038;id=98350&#038;utm_source=feedburner&#038;utm_medium=feed&#038;utm_campaign=Feed%3A+GalerieFArtciles+%28Les+derniers+articles++-+lebuteur.com%29\">Cliquez ici pour lire l&rsquo;article depuis sa source.<\/a><\/p>\n","protected":false},"excerpt":{"rendered":"<p>Auteur : lundi 14 d\u00e9cembre 2020 20:24 Au terme de la rencontre face \u00e0 Parme (2-2), l&rsquo;entraineur milanais Stefano Pioli avait \u00e9voqu\u00e9 une douleur derri\u00e8re la jambe ressenti par Ismael Bennacer. Apr\u00e8s des examens plus approfondis men\u00e9s ce lundi, il s&rsquo;av\u00e8re que le champion d&rsquo;Afrique souffre d&rsquo;une l\u00e9sion des ischio-jambiers. La blessure de Bennacer devra [&hellip;]<\/p>\n","protected":false},"author":1738,"featured_media":0,"comment_status":"closed","ping_status":"closed","sticky":false,"template":"","format":"standard","meta":{"fifu_image_url":"\/\/cdn.lebuteur.com\/data\/images\/article\/thumbs\/large-milan-ac-des-nouvelles-de-bennacer-e1395.jpg","fifu_image_alt":"Pros : Milan AC : Des nouvelles de Bennacer","footnotes":""},"categories":[53,75],"tags":[],"class_list":["post-107139","post","type-post","status-publish","format-standard","hentry","category-algerie","category-sport"],"_links":{"self":[{"href":"https:\/\/linitiative.ca\/International\/wp-json\/wp\/v2\/posts\/107139","targetHints":{"allow":["GET"]}}],"collection":[{"href":"https:\/\/linitiative.ca\/International\/wp-json\/wp\/v2\/posts"}],"about":[{"href":"https:\/\/linitiative.ca\/International\/wp-json\/wp\/v2\/types\/post"}],"author":[{"embeddable":true,"href":"https:\/\/linitiative.ca\/International\/wp-json\/wp\/v2\/users\/1738"}],"replies":[{"embeddable":true,"href":"https:\/\/linitiative.ca\/International\/wp-json\/wp\/v2\/comments?post=107139"}],"version-history":[{"count":0,"href":"https:\/\/linitiative.ca\/International\/wp-json\/wp\/v2\/posts\/107139\/revisions"}],"wp:attachment":[{"href":"https:\/\/linitiative.ca\/International\/wp-json\/wp\/v2\/media?parent=107139"}],"wp:term":[{"taxonomy":"category","embeddable":true,"href":"https:\/\/linitiative.ca\/International\/wp-json\/wp\/v2\/categories?post=107139"},{"taxonomy":"post_tag","embeddable":true,"href":"https:\/\/linitiative.ca\/International\/wp-json\/wp\/v2\/tags?post=107139"}],"curies":[{"name":"wp","href":"https:\/\/api.w.org\/{rel}","templated":true}]}}