{"id":107146,"date":"2020-12-14T10:05:00","date_gmt":"2020-12-14T15:05:00","guid":{"rendered":"https:\/\/linitiative.ca\/International\/depuis-2016-a-mascara-des-familles-logees-dans-le-meme-appartement\/"},"modified":"2020-12-14T10:05:00","modified_gmt":"2020-12-14T15:05:00","slug":"depuis-2016-a-mascara-des-familles-logees-dans-le-meme-appartement","status":"publish","type":"post","link":"https:\/\/linitiative.ca\/International\/depuis-2016-a-mascara-des-familles-logees-dans-le-meme-appartement\/","title":{"rendered":"DEPUIS 2016 A MASCARA : Des familles log\u00e9es dans  le m\u00eame appartement"},"content":{"rendered":"<p><br id=\"sep_para_1\" class=\"sep_para access\"\/><\/p>\n<div id=\"para_1\" class=\"para_39925549 resize\">\n<div class=\"photo shadow left\"><a href=\"javascript:void(0)\" rel=\"https:\/\/www.reflexiondz.net\/photo\/art\/grande\/52315604-39925549.jpg?v=1607964133&amp;ibox\" title=\"DEPUIS 2016 A MASCARA : Des familles log\u00e9es dans le m\u00eame appartement\"><img decoding=\"async\" class=\"responsive c9\" src=\"https:\/\/www.reflexiondz.net\/photo\/art\/grande\/52315604-39925549.jpg?v=1607964133\" alt=\"DEPUIS 2016 A MASCARA : Des familles log\u00e9es dans le m\u00eame appartement\" title=\"DEPUIS 2016 A MASCARA : Des familles log\u00e9es dans le m\u00eame appartement\"\/><img decoding=\"async\" class=\"not-responsive\" src=\"https:\/\/www.reflexiondz.net\/photo\/art\/default\/52315604-39925549.jpg?v=1607964136\" alt=\"DEPUIS 2016 A MASCARA : Des familles log\u00e9es dans le m\u00eame appartement\" title=\"DEPUIS 2016 A MASCARA : Des familles log\u00e9es dans le m\u00eame appartement\"\/><\/a><\/div>\n<div class=\"texte access firstletter\">En effet,\u00a0 les membres de ces familles qui cohabitent, deux \u00e0 trois familles ensemble entass\u00e9es dans un m\u00eame appartement, ont d\u00e9clar\u00e9 avoir \u00e0 l&rsquo;\u00e9poque accept\u00e9 la d\u00e9cision de cohabitation, en attendant des jours meilleurs et\u00a0 leur s\u00e9paration, chacune dans un appartement, dans d&rsquo;autres op\u00e9rations de relogement. Mais, bien que quatre ann\u00e9es se soient \u00e9coul\u00e9es et que les autorit\u00e9s locales aient proc\u00e9d\u00e9 \u00e0 plusieurs autres op\u00e9rations de relogement, rien n\u2019a \u00e9t\u00e9 fait, et leur situation n&rsquo;a fait que perdurer, selon leurs dires. Les plaignants ont parl\u00e9 de leurs souffrances, vivant entass\u00e9s ainsi, entre familles,\u00a0 sans\u00a0 aucun lien de parent\u00e9, dans un seul appartement, qui ne peut d&rsquo;ailleurs m\u00eame pas contenir une seule famille si elle est nombreuse. Ils ajoutent qu&rsquo;ils n&rsquo;arrivent pas \u00e0 comprendre le silence des responsables locaux face \u00e0 ce probl\u00e8me qui aurait du ne pas \u00eatre, et qu&rsquo;ils n&rsquo;arrivent\u00a0 pas \u00e0 surmonter, allant jusqu&rsquo;\u00e0 envoyer leurs prog\u00e9nitures, en particulier les filles chez des parents.<\/div>\n<\/div>\n<p>Auteur: Sahraoui Lahcene<br \/>\n<a href=\"https:\/\/www.reflexiondz.net\/DEPUIS-2016-A-MASCARA-Des-familles-logees-dans-le-meme-appartement_a66700.html\">Cliquez ici pour lire l&rsquo;article depuis sa source.<\/a><\/p>\n","protected":false},"excerpt":{"rendered":"<p>En effet,\u00a0 les membres de ces familles qui cohabitent, deux \u00e0 trois familles ensemble entass\u00e9es dans un m\u00eame appartement, ont d\u00e9clar\u00e9 avoir \u00e0 l&rsquo;\u00e9poque accept\u00e9 la d\u00e9cision de cohabitation, en attendant des jours meilleurs et\u00a0 leur s\u00e9paration, chacune dans un appartement, dans d&rsquo;autres op\u00e9rations de relogement. Mais, bien que quatre ann\u00e9es se soient \u00e9coul\u00e9es et [&hellip;]<\/p>\n","protected":false},"author":1740,"featured_media":0,"comment_status":"closed","ping_status":"closed","sticky":false,"template":"","format":"standard","meta":{"fifu_image_url":"https:\/\/www.reflexiondz.net\/photo\/art\/grande\/52315604-39925549.jpg?v=1607964133","fifu_image_alt":"DEPUIS 2016 A MASCARA : Des familles log\u00e9es dans  le m\u00eame appartement","footnotes":""},"categories":[53,76],"tags":[],"class_list":["post-107146","post","type-post","status-publish","format-standard","hentry","category-algerie","category-regions"],"_links":{"self":[{"href":"https:\/\/linitiative.ca\/International\/wp-json\/wp\/v2\/posts\/107146","targetHints":{"allow":["GET"]}}],"collection":[{"href":"https:\/\/linitiative.ca\/International\/wp-json\/wp\/v2\/posts"}],"about":[{"href":"https:\/\/linitiative.ca\/International\/wp-json\/wp\/v2\/types\/post"}],"author":[{"embeddable":true,"href":"https:\/\/linitiative.ca\/International\/wp-json\/wp\/v2\/users\/1740"}],"replies":[{"embeddable":true,"href":"https:\/\/linitiative.ca\/International\/wp-json\/wp\/v2\/comments?post=107146"}],"version-history":[{"count":0,"href":"https:\/\/linitiative.ca\/International\/wp-json\/wp\/v2\/posts\/107146\/revisions"}],"wp:attachment":[{"href":"https:\/\/linitiative.ca\/International\/wp-json\/wp\/v2\/media?parent=107146"}],"wp:term":[{"taxonomy":"category","embeddable":true,"href":"https:\/\/linitiative.ca\/International\/wp-json\/wp\/v2\/categories?post=107146"},{"taxonomy":"post_tag","embeddable":true,"href":"https:\/\/linitiative.ca\/International\/wp-json\/wp\/v2\/tags?post=107146"}],"curies":[{"name":"wp","href":"https:\/\/api.w.org\/{rel}","templated":true}]}}