{"id":107153,"date":"2020-12-14T15:50:00","date_gmt":"2020-12-14T20:50:00","guid":{"rendered":"https:\/\/linitiative.ca\/International\/les-clarifications-que-leurope-souhaite-recevoir-de-la-tunisie\/"},"modified":"2020-12-14T15:50:00","modified_gmt":"2020-12-14T20:50:00","slug":"les-clarifications-que-leurope-souhaite-recevoir-de-la-tunisie","status":"publish","type":"post","link":"https:\/\/linitiative.ca\/International\/les-clarifications-que-leurope-souhaite-recevoir-de-la-tunisie\/","title":{"rendered":"Les clarifications que l\u2019Europe souhaite recevoir de la Tunisie"},"content":{"rendered":"<p>\u00ab\u00a0Nous attendons de la Tunisie qu\u2019elle nous explique sa vision et nous indique ce qu\u2019elle attend, concr\u00e8tement, de nous.\u00a0\u00bb En une seule phrase r\u00e9sume un diplomate europ\u00e9en \u00e0 Tunis l\u2019attente commune exprim\u00e9e par les 27 pays membres de l\u2019Union europ\u00e9enne et la Commission. \u00ab\u00a0Nous sommes attach\u00e9s \u00e0 la prosp\u00e9rit\u00e9 de la Tunisie, et nous engageons nos entreprises \u00e0 y investir, poursuit-il, mais nous cherchons \u00e0 comprendre la trajectoire g\u00e9n\u00e9rale et aussi nous assurer des protections et garanties n\u00e9cessaires \u00e0 nos entreprises.\u00a0\u00bb<\/p>\n<p><span class=\"c2\"><strong>Le d\u00e9jeuner-d\u00e9bat offert jeudi dernier par le chef du gouvernement, Hichem Mechichi, aux ambassadeurs europ\u00e9ens a \u00e9t\u00e9 hautement appr\u00e9ci\u00e9.<\/strong><\/span> C\u2019est le premier du genre depuis de longues ann\u00e9es, en format 27+Union europ\u00e9enne. Les pr\u00e9d\u00e9cesseurs de Mechichi \u00e0 la Kasbah, Youssef Chahed et l\u2019\u00e9ph\u00e9m\u00e8re Ely\u00e8s Fakhfakh avaient r\u00e9unis les ambassadeurs du G7 et du G7+, mais jamais ensemble les Europ\u00e9ens. D\u2019o\u00f9 l\u2019importance du dialogue r\u00e9cemment amorc\u00e9. Sur la m\u00eame lanc\u00e9e, Mechichi recevra bient\u00f4t \u00e0 d\u00e9jeuner les ambassadeurs des pays du G7, apprend Leaders.<\/p>\n<p><span class=\"c2\"><strong>La trajectoire que les diplomates europ\u00e9ens cherchent \u00e0 explorer, porte sur l\u2019imm\u00e9diat, comme le moyen terme.<\/strong><\/span> L\u2019Europe s\u2019interroge sur les relations de la Tunisie avec le FMI. Le dialogue sera-t-il bient\u00f4t repris\u00a0? Dans quelles conditions et sous quelles formes\u00a0? Tunis a bien pr\u00e9cis\u00e9 qu\u2019en fait ce dialogue a marqu\u00e9 une pause, non du fait du gouvernement, et que tout r\u00e9cemment une mission du Fond vient de se rendre en Tunisie. Sans ajouter plus de d\u00e9tails. La visite de Mechichi, cette semaine, \u00e0 Paris et Rome, aborde sans doute cette question. Dans une interview \u00e0 France 24, il a confirm\u00e9 la reprise des discussions avec le FMI.<\/p>\n<p><span class=\"c2\"><strong>La vision globale de la Tunisie qui int\u00e9resse l\u2019Europe concerne le commerce, l\u2019Aleca, mais aussi les droits de l\u2019homme et de la femme, l\u2019ancrage de la d\u00e9mocratie et de l\u2019\u00c9tat s\u00e9culier\u2026<\/strong><\/span> Le g\u00e9ostrat\u00e9gique est port\u00e9 par la relation avec l\u2019Europe, quitte \u00e0 forger un nouveau cadre plus performant et mieux appropri\u00e9 au contexte post-Covid-19. L\u2019\u00e9conomique concerne le d\u00e9blocage des projets adopt\u00e9s, une meilleure consommation des financements consentis, le r\u00e8glement des impay\u00e9s aupr\u00e8s de fournisseurs et la lev\u00e9e des barri\u00e8res qui entravent l\u2019entr\u00e9e en Tunisie de nombreux produits. L\u2019avanc\u00e9e de la Tunisie en mati\u00e8re de droits et libert\u00e9s et l\u2019ancrage de la d\u00e9mocratie int\u00e9resse de pr\u00e8s l\u2019Europe.<\/p>\n<p><span class=\"c2\"><strong>Du c\u00f4t\u00e9 tunisien, on insiste sur l\u2019engagement europ\u00e9en d\u00e9termin\u00e9 de la Tunisie<\/strong><\/span> qui s\u2019emploie \u00e0 l\u2019adosser \u00e0 une doxa innovante et lui donner de nouvelles dimensions. Le registre des discussions s\u2019\u00e9tend, outre un soutien politique et \u00e9conomique massif, \u00e0 la science et technologie, l\u2019\u00e9ducation, la formation des qualifications professionnelles, la culture, la migration circulaire et l\u2019action sociale et environnementale. Du quantitatifs en financements et du qualitatif en programmes imm\u00e9diats et d\u2019avenir.<\/p>\n<p>Apr\u00e8s Paris et Rome, cette semaine, une visite \u00e0 Bruxelles, d\u00e9but de l&rsquo;ann\u00e9e prochaine, figure sans doute sur l&rsquo;agenda du chef du gouvernement, Hichem Mechichi. Dialoguer, clarifier en profondeur et \u00e9clairer les partenaires occidentaux quant au projet d\u2019ensemble dissipera tant de zones d\u2019ombre et intensifieront la coop\u00e9ration bilat\u00e9rale et multilat\u00e9rale. La Tunisie y gagne. Ses partenaires aussi.<br \/>\u00a0<\/p>\n<p>Auteur:<br \/>\n<a href=\"https:\/\/www.leaders.com.tn\/article\/31097-les-clarifications-que-l-europe-souhaite-recevoir-de-la-tunisie\">Cliquez ici pour lire l&rsquo;article depuis sa source.<\/a><\/p>\n","protected":false},"excerpt":{"rendered":"<p>\u00ab\u00a0Nous attendons de la Tunisie qu\u2019elle nous explique sa vision et nous indique ce qu\u2019elle attend, concr\u00e8tement, de nous.\u00a0\u00bb En une seule phrase r\u00e9sume un diplomate europ\u00e9en \u00e0 Tunis l\u2019attente commune exprim\u00e9e par les 27 pays membres de l\u2019Union europ\u00e9enne et la Commission. \u00ab\u00a0Nous sommes attach\u00e9s \u00e0 la prosp\u00e9rit\u00e9 de la Tunisie, et nous engageons [&hellip;]<\/p>\n","protected":false},"author":1772,"featured_media":0,"comment_status":"closed","ping_status":"closed","sticky":false,"template":"","format":"standard","meta":{"fifu_image_url":"","fifu_image_alt":"","footnotes":""},"categories":[73,55],"tags":[],"class_list":["post-107153","post","type-post","status-publish","format-standard","hentry","category-actualite","category-tunisie"],"_links":{"self":[{"href":"https:\/\/linitiative.ca\/International\/wp-json\/wp\/v2\/posts\/107153","targetHints":{"allow":["GET"]}}],"collection":[{"href":"https:\/\/linitiative.ca\/International\/wp-json\/wp\/v2\/posts"}],"about":[{"href":"https:\/\/linitiative.ca\/International\/wp-json\/wp\/v2\/types\/post"}],"author":[{"embeddable":true,"href":"https:\/\/linitiative.ca\/International\/wp-json\/wp\/v2\/users\/1772"}],"replies":[{"embeddable":true,"href":"https:\/\/linitiative.ca\/International\/wp-json\/wp\/v2\/comments?post=107153"}],"version-history":[{"count":0,"href":"https:\/\/linitiative.ca\/International\/wp-json\/wp\/v2\/posts\/107153\/revisions"}],"wp:attachment":[{"href":"https:\/\/linitiative.ca\/International\/wp-json\/wp\/v2\/media?parent=107153"}],"wp:term":[{"taxonomy":"category","embeddable":true,"href":"https:\/\/linitiative.ca\/International\/wp-json\/wp\/v2\/categories?post=107153"},{"taxonomy":"post_tag","embeddable":true,"href":"https:\/\/linitiative.ca\/International\/wp-json\/wp\/v2\/tags?post=107153"}],"curies":[{"name":"wp","href":"https:\/\/api.w.org\/{rel}","templated":true}]}}