{"id":107154,"date":"2020-12-14T16:18:00","date_gmt":"2020-12-14T21:18:00","guid":{"rendered":"https:\/\/linitiative.ca\/International\/mohamed-ennaceur-appelle-a-un-dialogue-national-urgent-afin-de-restaurer-la-confiance-et-construire-lavenir-commun\/"},"modified":"2020-12-14T16:18:00","modified_gmt":"2020-12-14T21:18:00","slug":"mohamed-ennaceur-appelle-a-un-dialogue-national-urgent-afin-de-restaurer-la-confiance-et-construire-lavenir-commun","status":"publish","type":"post","link":"https:\/\/linitiative.ca\/International\/mohamed-ennaceur-appelle-a-un-dialogue-national-urgent-afin-de-restaurer-la-confiance-et-construire-lavenir-commun\/","title":{"rendered":"Mohamed Ennaceur appelle \u00e0 un dialogue national urgent afin de restaurer la confiance et construire l\u2019avenir commun"},"content":{"rendered":"<p>Alarm\u00e9 par la d\u00e9gradation de la situation g\u00e9n\u00e9rale en Tunisie, avec d\u2019un c\u00f4t\u00e9, un sentiment profond de pr\u00e9carit\u00e9 et d\u2019exclusion et, de l\u2019autre, la mont\u00e9e des contestations et des revendications r\u00e9gionales et cat\u00e9gorielles, l\u2019ancien pr\u00e9sident de la R\u00e9publique par int\u00e9rim, Mohamed Ennaceur lance un appel urgent aux Tunisiens en vue d\u2019endiguer ces graves dangers. Il y invite les partis politiques, les organisations nationales et la soci\u00e9t\u00e9 civile \u00e0 engager d\u2019urgence \u00ab\u00a0un dialogue national serein et apais\u00e9\u00a0\u00bb pour s\u2019opposer au d\u00e9mant\u00e8lement de la soci\u00e9t\u00e9 et d\u00e9fendre l\u2019unicit\u00e9 de l\u2019\u00c9tat et sa p\u00e9rennit\u00e9. L\u2019objectif final \u00e9tant de restaurer la confiance et de paver la voie pour un avenir commun.<\/p>\n<p>L\u2019ancien pr\u00e9sident de l\u2019Assembl\u00e9e des Repr\u00e9sentants du Peuple (ARP) apporte son soutien \u00e0 l\u2019initiative lanc\u00e9e dans ce sens par l\u2019UGTT et \u00e0 toutes les d\u00e9marches convergentes qui refusent de se r\u00e9signer la fatalit\u00e9 de la dislocation de la soci\u00e9t\u00e9 tunisienne et visent \u00e0 pr\u00e9server sa s\u00e9curit\u00e9 et \u00e0 stabiliser le pays qui a vu se succ\u00e9der neuf gouvernements en dix ans.<\/p>\n<p>Le pr\u00e9sident Ennaceur a r\u00e9it\u00e9r\u00e9 \u00e0 cette occasion la n\u00e9cessit\u00e9 d\u2019une refonte du contrat social entre l\u2019\u00c9tat et les citoyens, sur la base des valeurs de la Constitution et de ses principes. Il s\u2019agit pour lui de fonder ce socle commun sur la citoyennet\u00e9, le caract\u00e8re civil de l\u2019\u00c9tat, la supr\u00e9matie de la loi et la souverainet\u00e9 du peuple.<\/p>\n<h2>Appel<\/h2>\n<p>La Tunisie accomplit sa premi\u00e8re d\u00e9cennie apr\u00e8s la r\u00e9volution par la r\u00e9alisation d\u2019acquis pr\u00e9cieux consacrant l\u2019ancrage des libert\u00e9s et des droits de l\u2019homme et \u00e9difiant le choix d\u00e9mocratique.<\/p>\n<p>Mais \u00e0 c\u00f4t\u00e9 de ses acquis, cette d\u00e9cennie a \u00e9t\u00e9 marqu\u00e9e par l\u2019instabilit\u00e9, la d\u00e9t\u00e9rioration in\u00e9dite de la situation \u00e9conomique, avec une r\u00e9duction du taux de croissance et du volume des investissements, la hausse alarmante de l\u2019endettement, l\u2019accroissement de la pauvret\u00e9 et du ch\u00f4mage, notamment parmi les jeunes. Un sentiment d\u2019exclusion pr\u00e9vaut, par ailleurs, aupr\u00e8s de cat\u00e9gories et de r\u00e9gions ce qui a conduit \u00e0 l\u2019explosion des contestations et des sit-in dans diverses r\u00e9gions de la R\u00e9publique et, partant, \u00e0 l\u2019arr\u00eat de la production dans les mines, les champs p\u00e9troliers et les services publics, en d\u00e9fi criard \u00e0 l\u2019autorit\u00e9 de l\u2019\u00c9tat et \u00e0 sa capacit\u00e9 \u00e0 faire pr\u00e9valoir la loi.<\/p>\n<p>Cette situation pr\u00e9occupante a d\u00e9velopp\u00e9 une inqui\u00e9tude profonde et des tensions aupr\u00e8s des Tunisiens, faute d\u2019une vision claire et d\u2019une strat\u00e9gie efficace pour faire face \u00e0 des d\u00e9fis urgents et construire l\u2019avenir commun. A cela s\u2019ajoute, l\u2019absence de la coh\u00e9sion indispensable entre les institutions de l\u2019\u00c9tat ainsi que l\u2019instabilit\u00e9 politique. Pas moins de neuf gouvernements se sont succ\u00e9d\u00e9s au pouvoir au cours de cette d\u00e9cennie.<\/p>\n<p>Ce climat d\u00e9l\u00e9t\u00e8re est en plus ob\u00e9r\u00e9 par les suites de la pand\u00e9mie du Covid-19, qui ont largement contribu\u00e9 \u00e0 attiser les tensions, surtout avec l\u2019augmentation du ch\u00f4mage, de la pr\u00e9carit\u00e9 et de l\u2019exclusion, ainsi que la chute de la production et de l\u2019exportation<\/p>\n<p>Face \u00e0 cette situation qui se d\u00e9grade sans cesse, il devient urgent de rechercher des solutions efficaces pour sortir de cette crise, profonde et multiple, ouvrir un dialogue national serein et apais\u00e9 auquel prendront part les repr\u00e9sentants des partis politiques, des organisations nationales et de la soci\u00e9t\u00e9 civile. Ce dialogue doit incarner le sentiment partag\u00e9 par tous les Tunisiens de l\u2019imp\u00e9ratif de faire face ensemble et avec d\u00e9termination aux risques croissants des revendications r\u00e9gionales et cat\u00e9gorielles, au d\u00e9triment de la coh\u00e9sion nationale, de l\u2019unicit\u00e9 de l\u2019\u00c9tat et de sa p\u00e9rennit\u00e9.<\/p>\n<p>Cette situation a incit\u00e9 un groupe de personnalit\u00e9s nationales et de composantes de la soci\u00e9t\u00e9 civile \u00e0 exprimer leur refus de se r\u00e9signer \u00e0 cette fatalit\u00e9. Elles ont appel\u00e9 \u00e0 un dialogue national \u00e0 m\u00eame de s\u2019opposer au d\u00e9mant\u00e8lement de la soci\u00e9t\u00e9, la pr\u00e9munir des menaces \u00e0 sa s\u00e9curit\u00e9, et \u0153uvrer pour la stabilit\u00e9 politique.<\/p>\n<p>Parmi ces initiatives a \u00e9merg\u00e9 celle de l\u2019UGTT, adress\u00e9e au pr\u00e9sident de la R\u00e9publique l\u2019invitant \u00e0 parrainer un dialogue national serein pour faire face \u00e0 cette situation \u00e9touffante et consolider la solidarit\u00e9 nationale.<\/p>\n<p>Je tiens \u00e0 saluer cette initiative valeureuse \u00e9manant de l\u2019UGTT et \u00e0 exprimer mon soutien \u00e0 toutes les d\u00e9marches similaires visant \u00e0 faire \u00e9viter au pays davantage de divisions et d\u2019\u00e9clatements. J\u2019attache une importance toute particuli\u00e8re \u00e0 l\u2019organisation et au d\u00e9marrage de ce dialogue. Depuis, 2011, j\u2019avais appel\u00e9 \u00e0 son institutionnalisation, en raison du changement historique que vit la Tunisie \u00e0 partir du d\u00e9clenchement de la r\u00e9volution et qui exige la refonte du contrat social entre l\u2019\u00c9tat et les Citoyens, sur la base des valeurs de la Constitution et de ses principes, fond\u00e9s sur la citoyennet\u00e9, le caract\u00e8re civil de l\u2019\u00c9tat, la supr\u00e9matie de la loi et la souverainet\u00e9 du peuple.<\/p>\n<p><strong>Mohamed Ennaceur<\/strong><br \/>\u00a0<\/p>\n<p>Auteur:<br \/>\n<a href=\"https:\/\/www.leaders.com.tn\/article\/31096-mohamed-ennaceur-appelle-a-un-dialogue-national-urgent-afin-de-restaurer-la-confiance-et-construire-l-avenir-commun\">Cliquez ici pour lire l&rsquo;article depuis sa source.<\/a><\/p>\n","protected":false},"excerpt":{"rendered":"<p>Alarm\u00e9 par la d\u00e9gradation de la situation g\u00e9n\u00e9rale en Tunisie, avec d\u2019un c\u00f4t\u00e9, un sentiment profond de pr\u00e9carit\u00e9 et d\u2019exclusion et, de l\u2019autre, la mont\u00e9e des contestations et des revendications r\u00e9gionales et cat\u00e9gorielles, l\u2019ancien pr\u00e9sident de la R\u00e9publique par int\u00e9rim, Mohamed Ennaceur lance un appel urgent aux Tunisiens en vue d\u2019endiguer ces graves dangers. Il [&hellip;]<\/p>\n","protected":false},"author":1772,"featured_media":0,"comment_status":"closed","ping_status":"closed","sticky":false,"template":"","format":"standard","meta":{"fifu_image_url":"","fifu_image_alt":"","footnotes":""},"categories":[73,55],"tags":[],"class_list":["post-107154","post","type-post","status-publish","format-standard","hentry","category-actualite","category-tunisie"],"_links":{"self":[{"href":"https:\/\/linitiative.ca\/International\/wp-json\/wp\/v2\/posts\/107154","targetHints":{"allow":["GET"]}}],"collection":[{"href":"https:\/\/linitiative.ca\/International\/wp-json\/wp\/v2\/posts"}],"about":[{"href":"https:\/\/linitiative.ca\/International\/wp-json\/wp\/v2\/types\/post"}],"author":[{"embeddable":true,"href":"https:\/\/linitiative.ca\/International\/wp-json\/wp\/v2\/users\/1772"}],"replies":[{"embeddable":true,"href":"https:\/\/linitiative.ca\/International\/wp-json\/wp\/v2\/comments?post=107154"}],"version-history":[{"count":0,"href":"https:\/\/linitiative.ca\/International\/wp-json\/wp\/v2\/posts\/107154\/revisions"}],"wp:attachment":[{"href":"https:\/\/linitiative.ca\/International\/wp-json\/wp\/v2\/media?parent=107154"}],"wp:term":[{"taxonomy":"category","embeddable":true,"href":"https:\/\/linitiative.ca\/International\/wp-json\/wp\/v2\/categories?post=107154"},{"taxonomy":"post_tag","embeddable":true,"href":"https:\/\/linitiative.ca\/International\/wp-json\/wp\/v2\/tags?post=107154"}],"curies":[{"name":"wp","href":"https:\/\/api.w.org\/{rel}","templated":true}]}}