{"id":107158,"date":"2020-12-14T05:00:00","date_gmt":"2020-12-14T10:00:00","guid":{"rendered":"https:\/\/linitiative.ca\/International\/aymen-meziane-decede-dun-avc\/"},"modified":"2020-12-14T05:00:00","modified_gmt":"2020-12-14T10:00:00","slug":"aymen-meziane-decede-dun-avc","status":"publish","type":"post","link":"https:\/\/linitiative.ca\/International\/aymen-meziane-decede-dun-avc\/","title":{"rendered":"Aymen Meziane d\u00e9c\u00e8de d\u2019un AVC"},"content":{"rendered":"<p>Le footballeur alg\u00e9rien Aymen Meziane est d\u00e9c\u00e9d\u00e9 samedi soir \u00e0 l\u2019\u00e2ge de 25 ans, quelques jours apr\u00e8s avoir \u00e9t\u00e9 victime d\u2019un accident vasculaire c\u00e9r\u00e9bral (AVC), a-t-on appris aupr\u00e8s de son club formateur, le SA Mohammadia (Division nationale amateur). Le d\u00e9funt a subi une op\u00e9ration chirurgicale au niveau du Centre hospitalier universitaire (CHU) d\u2019Oran, o\u00f9 il \u00e9tait admis juste apr\u00e8s son AVC, mais sans parvenir \u00e0 reprendre ses esprits, a indiqu\u00e9 la m\u00eame source, informant qu\u2019il a \u00e9t\u00e9 inhum\u00e9 hier apr\u00e8s la pri\u00e8re du \u00abDohr\u00bb au cimeti\u00e8re Sidi-Abdelkader de Mohammadia (wilaya de Mascara). Ayant fait ses premi\u00e8res classes au SAM, le joueur a port\u00e9 les couleurs de l\u2019\u00e9quipe premi\u00e8re de son club formateur durant cinq ans, avant de rejoindre le CRB Ben Badis (DNA), o\u00f9 il est rest\u00e9 deux saisons. Son dernier club \u00e9tant le CAS Abdelmoumen (Interr\u00e9gions) qu\u2019il a rejoint lors de la deuxi\u00e8me phase de la saison pass\u00e9e.<\/p>\n<p>Auteur:<br \/>\n<a href=\"https:\/\/www.lesoirdalgerie.com\/sports\/aymen-meziane-decede-dun-avc-53001\">Cliquez ici pour lire l&rsquo;article depuis sa source.<\/a><\/p>\n","protected":false},"excerpt":{"rendered":"<p>Le footballeur alg\u00e9rien Aymen Meziane est d\u00e9c\u00e9d\u00e9 samedi soir \u00e0 l\u2019\u00e2ge de 25 ans, quelques jours apr\u00e8s avoir \u00e9t\u00e9 victime d\u2019un accident vasculaire c\u00e9r\u00e9bral (AVC), a-t-on appris aupr\u00e8s de son club formateur, le SA Mohammadia (Division nationale amateur). Le d\u00e9funt a subi une op\u00e9ration chirurgicale au niveau du Centre hospitalier universitaire (CHU) d\u2019Oran, o\u00f9 il [&hellip;]<\/p>\n","protected":false},"author":1741,"featured_media":0,"comment_status":"closed","ping_status":"closed","sticky":false,"template":"","format":"standard","meta":{"fifu_image_url":"","fifu_image_alt":"","footnotes":""},"categories":[73,53],"tags":[],"class_list":["post-107158","post","type-post","status-publish","format-standard","hentry","category-actualite","category-algerie"],"_links":{"self":[{"href":"https:\/\/linitiative.ca\/International\/wp-json\/wp\/v2\/posts\/107158","targetHints":{"allow":["GET"]}}],"collection":[{"href":"https:\/\/linitiative.ca\/International\/wp-json\/wp\/v2\/posts"}],"about":[{"href":"https:\/\/linitiative.ca\/International\/wp-json\/wp\/v2\/types\/post"}],"author":[{"embeddable":true,"href":"https:\/\/linitiative.ca\/International\/wp-json\/wp\/v2\/users\/1741"}],"replies":[{"embeddable":true,"href":"https:\/\/linitiative.ca\/International\/wp-json\/wp\/v2\/comments?post=107158"}],"version-history":[{"count":0,"href":"https:\/\/linitiative.ca\/International\/wp-json\/wp\/v2\/posts\/107158\/revisions"}],"wp:attachment":[{"href":"https:\/\/linitiative.ca\/International\/wp-json\/wp\/v2\/media?parent=107158"}],"wp:term":[{"taxonomy":"category","embeddable":true,"href":"https:\/\/linitiative.ca\/International\/wp-json\/wp\/v2\/categories?post=107158"},{"taxonomy":"post_tag","embeddable":true,"href":"https:\/\/linitiative.ca\/International\/wp-json\/wp\/v2\/tags?post=107158"}],"curies":[{"name":"wp","href":"https:\/\/api.w.org\/{rel}","templated":true}]}}