{"id":107161,"date":"2020-12-14T10:28:08","date_gmt":"2020-12-14T15:28:08","guid":{"rendered":"https:\/\/linitiative.ca\/International\/vrai-ou-fake-sur-le-covid-19-au-maroc-lundi-14-decembre\/"},"modified":"2020-12-14T10:28:08","modified_gmt":"2020-12-14T15:28:08","slug":"vrai-ou-fake-sur-le-covid-19-au-maroc-lundi-14-decembre","status":"publish","type":"post","link":"https:\/\/linitiative.ca\/International\/vrai-ou-fake-sur-le-covid-19-au-maroc-lundi-14-decembre\/","title":{"rendered":"Vrai ou Fake sur le Covid-19 au Maroc, lundi 14 d\u00e9cembre"},"content":{"rendered":"<p><strong>Le coronavirus, qui a contamin\u00e9 plus de 72 millions de personnes dans le monde, est \u00e0 l\u2019origine d\u2019un flot de Fake news relay\u00e9es par des sites d\u2019information et sur les r\u00e9seaux sociaux.<\/strong><\/p>\n<div class=\"c10\"\/>\n<p>\u2013 Le d\u00e9put\u00e9 libyen Omar Garmil est mort dimanche des suites du Covid-19 au Maroc. <strong>VRAI<\/strong><\/p>\n<p>\u2013 Des chercheurs marocains ont d\u00e9couvert des traces du coronavirus dans l\u2019eau du robinet, estimant \u00eatre un vecteur de transfert du virus au Royaume. <strong>FAKE<\/strong><\/p>\n<p><strong>Lire aussi |\u00a0<a href=\"https:\/\/www.challenge.ma\/abdeslam-ahizoune-meilleur-president-executif-arabe-dans-le-secteur-des-telecoms-168622\/\">Abdeslam Ahizoune, \u00ab Meilleur Pr\u00e9sident ex\u00e9cutif arabe dans le secteur des t\u00e9l\u00e9coms \u00bb<\/a><\/strong><\/p>\n<p>\u2013 La pand\u00e9mie du coronavirus a fait 1.614.510 morts dans le monde depuis son apparition. <strong>VRAI<\/strong><\/p>\n<p>\u2013 Une dizaine de salari\u00e9s de Marjane Hay Riad \u00e0 Rabat ont \u00e9t\u00e9 d\u00e9clar\u00e9s positifs au coronavirus. <strong>FAKE<\/strong><\/p>\n<p><strong>Lire aussi |<\/strong><a href=\"https:\/\/www.challenge.ma\/industrie-lamericain-adient-poursuit-sa-politique-dinvestissement-dans-le-royaume-168668\/\"><strong>Industrie : l\u2019Am\u00e9ricain Adient poursuit sa politique d\u2019investissement dans le Royaume<\/strong><\/a><\/p>\n<p>\u2013 Le masque facial contribue \u00e0 r\u00e9duire la gravit\u00e9 du coronavirus. <strong>VRAI<\/strong><\/p>\n<p>\u2013 Les tests Covid-19 sont d\u00e9sormais remboursables par la CNSS. <strong>FAKE<\/strong><\/p>\n<p>Auteur: Hajar DARI<br \/>\n<a href=\"https:\/\/www.challenge.ma\/vrai-ou-fake-sur-le-covid-19-au-maroc-lundi-14-decembre-168772\/\">Cliquez ici pour lire l&rsquo;article depuis sa source.<\/a><\/p>\n","protected":false},"excerpt":{"rendered":"<p>Le coronavirus, qui a contamin\u00e9 plus de 72 millions de personnes dans le monde, est \u00e0 l\u2019origine d\u2019un flot de Fake news relay\u00e9es par des sites d\u2019information et sur les r\u00e9seaux sociaux. \u2013 Le d\u00e9put\u00e9 libyen Omar Garmil est mort dimanche des suites du Covid-19 au Maroc. VRAI \u2013 Des chercheurs marocains ont d\u00e9couvert des [&hellip;]<\/p>\n","protected":false},"author":1787,"featured_media":0,"comment_status":"closed","ping_status":"closed","sticky":false,"template":"","format":"standard","meta":{"fifu_image_url":"","fifu_image_alt":"","footnotes":""},"categories":[78,54],"tags":[],"class_list":["post-107161","post","type-post","status-publish","format-standard","hentry","category-economie","category-maroc"],"_links":{"self":[{"href":"https:\/\/linitiative.ca\/International\/wp-json\/wp\/v2\/posts\/107161","targetHints":{"allow":["GET"]}}],"collection":[{"href":"https:\/\/linitiative.ca\/International\/wp-json\/wp\/v2\/posts"}],"about":[{"href":"https:\/\/linitiative.ca\/International\/wp-json\/wp\/v2\/types\/post"}],"author":[{"embeddable":true,"href":"https:\/\/linitiative.ca\/International\/wp-json\/wp\/v2\/users\/1787"}],"replies":[{"embeddable":true,"href":"https:\/\/linitiative.ca\/International\/wp-json\/wp\/v2\/comments?post=107161"}],"version-history":[{"count":0,"href":"https:\/\/linitiative.ca\/International\/wp-json\/wp\/v2\/posts\/107161\/revisions"}],"wp:attachment":[{"href":"https:\/\/linitiative.ca\/International\/wp-json\/wp\/v2\/media?parent=107161"}],"wp:term":[{"taxonomy":"category","embeddable":true,"href":"https:\/\/linitiative.ca\/International\/wp-json\/wp\/v2\/categories?post=107161"},{"taxonomy":"post_tag","embeddable":true,"href":"https:\/\/linitiative.ca\/International\/wp-json\/wp\/v2\/tags?post=107161"}],"curies":[{"name":"wp","href":"https:\/\/api.w.org\/{rel}","templated":true}]}}