{"id":107162,"date":"2020-12-14T11:15:54","date_gmt":"2020-12-14T16:15:54","guid":{"rendered":"https:\/\/linitiative.ca\/International\/caf-tariq-sijilmassi-presente-le-rapport-de-sa-commission-au-comite-executif\/"},"modified":"2020-12-14T11:15:54","modified_gmt":"2020-12-14T16:15:54","slug":"caf-tariq-sijilmassi-presente-le-rapport-de-sa-commission-au-comite-executif","status":"publish","type":"post","link":"https:\/\/linitiative.ca\/International\/caf-tariq-sijilmassi-presente-le-rapport-de-sa-commission-au-comite-executif\/","title":{"rendered":"CAF : Tariq Sijilmassi pr\u00e9sente le rapport de sa commission au Comit\u00e9 ex\u00e9cutif"},"content":{"rendered":"<p><strong>Tr\u00e8s attendu, le rapport de la Commission d\u2019audit et de conformit\u00e9 de la CAF a \u00e9t\u00e9 pr\u00e9sent\u00e9 par son pr\u00e9sident Tariq Sijilmassi<\/strong>.<\/p>\n<div class=\"c10\"\/>\n<p>A l\u2019occasion de la derni\u00e8re r\u00e9union du Comit\u00e9 ex\u00e9cutif de la Conf\u00e9d\u00e9ration africaine de football, Tariq Sijilmassi a pr\u00e9sent\u00e9 le rapport d\u2019audit qui met en exergue les travaux de la commission ainsi que les recommandations relatives \u00e0 la bonne gouvernance et au respect de la conformit\u00e9.<\/p>\n<p>Lors de sa pr\u00e9sentation, Tariq Sijilmassi a soulign\u00e9 que la Commission a pris acte des comptes tels que certifi\u00e9s par les Commissaires aux Comptes. Il a \u00e9galement insist\u00e9 sur la n\u00e9cessit\u00e9 de prendre en consid\u00e9ration les recommandations \u00e9mises lors des diff\u00e9rents comit\u00e9s d\u2019audit tenus en 2019 et 2020, qui permettront de garantir les principes d\u2019une bonne gouvernance au sein de la CAF.<\/p>\n<p>Parmi les recommandations d\u00e9taill\u00e9es sur le rapport d\u2019audit, on retrouve la mise en place des proc\u00e9dures r\u00e9gissant l\u2019ensemble des activit\u00e9s de la CAF (proc\u00e9dures budg\u00e9taires, comptables, financi\u00e8res, d\u2019achats, de d\u00e9ontologie, etc.). Figurent \u00e9galement la cr\u00e9ation d\u2019une structure de contr\u00f4le interne, et l\u2019harmonisation de l\u2019arr\u00eat\u00e9 des \u00e9tats financiers aupr\u00e8s des\u00a0 f\u00e9d\u00e9rations membres en consid\u00e9rant le 30 Juin comme date de cl\u00f4ture de leur exercice comptable.<\/p>\n<p><strong>Lire aussi |<\/strong><a href=\"https:\/\/www.challenge.ma\/industrie-lamericain-adient-poursuit-sa-politique-dinvestissement-dans-le-royaume-168668\/\"><strong>Industrie : l\u2019Am\u00e9ricain Adient poursuit sa politique d\u2019investissement dans le Royaume<\/strong><\/a><\/p>\n<p>Lors de son intervention, le Pr\u00e9sident de la Commission d\u2019audit et de conformit\u00e9 de la CAF a not\u00e9 avec satisfaction l\u2019\u00e9volution globale des travaux au sein de la CAF ainsi que la r\u00e9alisation de certaines des recommandations pr\u00e9cit\u00e9es. Il a aussi incit\u00e9 la direction de l\u2019institution \u00e0 poursuivre ses efforts en vue de mettre en \u0153uvre\u00a0 les recommandations en cours, et ce, dans les meilleurs d\u00e9lais.<\/p>\n<p><img decoding=\"async\" loading=\"lazy\" width=\"385\" height=\"238\" src=\"https:\/\/www.challenge.ma\/wp-content\/uploads\/2020\/12\/sejilmassi.png\" alt=\"\" class=\"wp-image-168813\" srcset=\"https:\/\/www.challenge.ma\/wp-content\/uploads\/2020\/12\/sejilmassi.png 385w, https:\/\/www.challenge.ma\/wp-content\/uploads\/2020\/12\/sejilmassi-300x185.png 300w, https:\/\/www.challenge.ma\/wp-content\/uploads\/2020\/12\/sejilmassi-360x223.png 360w\" sizes=\"auto, (max-width: 385px) 100vw, 385px\"\/><\/p>\n<p>Tariq Sijilmassi a insist\u00e9 sur le r\u00f4le de la Commission dans le suivi et le contr\u00f4le du respect des principes de la bonne gouvernance et de la conformit\u00e9 au sein de la CAF. Enfin, il a pr\u00e9cis\u00e9 que la commission suivra en 2021 la r\u00e9alisation effective de ses recommandations.<\/p>\n<p><strong>Lire aussi |\u00a0<a href=\"https:\/\/www.challenge.ma\/abdeslam-ahizoune-meilleur-president-executif-arabe-dans-le-secteur-des-telecoms-168622\/\">Abdeslam Ahizoune, \u00ab Meilleur Pr\u00e9sident ex\u00e9cutif arabe dans le secteur des t\u00e9l\u00e9coms \u00bb<\/a><\/strong><\/p>\n<p>Auteur: Hajar DARI<br \/>\n<a href=\"https:\/\/www.challenge.ma\/caf-tariq-sijilmassi-presente-le-rapport-de-sa-commission-au-comite-executif-168804\/\">Cliquez ici pour lire l&rsquo;article depuis sa source.<\/a><\/p>\n","protected":false},"excerpt":{"rendered":"<p>Tr\u00e8s attendu, le rapport de la Commission d\u2019audit et de conformit\u00e9 de la CAF a \u00e9t\u00e9 pr\u00e9sent\u00e9 par son pr\u00e9sident Tariq Sijilmassi. A l\u2019occasion de la derni\u00e8re r\u00e9union du Comit\u00e9 ex\u00e9cutif de la Conf\u00e9d\u00e9ration africaine de football, Tariq Sijilmassi a pr\u00e9sent\u00e9 le rapport d\u2019audit qui met en exergue les travaux de la commission ainsi que [&hellip;]<\/p>\n","protected":false},"author":1787,"featured_media":0,"comment_status":"closed","ping_status":"closed","sticky":false,"template":"","format":"standard","meta":{"fifu_image_url":"https:\/\/www.challenge.ma\/wp-content\/uploads\/2020\/12\/sejilmassi.png","fifu_image_alt":"CAF : Tariq Sijilmassi pr\u00e9sente le rapport de sa commission au Comit\u00e9 ex\u00e9cutif","footnotes":""},"categories":[78,54],"tags":[],"class_list":["post-107162","post","type-post","status-publish","format-standard","hentry","category-economie","category-maroc"],"_links":{"self":[{"href":"https:\/\/linitiative.ca\/International\/wp-json\/wp\/v2\/posts\/107162","targetHints":{"allow":["GET"]}}],"collection":[{"href":"https:\/\/linitiative.ca\/International\/wp-json\/wp\/v2\/posts"}],"about":[{"href":"https:\/\/linitiative.ca\/International\/wp-json\/wp\/v2\/types\/post"}],"author":[{"embeddable":true,"href":"https:\/\/linitiative.ca\/International\/wp-json\/wp\/v2\/users\/1787"}],"replies":[{"embeddable":true,"href":"https:\/\/linitiative.ca\/International\/wp-json\/wp\/v2\/comments?post=107162"}],"version-history":[{"count":0,"href":"https:\/\/linitiative.ca\/International\/wp-json\/wp\/v2\/posts\/107162\/revisions"}],"wp:attachment":[{"href":"https:\/\/linitiative.ca\/International\/wp-json\/wp\/v2\/media?parent=107162"}],"wp:term":[{"taxonomy":"category","embeddable":true,"href":"https:\/\/linitiative.ca\/International\/wp-json\/wp\/v2\/categories?post=107162"},{"taxonomy":"post_tag","embeddable":true,"href":"https:\/\/linitiative.ca\/International\/wp-json\/wp\/v2\/tags?post=107162"}],"curies":[{"name":"wp","href":"https:\/\/api.w.org\/{rel}","templated":true}]}}