{"id":107164,"date":"2020-12-14T16:48:12","date_gmt":"2020-12-14T21:48:12","guid":{"rendered":"https:\/\/linitiative.ca\/International\/tunisie-mechichi-a-paris-cetait-une-simple-visite-de-travail\/"},"modified":"2020-12-14T16:48:12","modified_gmt":"2020-12-14T21:48:12","slug":"tunisie-mechichi-a-paris-cetait-une-simple-visite-de-travail","status":"publish","type":"post","link":"https:\/\/linitiative.ca\/International\/tunisie-mechichi-a-paris-cetait-une-simple-visite-de-travail\/","title":{"rendered":"Tunisie \u2013 Mechichi \u00e0 Paris\u00a0: C\u2019\u00e9tait une \u201csimple visite\u201d de travail"},"content":{"rendered":"<div class=\"post-cont-in left relative\">\n<div id=\"post-info-wrap\" class=\"left relative post-info-out\">\n<div class=\"post-info-img left relative\"><img loading=\"lazy\" decoding=\"async\" alt=\"\" src=\"https:\/\/secure.gravatar.com\/avatar\/047123be9d5e8513774383916ee72db2?s=50&amp;d=mm&amp;r=g\" srcset=\"https:\/\/secure.gravatar.com\/avatar\/047123be9d5e8513774383916ee72db2?s=100&amp;d=mm&amp;r=g 2x\" class=\"avatar avatar-50 photo\" height=\"50\" width=\"50\"\/><\/div>\n<div class=\"post-info-in\">\n<div class=\"post-info-right left relative post-info-name left relative\"><span><span class=\"post-info-text\">Par<\/span> <span class=\"author-name vcard fn author\"><a href=\"https:\/\/www.tunisienumerique.com\/author\/lm\/\" title=\"Articles par LM\" rel=\"author\">LM<\/a><\/span><\/span> <span class=\"post-date updated\"><time class=\"post-date updated\" datetime=\"2020-12-14\">\u00a0| Il y a 34 minutes<\/time><\/span><\/div>\n<div class=\"left relative\"><button id=\"listenButton1\" class=\"responsivevoice-button\" type=\"button\" value=\"Play\" title=\"&#xC9;coutez l'article\"><span>\ud83d\udd0a \u00c9coutez l&rsquo;article<\/span><\/button> <\/div>\n<\/div>\n<\/div>\n<p>Plusieurs observateurs ont tiqu\u00e9 sur l\u2019absence du c\u00f4t\u00e9 officiel fran\u00e7ais dans la plus grande partie du programme du chef du gouvernement tunisien \u00e0 Paris. Entre autres, on a d\u00e9plor\u00e9 <strong>l\u2019absence de toute personnalit\u00e9 officielle pour l\u2019accueillir \u00e0 son arriv\u00e9e \u00e0 l\u2019a\u00e9roport<\/strong>, de m\u00eame que le fait qu\u2019il ait <strong>r\u00e9sid\u00e9 dans la r\u00e9sidence de l\u2019ambassade et non pas invit\u00e9 dans un h\u00f4tel<\/strong> et qu\u2019il se soit d\u00e9plac\u00e9 pour rencontrer son homologue fran\u00e7ais <strong>\u00e0 bord de la voiture de l\u2019ambassade tunisienne, et non pas avec une voiture officielle<\/strong> du gouvernement fran\u00e7ais.<\/p>\n<div class=\"code-block code-block-1 c4\"><ins class=\"adsbygoogle c3\" data-ad-layout=\"in-article\" data-ad-format=\"fluid\" data-ad-client=\"ca-pub-2102118777505746\" data-ad-slot=\"7301775417\"\/> <\/div>\n<p>La rencontre entre le Chef de gouvernement tunisien avec son homologue fran\u00e7ais n\u2019a pas d\u00e9pass\u00e9 les 30 minutes.<\/p>\n<p>Mais l\u2019explication de tout \u00e7\u00e0 est venue des coulisses de la visite, qui ont assur\u00e9 qu\u2019il s\u2019agissait, tout simplement, d\u2019une visite de travail de Mechichi \u00e0 Paris.<\/p>\n<p><strong>Les trois questions qui restent sans r\u00e9ponse<\/strong> :<\/p>\n<p>1- Quel programme a-t-on r\u00e9serv\u00e9 aux hommes d\u2019affaires qui ont accompagn\u00e9 le pr\u00e9sident du gouvernement. Parce que si il y avait du B2B, ces rencontres devraient \u00eatre assur\u00e9es par les autorit\u00e9s d\u2019accueil (alors que Mechichi n\u2019 a m\u00eame pas \u00e9t\u00e9 accueilli).<\/p>\n<p>2- Si il s\u2019agissait d\u2019une \u201csimple visite\u201d de travail, pourquoi\u00a0 se faire <strong>accompagner d\u2019une si importante d\u00e9l\u00e9gation<\/strong> est compos\u00e9e de 40 personnes dont 3 ministres, un secr\u00e9taire d\u2019Etat, 4 conseillers et 9 hommes d\u2019affaires ?<\/p>\n<p>3- Et une \u201csimple visite\u201d ne doit durer 4 jours <strong>mais une visite \u00e9claire<\/strong>.<\/p>\n<div class=\"swp_social_panel swp_horizontal_panel swp_flat_fresh swp_default_full_color swp_individual_full_color swp_other_full_color scale-100 scale-\" data-min-width=\"1100\" data-float-color=\"#ffffff\" data-float=\"bottom\" data-float-mobile=\"bottom\" data-transition=\"slide\">\n<div class=\"nc_tweetContainer swp_share_button total_shares total_sharesalt\"><span class=\"swp_count\">1 <span class=\"swp_label\">Partages<\/span><\/span><\/div>\n<\/div>\n<p><strong>Que se passe-t-il en Tunisie?<\/strong><br \/>Nous expliquons sur notre <a href=\"https:\/\/www.youtube.com\/channel\/UCRzypVq0B_yBad5eGrwBx0Q?sub_confirmation=1\" target=\"_blank\" rel=\"noopener\">cha\u00eene YouTube<\/a> . <a href=\"https:\/\/www.youtube.com\/channel\/UCRzypVq0B_yBad5eGrwBx0Q?sub_confirmation=1\" target=\"_blank\" rel=\"noopener\">Abonnez-vous!<\/a><\/p>\n<div class=\"mvp-org-wrap mvp-org-logo\" itemprop=\"publisher\"><img decoding=\"async\" src=\"https:\/\/www.tunisienumerique.com\/wp-content\/uploads\/2017\/02\/logo_tunisie_numerique.png\"\/><\/div>\n<div class=\"mvp-related-posts left relative\">\n<h4 class=\"post-header\"><span class=\"post-header\">Lire aussi<\/span><\/h4>\n<\/div>\n<div id=\"article-ad\"><ins class=\"adsbygoogle c5\" data-ad-client=\"ca-pub-2102118777505746\" data-ad-slot=\"6513972734\" data-ad-format=\"auto\" data-full-width-responsive=\"true\"\/> <\/div>\n<\/div>\n<div id=\"post-sidebar-wrap\"><ins class=\"adsbygoogle c5\" data-ad-client=\"ca-pub-2102118777505746\" data-ad-slot=\"6168283410\" data-ad-format=\"auto\" data-full-width-responsive=\"true\"\/> <\/div>\n<p>Auteur: LM<br \/>\n<a href=\"https:\/\/www.tunisienumerique.com\/tunisie-mechichi-a-paris-cetait-une-simple-visite-de-travail\/\">Cliquez ici pour lire l&rsquo;article depuis sa source.<\/a><\/p>\n","protected":false},"excerpt":{"rendered":"<p>Par LM \u00a0| Il y a 34 minutes \ud83d\udd0a \u00c9coutez l&rsquo;article Plusieurs observateurs ont tiqu\u00e9 sur l\u2019absence du c\u00f4t\u00e9 officiel fran\u00e7ais dans la plus grande partie du programme du chef du gouvernement tunisien \u00e0 Paris. Entre autres, on a d\u00e9plor\u00e9 l\u2019absence de toute personnalit\u00e9 officielle pour l\u2019accueillir \u00e0 son arriv\u00e9e \u00e0 l\u2019a\u00e9roport, de m\u00eame que [&hellip;]<\/p>\n","protected":false},"author":1789,"featured_media":0,"comment_status":"closed","ping_status":"closed","sticky":false,"template":"","format":"standard","meta":{"fifu_image_url":"https:\/\/secure.gravatar.com\/avatar\/047123be9d5e8513774383916ee72db2?s=50&d=mm&r=g","fifu_image_alt":"Tunisie \u2013 Mechichi \u00e0 Paris\u00a0: C\u2019\u00e9tait une \u201csimple visite\u201d de travail","footnotes":""},"categories":[73,55],"tags":[],"class_list":["post-107164","post","type-post","status-publish","format-standard","hentry","category-actualite","category-tunisie"],"_links":{"self":[{"href":"https:\/\/linitiative.ca\/International\/wp-json\/wp\/v2\/posts\/107164","targetHints":{"allow":["GET"]}}],"collection":[{"href":"https:\/\/linitiative.ca\/International\/wp-json\/wp\/v2\/posts"}],"about":[{"href":"https:\/\/linitiative.ca\/International\/wp-json\/wp\/v2\/types\/post"}],"author":[{"embeddable":true,"href":"https:\/\/linitiative.ca\/International\/wp-json\/wp\/v2\/users\/1789"}],"replies":[{"embeddable":true,"href":"https:\/\/linitiative.ca\/International\/wp-json\/wp\/v2\/comments?post=107164"}],"version-history":[{"count":0,"href":"https:\/\/linitiative.ca\/International\/wp-json\/wp\/v2\/posts\/107164\/revisions"}],"wp:attachment":[{"href":"https:\/\/linitiative.ca\/International\/wp-json\/wp\/v2\/media?parent=107164"}],"wp:term":[{"taxonomy":"category","embeddable":true,"href":"https:\/\/linitiative.ca\/International\/wp-json\/wp\/v2\/categories?post=107164"},{"taxonomy":"post_tag","embeddable":true,"href":"https:\/\/linitiative.ca\/International\/wp-json\/wp\/v2\/tags?post=107164"}],"curies":[{"name":"wp","href":"https:\/\/api.w.org\/{rel}","templated":true}]}}