{"id":107166,"date":"2020-12-14T15:09:43","date_gmt":"2020-12-14T20:09:43","guid":{"rendered":"https:\/\/linitiative.ca\/International\/attaque-au-niger-et-rapt-de-lyceens-au-nigeria\/"},"modified":"2020-12-14T15:09:43","modified_gmt":"2020-12-14T20:09:43","slug":"attaque-au-niger-et-rapt-de-lyceens-au-nigeria","status":"publish","type":"post","link":"https:\/\/linitiative.ca\/International\/attaque-au-niger-et-rapt-de-lyceens-au-nigeria\/","title":{"rendered":"ATTAQUE AU NIGER ET RAPT DE LYCEENS AU NIGERIA"},"content":{"rendered":"<div class=\"stream-item stream-item-above-post-content\">\n<p><noscript><\/p>\n<p><a href=\"\/\/www3.smartadserver.com\/ac?jump=1&amp;nwid=2136&amp;siteid=240610&amp;pgname=rg&amp;fmtid=49046&amp;visit=m&amp;tmstp=[timestamp]&amp;out=nonrich\" target=\"_blank\" rel=\"noopener\"><img decoding=\"async\" src=\"http:\/\/www3.smartadserver.com\/ac?out=nonrich&amp;nwid=2136&amp;siteid=240610&amp;pgname=rg&amp;fmtid=49046&amp;visit=m&amp;tmstp=[timestamp]\" border=\"0\" alt=\"\"\/><\/a><\/p>\n<p><\/noscript><\/div>\n<p class=\"c3\"><em>Les \u00e9lections municipales et r\u00e9gionales nig\u00e9riennes ont \u00e9t\u00e9 ensanglant\u00e9es par l\u2019hydre terroriste qui a perp\u00e9tr\u00e9, dans la nuit du samedi 12 au dimanche 13 d\u00e9cembre dernier, une attaque dans la commune de Toumour dans la r\u00e9gion de Diffa.\u00a0 Le bilan fait froid dans le dos\u00a0: 27 personnes tu\u00e9es, plus de 800 maisons incendi\u00e9es dont le march\u00e9 central, plusieurs bless\u00e9s enregistr\u00e9s. Cette barbarie inou\u00efe est la preuve, s\u2019il en est, que le Niger reste impuissant face \u00e0 Boko Haram. Tout laisse croire que le message envoy\u00e9 par les assaillants, n\u2019\u00e9tait autre que de dissuader les \u00e9lecteurs nig\u00e9riens. Et l\u2019on pourrait dire que la secte n\u00e9buleuse aura r\u00e9ussi son coup puisque de nombreux bureaux de vote \u00e9taient rest\u00e9s ferm\u00e9s le jour du scrutin. Le moins que l\u2019on puisse dire, c\u2019est que le Niger a du pain sur la planche. C\u2019est d\u2019autant plus vrai que les Nig\u00e9riens seront appel\u00e9s encore aux urnes le 27 d\u00e9cembre prochain, pour choisir parmi les candidats en lice, celui qui va pr\u00e9sider aux destin\u00e9es du pays durant les cinq prochaines ann\u00e9es. C\u2019est dire si le pays de Mahamadou Issoufou a tout int\u00e9r\u00eat \u00e0 mettre les bouch\u00e9es doubles pour \u00e9viter un bain de sang le jour du scrutin. La t\u00e2che s\u2019annonce d\u2019autant plus ardue que le Niger est un grand territoire qui vaut cinq fois le Burkina. Ce pays est d\u2019autant plus mal barr\u00e9 qu\u2019il ne peut compter ni sur son voisin burkinab\u00e8 ni sur le Mali encore moins sur le Nigeria, tous en proie aux violences terroristes. Mais on a le sentiment que le malheur du Niger vient surtout du Nigeria, ce g\u00e9ant aux pieds d\u2019argile dont l\u2019arm\u00e9e, en d\u00e9pit de ses effectifs pl\u00e9thoriques, n\u2019arrive pas \u00e0 stopper les atrocit\u00e9s d\u2019Abubakar Shekau et de sa bande de criminels qui multiplient les intrusions sur le territoire nig\u00e9rien, du c\u00f4t\u00e9 de Diffa surtout.<\/em><\/p>\n<p class=\"c3\"><em>\u00a0<\/em><\/p>\n<p class=\"c4\"><strong><em>Cette piq\u00fbre de rappel de la b\u00eate immonde traduit l\u2019urgence \u00e0 mieux s\u00e9curiser les centres d\u2019\u00e9ducation<\/em><\/strong><\/p>\n<p class=\"c3\"><em>\u00a0<\/em><\/p>\n<p class=\"c3\"><em>Pour preuve, ils viennent d\u2019op\u00e9rer un rapt de centaines de lyc\u00e9ens dans le fief du pr\u00e9sident Muhammadu Buhari qui avait pourtant promis en 2015, d\u2019en finir avec les terroristees en 90 jours, s\u2019il acc\u00e9dait au pouvoir. Plus de 5 ans apr\u00e8s, si les lyc\u00e9ennes de Chibok ont \u00e9t\u00e9 lib\u00e9r\u00e9es dans leur grande majorit\u00e9, force est de constater que les lyc\u00e9ens de Kankara restent introuvables et ce, malgr\u00e9 l\u2019appel du pr\u00e9sident g\u00e9n\u00e9ral aux services de s\u00e9curit\u00e9, \u00e0 faire de la lib\u00e9ration de ces adolescents, une priorit\u00e9. Un v\u00e9ritable pied de nez donc au pr\u00e9sident Buhari puisque les ravisseurs ont op\u00e9r\u00e9 ce rapt au moment m\u00eame o\u00f9 ce dernier se la coulait douce dans sa r\u00e9gionale natale. Il \u00a0gagnerait\u00a0 \u00e0 faire lib\u00e9rer au plus vite ces lyc\u00e9ens avant que certains ne subissent un lavage de cerveau et finissent par \u00eatre utilis\u00e9s comme des kamikazes. Buhari a d\u2019autant plus int\u00e9r\u00eat \u00e0 aller vite qu\u2019il s\u2019agit l\u00e0 d\u2019\u00eatres fragiles qu\u2019il s\u2019est engag\u00e9 \u00e0 prot\u00e9ger au m\u00eame titre que l\u2019ensemble des Nig\u00e9rians. En tout cas, en attendant que ces lyc\u00e9ens soient retrouv\u00e9s sains et saufs, cette piq\u00fbre de rappel de la b\u00eate immonde traduit l\u2019urgence \u00e0 mieux s\u00e9curiser les lyc\u00e9es et autres centres d\u2019\u00e9ducation. Certes, quand on conna\u00eet la taille du Nigeria, l\u2019on peut dire que c\u2019est plus facile \u00e0 dire qu\u2019\u00e0 faire. Mais en mati\u00e8re de s\u00e9curit\u00e9, aucun sacrifice n\u2019est de trop. M\u00eame si on a le sentiment que l\u2019arm\u00e9e nig\u00e9riane ne fait pas assez contre l\u2019hydre. Il est vrai que l\u2019action conjugu\u00e9e avec les pays voisins comme le Tchad d\u2019Idriss Deby Itno et le Cameroun de Paul Biya, avait contribu\u00e9 \u00e0 r\u00e9duire consid\u00e9rablement la voilure de cette vermine. Mais tout porte \u00e0 croire que Boko Haram a repris du poil de la b\u00eate. Car, en d\u00e9pit des dissidences en son sein, ce mouvement islamiste dispose encore d\u2019une grande capacit\u00e9 de nuisance. En tout cas, c\u2019est peu dire qu\u2019il donne du fil \u00e0 retordre aux arm\u00e9es nig\u00e9rienne et nig\u00e9riane. Car, On assiste, pour ainsi dire, \u00e0 un ping-pong incessant entre impuissance et batailles acharn\u00e9es.<\/em><\/p>\n<p class=\"c3\"><em>\u00a0<\/em><\/p>\n<p class=\"c4\"><em><strong>Dabadi ZOUMBARA<\/strong><\/em><\/p>\n<p class=\"c3\"><em>\u00a0<\/em><\/p>\n<p><strong>\u00a0 \u00a0\u00a0\u00a0<\/strong><\/p>\n<p><strong>\u00a0<\/strong><\/p>\n<p><strong>\u00a0\u00a0 \u00a0<\/strong><\/p>\n<p>Auteur: Le Pays<br \/>\n<a href=\"https:\/\/lepays.bf\/attaque-au-niger-et-rapt-de-lyceens-au-nigeria\/\">Cliquez ici pour lire l&rsquo;article depuis sa source.<\/a><\/p>\n","protected":false},"excerpt":{"rendered":"<p>Les \u00e9lections municipales et r\u00e9gionales nig\u00e9riennes ont \u00e9t\u00e9 ensanglant\u00e9es par l\u2019hydre terroriste qui a perp\u00e9tr\u00e9, dans la nuit du samedi 12 au dimanche 13 d\u00e9cembre dernier, une attaque dans la commune de Toumour dans la r\u00e9gion de Diffa.\u00a0 Le bilan fait froid dans le dos\u00a0: 27 personnes tu\u00e9es, plus de 800 maisons incendi\u00e9es dont le [&hellip;]<\/p>\n","protected":false},"author":1813,"featured_media":0,"comment_status":"closed","ping_status":"closed","sticky":false,"template":"","format":"standard","meta":{"fifu_image_url":"http:\/\/www3.smartadserver.com\/ac?out=nonrich&nwid=2136&siteid=240610&pgname=rg&fmtid=49046&visit=m&tmstp=[timestamp]","fifu_image_alt":"ATTAQUE AU NIGER ET RAPT DE LYCEENS AU NIGERIA","footnotes":""},"categories":[73,81],"tags":[],"class_list":["post-107166","post","type-post","status-publish","format-standard","hentry","category-actualite","category-burkina-faso"],"_links":{"self":[{"href":"https:\/\/linitiative.ca\/International\/wp-json\/wp\/v2\/posts\/107166","targetHints":{"allow":["GET"]}}],"collection":[{"href":"https:\/\/linitiative.ca\/International\/wp-json\/wp\/v2\/posts"}],"about":[{"href":"https:\/\/linitiative.ca\/International\/wp-json\/wp\/v2\/types\/post"}],"author":[{"embeddable":true,"href":"https:\/\/linitiative.ca\/International\/wp-json\/wp\/v2\/users\/1813"}],"replies":[{"embeddable":true,"href":"https:\/\/linitiative.ca\/International\/wp-json\/wp\/v2\/comments?post=107166"}],"version-history":[{"count":0,"href":"https:\/\/linitiative.ca\/International\/wp-json\/wp\/v2\/posts\/107166\/revisions"}],"wp:attachment":[{"href":"https:\/\/linitiative.ca\/International\/wp-json\/wp\/v2\/media?parent=107166"}],"wp:term":[{"taxonomy":"category","embeddable":true,"href":"https:\/\/linitiative.ca\/International\/wp-json\/wp\/v2\/categories?post=107166"},{"taxonomy":"post_tag","embeddable":true,"href":"https:\/\/linitiative.ca\/International\/wp-json\/wp\/v2\/tags?post=107166"}],"curies":[{"name":"wp","href":"https:\/\/api.w.org\/{rel}","templated":true}]}}