{"id":107167,"date":"2020-12-14T06:15:47","date_gmt":"2020-12-14T11:15:47","guid":{"rendered":"https:\/\/linitiative.ca\/International\/investiture-du-president-alassane-ouattara-le-president-du-faso-a-abidjan\/"},"modified":"2020-12-14T06:15:47","modified_gmt":"2020-12-14T11:15:47","slug":"investiture-du-president-alassane-ouattara-le-president-du-faso-a-abidjan","status":"publish","type":"post","link":"https:\/\/linitiative.ca\/International\/investiture-du-president-alassane-ouattara-le-president-du-faso-a-abidjan\/","title":{"rendered":"Investiture du pr\u00e9sident Alassane Ouattara: le pr\u00e9sident du Faso \u00e0 Abidjan"},"content":{"rendered":"<div class=\"td-post-sharing-top td-post-sharing td-ps-bg td-ps-padding td-ps-bar td-post-sharing-style6\">\n<div class=\"td-post-sharing-visible\"><a class=\"td-social-sharing-button td-social-sharing-button-js td-social-network td-social-facebook\" href=\"https:\/\/www.facebook.com\/sharer.php?u=https%3A%2F%2Fwww.sidwaya.info%2Fblog%2F2020%2F12%2F14%2Finvestiture-du-president-alassane-ouattara-le-president-du-faso-a-abidjan%2F\"\/><\/p>\n<p>Facebook<\/p>\n<p><a class=\"td-social-sharing-button td-social-sharing-button-js td-social-network td-social-twitter\" href=\"https:\/\/twitter.com\/intent\/tweet?text=Investiture+du+pr%C3%A9sident+Alassane+Ouattara%3A+le+pr%C3%A9sident+du+Faso+%C3%A0+Abidjan&amp;url=https%3A%2F%2Fwww.sidwaya.info%2Fblog%2F2020%2F12%2F14%2Finvestiture-du-president-alassane-ouattara-le-president-du-faso-a-abidjan%2F&amp;via=Quotidien+Sidwaya\"\/><\/p>\n<p>Twitter<\/p>\n<p><a class=\"td-social-sharing-button td-social-sharing-button-js td-social-network td-social-pinterest\" href=\"https:\/\/pinterest.com\/pin\/create\/button\/?url=https:\/\/www.sidwaya.info\/blog\/2020\/12\/14\/investiture-du-president-alassane-ouattara-le-president-du-faso-a-abidjan\/&amp;media=https:\/\/www.sidwaya.info\/wp-content\/uploads\/2020\/12\/130500071_1654456801403250_2980005839587094108_n.jpg&amp;description=Investiture+du+pr%C3%A9sident+Alassane+Ouattara%3A+le+pr%C3%A9sident+du+Faso+%C3%A0+Abidjan\"\/><\/p>\n<p>Pinterest<\/p>\n<p><a class=\"td-social-sharing-button td-social-sharing-button-js td-social-network td-social-whatsapp\" href=\"whatsapp:\/\/send?text=Investiture+du+pr%C3%A9sident+Alassane+Ouattara%3A+le+pr%C3%A9sident+du+Faso+%C3%A0+Abidjan%20%0A%0A%20https:\/\/www.sidwaya.info\/blog\/2020\/12\/14\/investiture-du-president-alassane-ouattara-le-president-du-faso-a-abidjan\/\"\/><\/p>\n<p>WhatsApp<\/p>\n<p><a class=\"td-social-sharing-button td-social-sharing-button-js td-social-network td-social-linkedin\" href=\"https:\/\/www.linkedin.com\/shareArticle?mini=true&amp;url=https:\/\/www.sidwaya.info\/blog\/2020\/12\/14\/investiture-du-president-alassane-ouattara-le-president-du-faso-a-abidjan\/&amp;title=Investiture+du+pr%C3%A9sident+Alassane+Ouattara%3A+le+pr%C3%A9sident+du+Faso+%C3%A0+Abidjan\"\/><\/p>\n<p>Linkedin<\/p>\n<p><a class=\"td-social-sharing-button td-social-sharing-button-js td-social-network td-social-mail\" href=\"mailto:?subject=Investiture%20du%20pr%C3%A9sident%20Alassane%20Ouattara:%20le%20pr%C3%A9sident%20du%20Faso%20%C3%A0%20Abidjan&amp;body=https:\/\/www.sidwaya.info\/blog\/2020\/12\/14\/investiture-du-president-alassane-ouattara-le-president-du-faso-a-abidjan\/\"\/><\/p>\n<p>Email<\/p>\n<p><a class=\"td-social-sharing-button td-social-sharing-button-js td-social-network td-social-print\" href=\"#\"\/><\/p>\n<p>Print<\/p>\n<p><a class=\"td-social-sharing-button td-social-sharing-button-js td-social-network td-social-tumblr\" href=\"https:\/\/www.tumblr.com\/share\/link?url=https:\/\/www.sidwaya.info\/blog\/2020\/12\/14\/investiture-du-president-alassane-ouattara-le-president-du-faso-a-abidjan\/&amp;name=Investiture%20du%20pr%C3%A9sident%20Alassane%20Ouattara:%20le%20pr%C3%A9sident%20du%20Faso%20%C3%A0%20Abidjan\"\/><\/p>\n<p>Tumblr<\/p>\n<p><a class=\"td-social-sharing-button td-social-sharing-button-js td-social-network td-social-telegram\" href=\"https:\/\/telegram.me\/share\/url?url=https:\/\/www.sidwaya.info\/blog\/2020\/12\/14\/investiture-du-president-alassane-ouattara-le-president-du-faso-a-abidjan\/&amp;text=Investiture+du+pr%C3%A9sident+Alassane+Ouattara%3A+le+pr%C3%A9sident+du+Faso+%C3%A0+Abidjan\"\/><\/p>\n<p>Telegram<\/p>\n<p><a class=\"td-social-sharing-button td-social-sharing-button-js td-social-network td-social-viber\" href=\"viber:\/\/forward?text=Investiture+du+pr%C3%A9sident+Alassane+Ouattara%3A+le+pr%C3%A9sident+du+Faso+%C3%A0+Abidjan%20https:\/\/www.sidwaya.info\/blog\/2020\/12\/14\/investiture-du-president-alassane-ouattara-le-president-du-faso-a-abidjan\/\"\/><\/p>\n<p>Viber<\/p>\n<p><a class=\"td-social-sharing-button td-social-sharing-button-js td-social-network td-social-naver\" href=\"https:\/\/share.naver.com\/web\/shareView.nhn?url=https:\/\/www.sidwaya.info\/blog\/2020\/12\/14\/investiture-du-president-alassane-ouattara-le-president-du-faso-a-abidjan\/&amp;title=Investiture+du+pr%C3%A9sident+Alassane+Ouattara%3A+le+pr%C3%A9sident+du+Faso+%C3%A0+Abidjan\"\/><\/p>\n<p>Naver<\/p>\n<\/div>\n<\/div>\n<div class=\"td-post-content tagdiv-type\" readability=\"41.5\">\n<div class=\"td-post-featured-image\"><a href=\"https:\/\/www.sidwaya.info\/wp-content\/uploads\/2020\/12\/130500071_1654456801403250_2980005839587094108_n.jpg\" data-caption=\"\"><img loading=\"lazy\" decoding=\"async\" width=\"526\" height=\"790\" class=\"entry-thumb td-modal-image\" src=\"https:\/\/www.sidwaya.info\/wp-content\/uploads\/2020\/12\/130500071_1654456801403250_2980005839587094108_n.jpg\" srcset=\"https:\/\/www.sidwaya.info\/wp-content\/uploads\/2020\/12\/130500071_1654456801403250_2980005839587094108_n.jpg 526w, https:\/\/www.sidwaya.info\/wp-content\/uploads\/2020\/12\/130500071_1654456801403250_2980005839587094108_n-200x300.jpg 200w, https:\/\/www.sidwaya.info\/wp-content\/uploads\/2020\/12\/130500071_1654456801403250_2980005839587094108_n-150x225.jpg 150w, https:\/\/www.sidwaya.info\/wp-content\/uploads\/2020\/12\/130500071_1654456801403250_2980005839587094108_n-300x451.jpg 300w, https:\/\/www.sidwaya.info\/wp-content\/uploads\/2020\/12\/130500071_1654456801403250_2980005839587094108_n-280x420.jpg 280w\" sizes=\"auto, (max-width: 526px) 100vw, 526px\" alt=\"\" title=\"130500071_1654456801403250_2980005839587094108_n\"\/><\/a><\/div>\n<p>(Ouagadougou, 13 d\u00e9cembre 2020). Le pr\u00e9sident du Faso, Roch Marc Christian Kabor\u00e9, a quitt\u00e9 Ouagadougou cet apr\u00e8s-midi pour Abidjan en C\u00f4te d\u2019Ivoire, o\u00f9 il prendra part demain \u00e0 la c\u00e9r\u00e9monie d\u2019investiture du pr\u00e9sident Alassane Ouattara.<\/p>\n<div class=\"o9v6fnle cxmmr5t8 oygrvhab hcukyx3x c1et5uql ii04i59q\" readability=\"8\">\n<p>R\u00e9\u00e9lu le 31 octobre dernier le pr\u00e9sident Alassane Ouattara va pr\u00eater serment ce lundi 14 d\u00e9cembre 2020 devant le Conseil constitutionnel ivoirien et sera investi pour un nouveau mandat de 5 ans.<\/p>\n<\/div>\n<p>Direction de la communication de la pr\u00e9sidence du Faso<\/p>\n<div class=\"td-a-rec td-a-rec-id-content_bottom tdi_33_d05 td_block_template_1\"><img loading=\"lazy\" decoding=\"async\" class=\"aligncenter size-full wp-image-27454\" src=\"https:\/\/www.sidwaya.info\/wp-content\/uploads\/2020\/10\/PUB-Bandeau-paiement-mobile-siteweb.jpg\" alt=\"\" width=\"728\" height=\"90\"\/><\/div>\n<\/div>\n<footer>\n<div class=\"td-post-sharing-bottom\">\n<p><iframe frameborder=\"0\" src=\"https:\/\/www.facebook.com\/plugins\/like.php?href=https:\/\/www.sidwaya.info\/blog\/2020\/12\/14\/investiture-du-president-alassane-ouattara-le-president-du-faso-a-abidjan\/&amp;layout=button_count&amp;show_faces=false&amp;width=105&amp;action=like&amp;colorscheme=light&amp;height=21\" class=\"c1\">[embedded content]<\/iframe><\/p>\n<div id=\"td_social_sharing_article_bottom\" class=\"td-post-sharing td-ps-bg td-ps-padding td-post-sharing-style7\">\n<div class=\"td-post-sharing-visible\"><a class=\"td-social-sharing-button td-social-sharing-button-js td-social-network td-social-facebook\" href=\"https:\/\/www.facebook.com\/sharer.php?u=https%3A%2F%2Fwww.sidwaya.info%2Fblog%2F2020%2F12%2F14%2Finvestiture-du-president-alassane-ouattara-le-president-du-faso-a-abidjan%2F\"\/><\/p>\n<p>Facebook<\/p>\n<p><a class=\"td-social-sharing-button td-social-sharing-button-js td-social-network td-social-twitter\" href=\"https:\/\/twitter.com\/intent\/tweet?text=Investiture+du+pr%C3%A9sident+Alassane+Ouattara%3A+le+pr%C3%A9sident+du+Faso+%C3%A0+Abidjan&amp;url=https%3A%2F%2Fwww.sidwaya.info%2Fblog%2F2020%2F12%2F14%2Finvestiture-du-president-alassane-ouattara-le-president-du-faso-a-abidjan%2F&amp;via=Quotidien+Sidwaya\"\/><\/p>\n<p>Twitter<\/p>\n<p><a class=\"td-social-sharing-button td-social-sharing-button-js td-social-network td-social-pinterest\" href=\"https:\/\/pinterest.com\/pin\/create\/button\/?url=https:\/\/www.sidwaya.info\/blog\/2020\/12\/14\/investiture-du-president-alassane-ouattara-le-president-du-faso-a-abidjan\/&amp;media=https:\/\/www.sidwaya.info\/wp-content\/uploads\/2020\/12\/130500071_1654456801403250_2980005839587094108_n.jpg&amp;description=Investiture+du+pr%C3%A9sident+Alassane+Ouattara%3A+le+pr%C3%A9sident+du+Faso+%C3%A0+Abidjan\"\/><\/p>\n<p>Pinterest<\/p>\n<p><a class=\"td-social-sharing-button td-social-sharing-button-js td-social-network td-social-whatsapp\" href=\"whatsapp:\/\/send?text=Investiture+du+pr%C3%A9sident+Alassane+Ouattara%3A+le+pr%C3%A9sident+du+Faso+%C3%A0+Abidjan%20%0A%0A%20https:\/\/www.sidwaya.info\/blog\/2020\/12\/14\/investiture-du-president-alassane-ouattara-le-president-du-faso-a-abidjan\/\"\/><\/p>\n<p>WhatsApp<\/p>\n<p><a class=\"td-social-sharing-button td-social-sharing-button-js td-social-network td-social-linkedin\" href=\"https:\/\/www.linkedin.com\/shareArticle?mini=true&amp;url=https:\/\/www.sidwaya.info\/blog\/2020\/12\/14\/investiture-du-president-alassane-ouattara-le-president-du-faso-a-abidjan\/&amp;title=Investiture+du+pr%C3%A9sident+Alassane+Ouattara%3A+le+pr%C3%A9sident+du+Faso+%C3%A0+Abidjan\"\/><\/p>\n<p>Linkedin<\/p>\n<p><a class=\"td-social-sharing-button td-social-sharing-button-js td-social-network td-social-mail\" href=\"mailto:?subject=Investiture%20du%20pr%C3%A9sident%20Alassane%20Ouattara:%20le%20pr%C3%A9sident%20du%20Faso%20%C3%A0%20Abidjan&amp;body=https:\/\/www.sidwaya.info\/blog\/2020\/12\/14\/investiture-du-president-alassane-ouattara-le-president-du-faso-a-abidjan\/\"\/><\/p>\n<p>Email<\/p>\n<p><a class=\"td-social-sharing-button td-social-sharing-button-js td-social-network td-social-print\" href=\"#\"\/><\/p>\n<p>Print<\/p>\n<p><a class=\"td-social-sharing-button td-social-sharing-button-js td-social-network td-social-tumblr\" href=\"https:\/\/www.tumblr.com\/share\/link?url=https:\/\/www.sidwaya.info\/blog\/2020\/12\/14\/investiture-du-president-alassane-ouattara-le-president-du-faso-a-abidjan\/&amp;name=Investiture%20du%20pr%C3%A9sident%20Alassane%20Ouattara:%20le%20pr%C3%A9sident%20du%20Faso%20%C3%A0%20Abidjan\"\/><\/p>\n<p>Tumblr<\/p>\n<p><a class=\"td-social-sharing-button td-social-sharing-button-js td-social-network td-social-telegram\" href=\"https:\/\/telegram.me\/share\/url?url=https:\/\/www.sidwaya.info\/blog\/2020\/12\/14\/investiture-du-president-alassane-ouattara-le-president-du-faso-a-abidjan\/&amp;text=Investiture+du+pr%C3%A9sident+Alassane+Ouattara%3A+le+pr%C3%A9sident+du+Faso+%C3%A0+Abidjan\"\/><\/p>\n<p>Telegram<\/p>\n<p><a class=\"td-social-sharing-button td-social-sharing-button-js td-social-network td-social-viber\" href=\"viber:\/\/forward?text=Investiture+du+pr%C3%A9sident+Alassane+Ouattara%3A+le+pr%C3%A9sident+du+Faso+%C3%A0+Abidjan%20https:\/\/www.sidwaya.info\/blog\/2020\/12\/14\/investiture-du-president-alassane-ouattara-le-president-du-faso-a-abidjan\/\"\/><\/p>\n<p>Viber<\/p>\n<p><a class=\"td-social-sharing-button td-social-sharing-button-js td-social-network td-social-naver\" href=\"https:\/\/share.naver.com\/web\/shareView.nhn?url=https:\/\/www.sidwaya.info\/blog\/2020\/12\/14\/investiture-du-president-alassane-ouattara-le-president-du-faso-a-abidjan\/&amp;title=Investiture+du+pr%C3%A9sident+Alassane+Ouattara%3A+le+pr%C3%A9sident+du+Faso+%C3%A0+Abidjan\"\/><\/p>\n<p>Naver<\/p>\n<\/div>\n<\/div>\n<\/div>\n<div class=\"td-block-row td-post-next-prev\">\n<div class=\"td-block-span6 td-post-prev-post td-post-next-prev-content\"><span>Article pr\u00e9c\u00e9dent<\/span><a href=\"https:\/\/www.sidwaya.info\/blog\/2020\/12\/13\/une-du-14-12-2020\/\">Une du 14-12-2020<\/a><\/div>\n<div class=\"td-block-span6 td-post-next-post td-post-next-prev-content\"><span>Article suivant<\/span><a href=\"https:\/\/www.sidwaya.info\/blog\/2020\/12\/14\/investiture-du-president-ouattara-un-nouveau-mandat-en-marche\/\">Investiture du pr\u00e9sident Ouattara : un nouveau mandat en marche<\/a><\/div>\n<\/div>\n<\/footer>\n<p>Auteur: BS. Sidwaya<br \/>\n<a href=\"https:\/\/www.sidwaya.info\/blog\/2020\/12\/14\/investiture-du-president-alassane-ouattara-le-president-du-faso-a-abidjan\/\">Cliquez ici pour lire l&rsquo;article depuis sa source.<\/a><\/p>\n","protected":false},"excerpt":{"rendered":"<p>Facebook Twitter Pinterest WhatsApp Linkedin Email Print Tumblr Telegram Viber Naver (Ouagadougou, 13 d\u00e9cembre 2020). Le pr\u00e9sident du Faso, Roch Marc Christian Kabor\u00e9, a quitt\u00e9 Ouagadougou cet apr\u00e8s-midi pour Abidjan en C\u00f4te d\u2019Ivoire, o\u00f9 il prendra part demain \u00e0 la c\u00e9r\u00e9monie d\u2019investiture du pr\u00e9sident Alassane Ouattara. R\u00e9\u00e9lu le 31 octobre dernier le pr\u00e9sident Alassane Ouattara [&hellip;]<\/p>\n","protected":false},"author":1816,"featured_media":0,"comment_status":"closed","ping_status":"closed","sticky":false,"template":"","format":"standard","meta":{"fifu_image_url":"https:\/\/www.sidwaya.info\/wp-content\/uploads\/2020\/12\/130500071_1654456801403250_2980005839587094108_n.jpg","fifu_image_alt":"Investiture du pr\u00e9sident Alassane Ouattara: le pr\u00e9sident du Faso \u00e0 Abidjan","footnotes":""},"categories":[73,81],"tags":[],"class_list":["post-107167","post","type-post","status-publish","format-standard","hentry","category-actualite","category-burkina-faso"],"_links":{"self":[{"href":"https:\/\/linitiative.ca\/International\/wp-json\/wp\/v2\/posts\/107167","targetHints":{"allow":["GET"]}}],"collection":[{"href":"https:\/\/linitiative.ca\/International\/wp-json\/wp\/v2\/posts"}],"about":[{"href":"https:\/\/linitiative.ca\/International\/wp-json\/wp\/v2\/types\/post"}],"author":[{"embeddable":true,"href":"https:\/\/linitiative.ca\/International\/wp-json\/wp\/v2\/users\/1816"}],"replies":[{"embeddable":true,"href":"https:\/\/linitiative.ca\/International\/wp-json\/wp\/v2\/comments?post=107167"}],"version-history":[{"count":0,"href":"https:\/\/linitiative.ca\/International\/wp-json\/wp\/v2\/posts\/107167\/revisions"}],"wp:attachment":[{"href":"https:\/\/linitiative.ca\/International\/wp-json\/wp\/v2\/media?parent=107167"}],"wp:term":[{"taxonomy":"category","embeddable":true,"href":"https:\/\/linitiative.ca\/International\/wp-json\/wp\/v2\/categories?post=107167"},{"taxonomy":"post_tag","embeddable":true,"href":"https:\/\/linitiative.ca\/International\/wp-json\/wp\/v2\/tags?post=107167"}],"curies":[{"name":"wp","href":"https:\/\/api.w.org\/{rel}","templated":true}]}}