{"id":107168,"date":"2020-12-14T08:00:05","date_gmt":"2020-12-14T13:00:05","guid":{"rendered":"https:\/\/linitiative.ca\/International\/investiture-du-president-ouattara-un-nouveau-mandat-en-marche\/"},"modified":"2020-12-14T08:00:05","modified_gmt":"2020-12-14T13:00:05","slug":"investiture-du-president-ouattara-un-nouveau-mandat-en-marche","status":"publish","type":"post","link":"https:\/\/linitiative.ca\/International\/investiture-du-president-ouattara-un-nouveau-mandat-en-marche\/","title":{"rendered":"Investiture du pr\u00e9sident Ouattara : un nouveau mandat en marche"},"content":{"rendered":"<div class=\"td-post-sharing-top td-post-sharing td-ps-bg td-ps-padding td-ps-bar td-post-sharing-style6\">\n<div class=\"td-post-sharing-visible\"><a class=\"td-social-sharing-button td-social-sharing-button-js td-social-network td-social-facebook\" href=\"https:\/\/www.facebook.com\/sharer.php?u=https%3A%2F%2Fwww.sidwaya.info%2Fblog%2F2020%2F12%2F14%2Finvestiture-du-president-ouattara-un-nouveau-mandat-en-marche%2F\"\/><\/p>\n<p>Facebook<\/p>\n<p><a class=\"td-social-sharing-button td-social-sharing-button-js td-social-network td-social-twitter\" href=\"https:\/\/twitter.com\/intent\/tweet?text=Investiture+du+pr%C3%A9sident+Ouattara+%3A+un+nouveau+mandat+en+marche&amp;url=https%3A%2F%2Fwww.sidwaya.info%2Fblog%2F2020%2F12%2F14%2Finvestiture-du-president-ouattara-un-nouveau-mandat-en-marche%2F&amp;via=Quotidien+Sidwaya\"\/><\/p>\n<p>Twitter<\/p>\n<p><a class=\"td-social-sharing-button td-social-sharing-button-js td-social-network td-social-pinterest\" href=\"https:\/\/pinterest.com\/pin\/create\/button\/?url=https:\/\/www.sidwaya.info\/blog\/2020\/12\/14\/investiture-du-president-ouattara-un-nouveau-mandat-en-marche\/&amp;media=https:\/\/www.sidwaya.info\/wp-content\/uploads\/2020\/12\/ado.jpg&amp;description=Investiture+du+pr%C3%A9sident+Ouattara+%3A+un+nouveau+mandat+en+marche\"\/><\/p>\n<p>Pinterest<\/p>\n<p><a class=\"td-social-sharing-button td-social-sharing-button-js td-social-network td-social-whatsapp\" href=\"whatsapp:\/\/send?text=Investiture+du+pr%C3%A9sident+Ouattara+%3A+un+nouveau+mandat+en+marche%20%0A%0A%20https:\/\/www.sidwaya.info\/blog\/2020\/12\/14\/investiture-du-president-ouattara-un-nouveau-mandat-en-marche\/\"\/><\/p>\n<p>WhatsApp<\/p>\n<p><a class=\"td-social-sharing-button td-social-sharing-button-js td-social-network td-social-linkedin\" href=\"https:\/\/www.linkedin.com\/shareArticle?mini=true&amp;url=https:\/\/www.sidwaya.info\/blog\/2020\/12\/14\/investiture-du-president-ouattara-un-nouveau-mandat-en-marche\/&amp;title=Investiture+du+pr%C3%A9sident+Ouattara+%3A+un+nouveau+mandat+en+marche\"\/><\/p>\n<p>Linkedin<\/p>\n<p><a class=\"td-social-sharing-button td-social-sharing-button-js td-social-network td-social-mail\" href=\"mailto:?subject=Investiture%20du%20pr%C3%A9sident%20Ouattara%20:%20un%20nouveau%20mandat%20en%20marche&amp;body=https:\/\/www.sidwaya.info\/blog\/2020\/12\/14\/investiture-du-president-ouattara-un-nouveau-mandat-en-marche\/\"\/><\/p>\n<p>Email<\/p>\n<p><a class=\"td-social-sharing-button td-social-sharing-button-js td-social-network td-social-print\" href=\"#\"\/><\/p>\n<p>Print<\/p>\n<p><a class=\"td-social-sharing-button td-social-sharing-button-js td-social-network td-social-tumblr\" href=\"https:\/\/www.tumblr.com\/share\/link?url=https:\/\/www.sidwaya.info\/blog\/2020\/12\/14\/investiture-du-president-ouattara-un-nouveau-mandat-en-marche\/&amp;name=Investiture%20du%20pr%C3%A9sident%20Ouattara%20:%20un%20nouveau%20mandat%20en%20marche\"\/><\/p>\n<p>Tumblr<\/p>\n<p><a class=\"td-social-sharing-button td-social-sharing-button-js td-social-network td-social-telegram\" href=\"https:\/\/telegram.me\/share\/url?url=https:\/\/www.sidwaya.info\/blog\/2020\/12\/14\/investiture-du-president-ouattara-un-nouveau-mandat-en-marche\/&amp;text=Investiture+du+pr%C3%A9sident+Ouattara+%3A+un+nouveau+mandat+en+marche\"\/><\/p>\n<p>Telegram<\/p>\n<p><a class=\"td-social-sharing-button td-social-sharing-button-js td-social-network td-social-viber\" href=\"viber:\/\/forward?text=Investiture+du+pr%C3%A9sident+Ouattara+%3A+un+nouveau+mandat+en+marche%20https:\/\/www.sidwaya.info\/blog\/2020\/12\/14\/investiture-du-president-ouattara-un-nouveau-mandat-en-marche\/\"\/><\/p>\n<p>Viber<\/p>\n<p><a class=\"td-social-sharing-button td-social-sharing-button-js td-social-network td-social-naver\" href=\"https:\/\/share.naver.com\/web\/shareView.nhn?url=https:\/\/www.sidwaya.info\/blog\/2020\/12\/14\/investiture-du-president-ouattara-un-nouveau-mandat-en-marche\/&amp;title=Investiture+du+pr%C3%A9sident+Ouattara+%3A+un+nouveau+mandat+en+marche\"\/><\/p>\n<p>Naver<\/p>\n<\/div>\n<\/div>\n<div class=\"td-post-content tagdiv-type\" readability=\"53\">\n<div class=\"td-post-featured-image\"><a href=\"https:\/\/www.sidwaya.info\/wp-content\/uploads\/2020\/12\/ado.jpg\" data-caption=\"\"><img loading=\"lazy\" decoding=\"async\" width=\"696\" height=\"521\" class=\"entry-thumb td-modal-image\" src=\"https:\/\/www.sidwaya.info\/wp-content\/uploads\/2020\/12\/ado-696x521.jpg\" srcset=\"https:\/\/www.sidwaya.info\/wp-content\/uploads\/2020\/12\/ado-696x521.jpg 696w, https:\/\/www.sidwaya.info\/wp-content\/uploads\/2020\/12\/ado-300x225.jpg 300w, https:\/\/www.sidwaya.info\/wp-content\/uploads\/2020\/12\/ado-150x112.jpg 150w, https:\/\/www.sidwaya.info\/wp-content\/uploads\/2020\/12\/ado-561x420.jpg 561w, https:\/\/www.sidwaya.info\/wp-content\/uploads\/2020\/12\/ado-80x60.jpg 80w, https:\/\/www.sidwaya.info\/wp-content\/uploads\/2020\/12\/ado-265x198.jpg 265w, https:\/\/www.sidwaya.info\/wp-content\/uploads\/2020\/12\/ado.jpg 708w\" sizes=\"auto, (max-width: 696px) 100vw, 696px\" alt=\"\" title=\"ado\"\/><\/a><\/div>\n<p>(Abidjan, 14 d\u00e9cembre 2020). Le pr\u00e9sident du Faso Roch Marc Christian Kabor\u00e9 et nombreux de ses pairs du continent, ont particip\u00e9 ce jour au palais pr\u00e9sidentiel ivoirien, \u00e0 la c\u00e9r\u00e9monie solennelle de prestation de serment du pr\u00e9sident Alassane Ouattara.<br \/>\u00c9lu \u00e0 l\u2019issue du scrutin du 31 octobre 2020, avec un taux de 94,27%, Alassane Ouattara a pr\u00eat\u00e9 serment, pour la premi\u00e8re fois dans l\u2019histoire de la C\u00f4te d\u2019Ivoire, sur la constitution, en ces termes : \u00ab devant le peuple souverain de C\u00f4t\u00e9 d\u2019Ivoire, je jure solennellement et sur l\u2019honneur de respecter et de d\u00e9fendre fid\u00e8lement la Constitution, de prot\u00e9ger les Droits et Libert\u00e9s des citoyens, de remplir consciencieusement les devoirs de la charge dans l\u2019int\u00e9r\u00eat sup\u00e9rieur de la Nation.<br \/>Que le peuple me retire sa confiance et que je subisse la rigueur des lois, si je trahis mon serment. \u00bb<br \/>Dans son discours d\u2019investiture, le pr\u00e9sident Alassane Ouattara a annonc\u00e9 faire de l\u2019\u00e9ducation, de la formation et de l\u2019emploi, des priorit\u00e9s de son action.<\/p>\n<p>Direction de la communication de la pr\u00e9sidence du Faso<\/p>\n<div class=\"td-a-rec td-a-rec-id-content_bottom tdi_33_fee td_block_template_1\"><img loading=\"lazy\" decoding=\"async\" class=\"aligncenter size-full wp-image-27454\" src=\"https:\/\/www.sidwaya.info\/wp-content\/uploads\/2020\/10\/PUB-Bandeau-paiement-mobile-siteweb.jpg\" alt=\"\" width=\"728\" height=\"90\"\/><\/div>\n<\/div>\n<footer>\n<div class=\"td-post-sharing-bottom\">\n<p><iframe frameborder=\"0\" src=\"https:\/\/www.facebook.com\/plugins\/like.php?href=https:\/\/www.sidwaya.info\/blog\/2020\/12\/14\/investiture-du-president-ouattara-un-nouveau-mandat-en-marche\/&amp;layout=button_count&amp;show_faces=false&amp;width=105&amp;action=like&amp;colorscheme=light&amp;height=21\" class=\"c1\">[embedded content]<\/iframe><\/p>\n<div id=\"td_social_sharing_article_bottom\" class=\"td-post-sharing td-ps-bg td-ps-padding td-post-sharing-style7\">\n<div class=\"td-post-sharing-visible\"><a class=\"td-social-sharing-button td-social-sharing-button-js td-social-network td-social-facebook\" href=\"https:\/\/www.facebook.com\/sharer.php?u=https%3A%2F%2Fwww.sidwaya.info%2Fblog%2F2020%2F12%2F14%2Finvestiture-du-president-ouattara-un-nouveau-mandat-en-marche%2F\"\/><\/p>\n<p>Facebook<\/p>\n<p><a class=\"td-social-sharing-button td-social-sharing-button-js td-social-network td-social-twitter\" href=\"https:\/\/twitter.com\/intent\/tweet?text=Investiture+du+pr%C3%A9sident+Ouattara+%3A+un+nouveau+mandat+en+marche&amp;url=https%3A%2F%2Fwww.sidwaya.info%2Fblog%2F2020%2F12%2F14%2Finvestiture-du-president-ouattara-un-nouveau-mandat-en-marche%2F&amp;via=Quotidien+Sidwaya\"\/><\/p>\n<p>Twitter<\/p>\n<p><a class=\"td-social-sharing-button td-social-sharing-button-js td-social-network td-social-pinterest\" href=\"https:\/\/pinterest.com\/pin\/create\/button\/?url=https:\/\/www.sidwaya.info\/blog\/2020\/12\/14\/investiture-du-president-ouattara-un-nouveau-mandat-en-marche\/&amp;media=https:\/\/www.sidwaya.info\/wp-content\/uploads\/2020\/12\/ado.jpg&amp;description=Investiture+du+pr%C3%A9sident+Ouattara+%3A+un+nouveau+mandat+en+marche\"\/><\/p>\n<p>Pinterest<\/p>\n<p><a class=\"td-social-sharing-button td-social-sharing-button-js td-social-network td-social-whatsapp\" href=\"whatsapp:\/\/send?text=Investiture+du+pr%C3%A9sident+Ouattara+%3A+un+nouveau+mandat+en+marche%20%0A%0A%20https:\/\/www.sidwaya.info\/blog\/2020\/12\/14\/investiture-du-president-ouattara-un-nouveau-mandat-en-marche\/\"\/><\/p>\n<p>WhatsApp<\/p>\n<p><a class=\"td-social-sharing-button td-social-sharing-button-js td-social-network td-social-linkedin\" href=\"https:\/\/www.linkedin.com\/shareArticle?mini=true&amp;url=https:\/\/www.sidwaya.info\/blog\/2020\/12\/14\/investiture-du-president-ouattara-un-nouveau-mandat-en-marche\/&amp;title=Investiture+du+pr%C3%A9sident+Ouattara+%3A+un+nouveau+mandat+en+marche\"\/><\/p>\n<p>Linkedin<\/p>\n<p><a class=\"td-social-sharing-button td-social-sharing-button-js td-social-network td-social-mail\" href=\"mailto:?subject=Investiture%20du%20pr%C3%A9sident%20Ouattara%20:%20un%20nouveau%20mandat%20en%20marche&amp;body=https:\/\/www.sidwaya.info\/blog\/2020\/12\/14\/investiture-du-president-ouattara-un-nouveau-mandat-en-marche\/\"\/><\/p>\n<p>Email<\/p>\n<p><a class=\"td-social-sharing-button td-social-sharing-button-js td-social-network td-social-print\" href=\"#\"\/><\/p>\n<p>Print<\/p>\n<p><a class=\"td-social-sharing-button td-social-sharing-button-js td-social-network td-social-tumblr\" href=\"https:\/\/www.tumblr.com\/share\/link?url=https:\/\/www.sidwaya.info\/blog\/2020\/12\/14\/investiture-du-president-ouattara-un-nouveau-mandat-en-marche\/&amp;name=Investiture%20du%20pr%C3%A9sident%20Ouattara%20:%20un%20nouveau%20mandat%20en%20marche\"\/><\/p>\n<p>Tumblr<\/p>\n<p><a class=\"td-social-sharing-button td-social-sharing-button-js td-social-network td-social-telegram\" href=\"https:\/\/telegram.me\/share\/url?url=https:\/\/www.sidwaya.info\/blog\/2020\/12\/14\/investiture-du-president-ouattara-un-nouveau-mandat-en-marche\/&amp;text=Investiture+du+pr%C3%A9sident+Ouattara+%3A+un+nouveau+mandat+en+marche\"\/><\/p>\n<p>Telegram<\/p>\n<p><a class=\"td-social-sharing-button td-social-sharing-button-js td-social-network td-social-viber\" href=\"viber:\/\/forward?text=Investiture+du+pr%C3%A9sident+Ouattara+%3A+un+nouveau+mandat+en+marche%20https:\/\/www.sidwaya.info\/blog\/2020\/12\/14\/investiture-du-president-ouattara-un-nouveau-mandat-en-marche\/\"\/><\/p>\n<p>Viber<\/p>\n<p><a class=\"td-social-sharing-button td-social-sharing-button-js td-social-network td-social-naver\" href=\"https:\/\/share.naver.com\/web\/shareView.nhn?url=https:\/\/www.sidwaya.info\/blog\/2020\/12\/14\/investiture-du-president-ouattara-un-nouveau-mandat-en-marche\/&amp;title=Investiture+du+pr%C3%A9sident+Ouattara+%3A+un+nouveau+mandat+en+marche\"\/><\/p>\n<p>Naver<\/p>\n<\/div>\n<\/div>\n<\/div>\n<div class=\"td-block-row td-post-next-prev\">\n<div class=\"td-block-span6 td-post-prev-post td-post-next-prev-content\"><span>Article pr\u00e9c\u00e9dent<\/span><a href=\"https:\/\/www.sidwaya.info\/blog\/2020\/12\/14\/investiture-du-president-alassane-ouattara-le-president-du-faso-a-abidjan\/\">Investiture du pr\u00e9sident Alassane Ouattara: le pr\u00e9sident du Faso \u00e0 Abidjan<\/a><\/div>\n<div class=\"td-block-span6 td-post-next-post td-post-next-prev-content\"><span>Article suivant<\/span><a href=\"https:\/\/www.sidwaya.info\/blog\/2020\/12\/14\/zone-de-libre-echange-continentale-africaine-les-defis-et-opportunites-decryptes-a-ouagadougou\/\">Zone de libre-\u00e9change continentale africaine : Les d\u00e9fis et opportunit\u00e9s d\u00e9crypt\u00e9s \u00e0 Ouagadougou<\/a><\/div>\n<\/div>\n<\/footer>\n<p>Auteur: BS. Sidwaya<br \/>\n<a href=\"https:\/\/www.sidwaya.info\/blog\/2020\/12\/14\/investiture-du-president-ouattara-un-nouveau-mandat-en-marche\/\">Cliquez ici pour lire l&rsquo;article depuis sa source.<\/a><\/p>\n","protected":false},"excerpt":{"rendered":"<p>Facebook Twitter Pinterest WhatsApp Linkedin Email Print Tumblr Telegram Viber Naver (Abidjan, 14 d\u00e9cembre 2020). Le pr\u00e9sident du Faso Roch Marc Christian Kabor\u00e9 et nombreux de ses pairs du continent, ont particip\u00e9 ce jour au palais pr\u00e9sidentiel ivoirien, \u00e0 la c\u00e9r\u00e9monie solennelle de prestation de serment du pr\u00e9sident Alassane Ouattara.\u00c9lu \u00e0 l\u2019issue du scrutin du [&hellip;]<\/p>\n","protected":false},"author":1816,"featured_media":0,"comment_status":"closed","ping_status":"closed","sticky":false,"template":"","format":"standard","meta":{"fifu_image_url":"https:\/\/www.sidwaya.info\/wp-content\/uploads\/2020\/12\/ado-696x521.jpg","fifu_image_alt":"Investiture du pr\u00e9sident Ouattara : un nouveau mandat en marche","footnotes":""},"categories":[73,81],"tags":[],"class_list":["post-107168","post","type-post","status-publish","format-standard","hentry","category-actualite","category-burkina-faso"],"_links":{"self":[{"href":"https:\/\/linitiative.ca\/International\/wp-json\/wp\/v2\/posts\/107168","targetHints":{"allow":["GET"]}}],"collection":[{"href":"https:\/\/linitiative.ca\/International\/wp-json\/wp\/v2\/posts"}],"about":[{"href":"https:\/\/linitiative.ca\/International\/wp-json\/wp\/v2\/types\/post"}],"author":[{"embeddable":true,"href":"https:\/\/linitiative.ca\/International\/wp-json\/wp\/v2\/users\/1816"}],"replies":[{"embeddable":true,"href":"https:\/\/linitiative.ca\/International\/wp-json\/wp\/v2\/comments?post=107168"}],"version-history":[{"count":0,"href":"https:\/\/linitiative.ca\/International\/wp-json\/wp\/v2\/posts\/107168\/revisions"}],"wp:attachment":[{"href":"https:\/\/linitiative.ca\/International\/wp-json\/wp\/v2\/media?parent=107168"}],"wp:term":[{"taxonomy":"category","embeddable":true,"href":"https:\/\/linitiative.ca\/International\/wp-json\/wp\/v2\/categories?post=107168"},{"taxonomy":"post_tag","embeddable":true,"href":"https:\/\/linitiative.ca\/International\/wp-json\/wp\/v2\/tags?post=107168"}],"curies":[{"name":"wp","href":"https:\/\/api.w.org\/{rel}","templated":true}]}}