{"id":107169,"date":"2020-12-14T17:36:52","date_gmt":"2020-12-14T22:36:52","guid":{"rendered":"https:\/\/linitiative.ca\/International\/zone-de-libre-echange-continentale-africaine-les-defis-et-opportunites-decryptes-a-ouagadougou\/"},"modified":"2020-12-14T17:36:52","modified_gmt":"2020-12-14T22:36:52","slug":"zone-de-libre-echange-continentale-africaine-les-defis-et-opportunites-decryptes-a-ouagadougou","status":"publish","type":"post","link":"https:\/\/linitiative.ca\/International\/zone-de-libre-echange-continentale-africaine-les-defis-et-opportunites-decryptes-a-ouagadougou\/","title":{"rendered":"Zone de libre-\u00e9change continentale africaine : Les d\u00e9fis et opportunit\u00e9s d\u00e9crypt\u00e9s  \u00e0 Ouagadougou"},"content":{"rendered":"<div class=\"td-post-featured-image\" readability=\"33\"><a href=\"https:\/\/www.sidwaya.info\/wp-content\/uploads\/2020\/12\/zlecaf.jpg\" data-caption=\"Les participants ont &#xE9;chang&#xE9; avec les sp&#xE9;cialistes sur les d&#xE9;fis et les opportunit&#xE9;s li&#xE9;s &#xE0; la mise en &#x153;uvre de la ZLECAf.\"><img loading=\"lazy\" decoding=\"async\" width=\"696\" height=\"406\" class=\"entry-thumb td-modal-image\" src=\"https:\/\/www.sidwaya.info\/wp-content\/uploads\/2020\/12\/zlecaf-696x406.jpg\" srcset=\"https:\/\/www.sidwaya.info\/wp-content\/uploads\/2020\/12\/zlecaf-696x406.jpg 696w, https:\/\/www.sidwaya.info\/wp-content\/uploads\/2020\/12\/zlecaf-300x175.jpg 300w, https:\/\/www.sidwaya.info\/wp-content\/uploads\/2020\/12\/zlecaf-768x448.jpg 768w, https:\/\/www.sidwaya.info\/wp-content\/uploads\/2020\/12\/zlecaf-150x88.jpg 150w, https:\/\/www.sidwaya.info\/wp-content\/uploads\/2020\/12\/zlecaf-720x420.jpg 720w, https:\/\/www.sidwaya.info\/wp-content\/uploads\/2020\/12\/zlecaf.jpg 780w\" sizes=\"auto, (max-width: 696px) 100vw, 696px\" alt=\"\" title=\"zlecaf\"\/><\/a>Les participants ont \u00e9chang\u00e9 avec les sp\u00e9cialistes sur les d\u00e9fis et les opportunit\u00e9s li\u00e9s \u00e0 la mise en \u0153uvre de la ZLECAf.<\/div>\n<p><strong>Le Centre africain pour le commerce international et le d\u00e9veloppement (CACID) et le P\u00f4le d\u2019excellence en \u00e9tudes africaines de l\u2019Universit\u00e9 Pr Joseph-Ki-Zerbo ont organis\u00e9 une journ\u00e9e de r\u00e9flexion sur la Zone de libre-\u00e9change continentale africaine (ZLECAf), \u00e0 travers une conf\u00e9rence publique sur ledit accord, le jeudi 10 d\u00e9cembre 2020, \u00e0 Ouagadougou.<\/strong><\/p>\n<p>L\u2019accord sur la Zone de libre-\u00e9change continentale africaine (ZLECAf) entre en vigueur en janvier 2021. Pourtant, les tenants et les aboutissants de cet accord commercial \u00ab historique \u00bb ne sont pas bien cern\u00e9s par tous. Dans le but de contribuer \u00e0 faire conna\u00eetre les d\u00e9fis et les opportunit\u00e9s li\u00e9s \u00e0 la ZLECAf, le Centre africain pour le commerce international et le d\u00e9veloppement (CACID) et le P\u00f4le d\u2019excellence en \u00e9tudes africaines de l\u2019Universit\u00e9 Pr Joseph-Ki-Zerbo ont organis\u00e9 une conf\u00e9rence publique sur le sujet, anim\u00e9e par des sp\u00e9cialistes, le jeudi 10 d\u00e9cembre 2020, \u00e0 Ouagadougou.<\/p>\n<p>Le Pr Ousseni Illy, enseignant-chercheur en droit du commerce international et directeur du CACID, a indiqu\u00e9 que l\u2019entr\u00e9e en vigueur de la ZLECAf, sign\u00e9e par 54 pays africains et ratifi\u00e9e par 33 d\u2019entre eux, implique la suppression des droits de douane et des restrictions quantitatives \u00e0 l\u2019importation \u00e0 l\u2019\u00e9chelle du continent pour les produits \u00ab made in Africa \u00bb. La mise en \u0153uvre de cette zone commerciale continentale a l\u2019avantage de renforcer l\u2019industrialisation de l\u2019Afrique qui repr\u00e9sente 2% de la production industrielle mondiale et de d\u00e9velopper le commerce intra-africain, estim\u00e9 aujourd\u2019hui entre 10 et 15% des \u00e9changes du continent, a-t-il poursuivi.<\/p>\n<p>\u00ab Les exportations du Burkina Faso augmenteront de mani\u00e8re significative vers toutes les sous-r\u00e9gions africaines en dehors de l\u2019Afrique de l\u2019Ouest, avec les augmentations plus prononc\u00e9es vers des pays tels que l\u2019Afrique du Sud, le Maroc, l\u2019Ouganda, le Rwanda, la Tunisie et le Zimbabwe \u00bb, a laiss\u00e9 entendre le directeur g\u00e9n\u00e9ral du commerce, Seydou Ilboudo.<\/p>\n<p>Selon la directrice du commerce de la commission de l\u2019UEMOA, Rose Kabran, la ZLECAf va engendrer le bien-\u00eatre des populations. Car la concurrence qui na\u00eetra de l\u2019int\u00e9gration continentale va permettre aux consommateurs d\u2019acc\u00e9der \u00e0 des produits de meilleure qualit\u00e9, \u00e0 des prix plus attractifs ou plus avantageux, a-t-elle pr\u00e9cis\u00e9.<br \/>Relever le d\u00e9fi de production<\/p>\n<p>Avec l\u2019op\u00e9rationnalisation de cet accord commercial continental, les pays de l\u2019UEMOA qui disposent d\u2019un march\u00e9 de 130 millions d\u2019habitants b\u00e9n\u00e9ficieront d\u2019un march\u00e9 plus vaste et plus int\u00e9gr\u00e9 de 1,2 milliard d\u2019habitants, qui passera \u00e0 2,5 milliards de consommateurs en 2050, a ajout\u00e9 Mme Kabran.<\/p>\n<p>Mais pour saisir les avantages de comp\u00e9titivit\u00e9 des produits africains sur le march\u00e9 du continent, d\u2019\u00e9conomies d\u2019\u00e9chelles et de cr\u00e9ation d\u2019emplois que procure la ZLECAf, les Etats doivent au pr\u00e9alable relever les d\u00e9fis de la production industrielle, des moyens de communication, a soulign\u00e9 Pr Illy. Car il ne suffit pas d\u2019ouvrir le march\u00e9 africain \u00e0 l\u2019Afrique, encore faut-il pouvoir produire pour r\u00e9pondre \u00e0 la demande et disposer d\u2019un r\u00e9seau de transport \u00e9toff\u00e9 et efficace pour commercer, a-t-il soutenu. Pour faire face \u00e0 la concurrence qui s\u2019annonce, les entreprises burkinab\u00e8 doivent relever le challenge de la qualit\u00e9 de leurs produits, a insist\u00e9 l\u2019enseignant-chercheur.<\/p>\n<p>A cela s\u2019ajoutent, selon Rose Kabran, les d\u00e9fis de la diversification et de la compl\u00e9mentarit\u00e9, de l\u2019acc\u00e8s \u00e0 l\u2019\u00e9nergie et \u00e0 l\u2019internet, de la protection des inventions et de la cr\u00e9ation des entreprises communautaires que les pays de l\u2019UEMOA doivent relever.<br \/>Le respect de la libre circulation des personnes, des engagements et textes de l\u2019accord constitue \u00e9galement une gageure. \u00ab L\u2019un des probl\u00e8mes de l\u2019Afrique est le respect de ses propres engagements, des accords qu\u2019elle a librement ratifi\u00e9s. Nous avons le cas du Nig\u00e9ria qui a ferm\u00e9 ses fronti\u00e8res avec le B\u00e9nin, en violation flagrante des r\u00e8gles de la CEDEAO \u00bb, a fait remarquer le directeur du CACID.<\/p>\n<p>L\u2019accord de la ZLECAf offre la possibilit\u00e9 \u00e0 chaque Etat de ne pas ouvrir10% de ses produits sensibles au march\u00e9 sur une p\u00e9riode de 5 \u00e0 10 ans. Au Burkina Faso, ces exclusions temporaires ou d\u00e9finitives porteront sur le sucre, les huiles alimentaires, les cuirs et peaux, le savon, la pompe de terre, la tomate, etc. , a fait savoir M. Ilboudo.<\/p>\n<p class=\"c1\"><strong>Mahamadi SEBOGO<\/strong><br \/>Windmad76@gmail.com<\/p>\n<div class=\"td-a-rec td-a-rec-id-content_bottom tdi_33_781 td_block_template_1\"><img loading=\"lazy\" decoding=\"async\" class=\"aligncenter size-full wp-image-27454\" src=\"https:\/\/www.sidwaya.info\/wp-content\/uploads\/2020\/10\/PUB-Bandeau-paiement-mobile-siteweb.jpg\" alt=\"\" width=\"728\" height=\"90\"\/><\/div>\n<p>Auteur: JK. Sidwaya<br \/>\n<a href=\"https:\/\/www.sidwaya.info\/blog\/2020\/12\/14\/zone-de-libre-echange-continentale-africaine-les-defis-et-opportunites-decryptes-a-ouagadougou\/\">Cliquez ici pour lire l&rsquo;article depuis sa source.<\/a><\/p>\n","protected":false},"excerpt":{"rendered":"<p>Les participants ont \u00e9chang\u00e9 avec les sp\u00e9cialistes sur les d\u00e9fis et les opportunit\u00e9s li\u00e9s \u00e0 la mise en \u0153uvre de la ZLECAf. Le Centre africain pour le commerce international et le d\u00e9veloppement (CACID) et le P\u00f4le d\u2019excellence en \u00e9tudes africaines de l\u2019Universit\u00e9 Pr Joseph-Ki-Zerbo ont organis\u00e9 une journ\u00e9e de r\u00e9flexion sur la Zone de libre-\u00e9change [&hellip;]<\/p>\n","protected":false},"author":1816,"featured_media":0,"comment_status":"closed","ping_status":"closed","sticky":false,"template":"","format":"standard","meta":{"fifu_image_url":"https:\/\/www.sidwaya.info\/wp-content\/uploads\/2020\/12\/zlecaf-696x406.jpg","fifu_image_alt":"Zone de libre-\u00e9change continentale africaine : Les d\u00e9fis et opportunit\u00e9s d\u00e9crypt\u00e9s  \u00e0 Ouagadougou","footnotes":""},"categories":[73,81],"tags":[],"class_list":["post-107169","post","type-post","status-publish","format-standard","hentry","category-actualite","category-burkina-faso"],"_links":{"self":[{"href":"https:\/\/linitiative.ca\/International\/wp-json\/wp\/v2\/posts\/107169","targetHints":{"allow":["GET"]}}],"collection":[{"href":"https:\/\/linitiative.ca\/International\/wp-json\/wp\/v2\/posts"}],"about":[{"href":"https:\/\/linitiative.ca\/International\/wp-json\/wp\/v2\/types\/post"}],"author":[{"embeddable":true,"href":"https:\/\/linitiative.ca\/International\/wp-json\/wp\/v2\/users\/1816"}],"replies":[{"embeddable":true,"href":"https:\/\/linitiative.ca\/International\/wp-json\/wp\/v2\/comments?post=107169"}],"version-history":[{"count":0,"href":"https:\/\/linitiative.ca\/International\/wp-json\/wp\/v2\/posts\/107169\/revisions"}],"wp:attachment":[{"href":"https:\/\/linitiative.ca\/International\/wp-json\/wp\/v2\/media?parent=107169"}],"wp:term":[{"taxonomy":"category","embeddable":true,"href":"https:\/\/linitiative.ca\/International\/wp-json\/wp\/v2\/categories?post=107169"},{"taxonomy":"post_tag","embeddable":true,"href":"https:\/\/linitiative.ca\/International\/wp-json\/wp\/v2\/tags?post=107169"}],"curies":[{"name":"wp","href":"https:\/\/api.w.org\/{rel}","templated":true}]}}