{"id":107170,"date":"2020-12-14T15:18:02","date_gmt":"2020-12-14T20:18:02","guid":{"rendered":"https:\/\/linitiative.ca\/International\/les-etats-unis-reconnaissent-la-reelection-de-alassane-ouattara-declaration\/"},"modified":"2020-12-14T15:18:02","modified_gmt":"2020-12-14T20:18:02","slug":"les-etats-unis-reconnaissent-la-reelection-de-alassane-ouattara-declaration","status":"publish","type":"post","link":"https:\/\/linitiative.ca\/International\/les-etats-unis-reconnaissent-la-reelection-de-alassane-ouattara-declaration\/","title":{"rendered":"Les \u00c9tats-Unis reconnaissent la r\u00e9\u00e9lection de Alassane Ouattara (d\u00e9claration)"},"content":{"rendered":"<div readability=\"32\">\n<p>Publi\u00e9 le 14.12.2020 \u00e0 21h18 par APA News<\/p>\n<\/div>\n<div readability=\"72\">\n<p>Washington reconna\u00eet la r\u00e9\u00e9lection de Alassane Ouattara en tant que pr\u00e9sident de la R\u00e9publique de C\u00f4te d\u2019Ivoire et assure poursuivre l\u2019\u00e9troite coop\u00e9ration bilat\u00e9rale, selon une d\u00e9claration publi\u00e9e lundi, \u00e0 l\u2019occasion de sa prestation de serment.\u00a0\u00bbLes Etats-Unis d\u2019Am\u00e9rique reconnaissent la r\u00e9\u00e9lection de Alassane Ouattara en tant que pr\u00e9sident de la R\u00e9publique de C\u00f4te d\u2019Ivoire et sont heureux de poursuivre l\u2019\u00e9troite coop\u00e9ration bilat\u00e9rale \u00e0 travers toute la gamme de nos valeurs et int\u00e9r\u00eats partag\u00e9s\u00a0\u00bb, indique la d\u00e9claration. \u00a0<\/p>\n<p>Le gouvernement am\u00e9ricain \u00ab\u00a0salue et encourage tous les efforts visant \u00e0 promouvoir la r\u00e9conciliation, l\u2019inclusion, une large participation politique et le respect universel des normes d\u00e9mocratiques sans distinction d\u2019affiliation de parti politique\u00a0\u00bb, souligne le texte. \u00a0<\/p>\n<p>Il souhaite en outre que le processus d\u00e9mocratique se d\u00e9roule dans le cadre du \u00ab\u00a0respect des institutions de la R\u00e9publique et des droits humains\u00a0\u00bb, dans un contexte o\u00f9 le pays conna\u00eet une fracture socio-politique li\u00e9e \u00e0 l\u2019\u00e9lection pr\u00e9sidentielle du 31 octobre 2020.\u00a0<\/p>\n<p>\u00ab\u00a0Pendant que la C\u00f4te d\u2019Ivoire va de l\u2019avant, les Etats-Unis restent attach\u00e9s \u00e0 notre partenariat de plusieurs d\u00e9cennies en soutien \u00e0 un avenir prosp\u00e8re, stable et d\u00e9mocratique et \u00e0 l\u2019approfondissement des liens ivoiro-am\u00e9ricains\u00a0\u00bb, poursuit la d\u00e9claration.<\/p>\n<p>\u00c9lu en 2010 puis en 2015, Alassane Ouattara a \u00e9t\u00e9 \u00e9lu le 31 octobre 2020 avec 94,27% des suffrages exprim\u00e9s et un taux de participation de 53,90%. Il effectue, selon le Conseil constitutionnel, son premier mandat de la IIIe R\u00e9publique.\u00a0<\/p>\n<p>Le vote a \u00e9t\u00e9 boycott\u00e9 par les candidats Affi Nguessan, pr\u00e9sident du Front populaire ivoirien (FPI) et Henri Konan B\u00e9di\u00e9, chef du Parti d\u00e9mocratique de C\u00f4te d\u2019Ivoire (Pdci). Ils estiment que les conditions n\u2019\u00e9taient pas r\u00e9unies pour un scrutin cr\u00e9dible.\u00a0<\/p>\n<\/div>\n<p>Auteur: APA News<br \/>\n<a href=\"https:\/\/www.journalducameroun.com\/les-etats-unis-reconnaissent-la-reelection-de-alassane-ouattara-declaration\/\">Cliquez ici pour lire l&rsquo;article depuis sa source.<\/a><\/p>\n","protected":false},"excerpt":{"rendered":"<p>Publi\u00e9 le 14.12.2020 \u00e0 21h18 par APA News Washington reconna\u00eet la r\u00e9\u00e9lection de Alassane Ouattara en tant que pr\u00e9sident de la R\u00e9publique de C\u00f4te d\u2019Ivoire et assure poursuivre l\u2019\u00e9troite coop\u00e9ration bilat\u00e9rale, selon une d\u00e9claration publi\u00e9e lundi, \u00e0 l\u2019occasion de sa prestation de serment.\u00a0\u00bbLes Etats-Unis d\u2019Am\u00e9rique reconnaissent la r\u00e9\u00e9lection de Alassane Ouattara en tant que pr\u00e9sident [&hellip;]<\/p>\n","protected":false},"author":1965,"featured_media":0,"comment_status":"closed","ping_status":"closed","sticky":false,"template":"","format":"standard","meta":{"fifu_image_url":"","fifu_image_alt":"","footnotes":""},"categories":[73,82],"tags":[],"class_list":["post-107170","post","type-post","status-publish","format-standard","hentry","category-actualite","category-cameroun"],"_links":{"self":[{"href":"https:\/\/linitiative.ca\/International\/wp-json\/wp\/v2\/posts\/107170","targetHints":{"allow":["GET"]}}],"collection":[{"href":"https:\/\/linitiative.ca\/International\/wp-json\/wp\/v2\/posts"}],"about":[{"href":"https:\/\/linitiative.ca\/International\/wp-json\/wp\/v2\/types\/post"}],"author":[{"embeddable":true,"href":"https:\/\/linitiative.ca\/International\/wp-json\/wp\/v2\/users\/1965"}],"replies":[{"embeddable":true,"href":"https:\/\/linitiative.ca\/International\/wp-json\/wp\/v2\/comments?post=107170"}],"version-history":[{"count":0,"href":"https:\/\/linitiative.ca\/International\/wp-json\/wp\/v2\/posts\/107170\/revisions"}],"wp:attachment":[{"href":"https:\/\/linitiative.ca\/International\/wp-json\/wp\/v2\/media?parent=107170"}],"wp:term":[{"taxonomy":"category","embeddable":true,"href":"https:\/\/linitiative.ca\/International\/wp-json\/wp\/v2\/categories?post=107170"},{"taxonomy":"post_tag","embeddable":true,"href":"https:\/\/linitiative.ca\/International\/wp-json\/wp\/v2\/tags?post=107170"}],"curies":[{"name":"wp","href":"https:\/\/api.w.org\/{rel}","templated":true}]}}