{"id":107171,"date":"2020-12-14T15:18:04","date_gmt":"2020-12-14T20:18:04","guid":{"rendered":"https:\/\/linitiative.ca\/International\/cote-divoire-ouattara-annonce-la-creation-dun-ministere-en-charge-de-la-reconciliation\/"},"modified":"2020-12-14T15:18:04","modified_gmt":"2020-12-14T20:18:04","slug":"cote-divoire-ouattara-annonce-la-creation-dun-ministere-en-charge-de-la-reconciliation","status":"publish","type":"post","link":"https:\/\/linitiative.ca\/International\/cote-divoire-ouattara-annonce-la-creation-dun-ministere-en-charge-de-la-reconciliation\/","title":{"rendered":"C\u00f4te d\u2019Ivoire: Ouattara annonce la cr\u00e9ation d\u2019un minist\u00e8re en charge de la r\u00e9conciliation"},"content":{"rendered":"<div readability=\"32\">\n<p>Publi\u00e9 le 14.12.2020 \u00e0 21h18 par APA News<\/p>\n<\/div>\n<div readability=\"60\">\n<p>Le pr\u00e9sident ivoirien Alassane Ouattara qui a pr\u00eat\u00e9 serment lundi pour un nouveau quinquennat dans le cadre de la troisi\u00e8me R\u00e9publique, a annonc\u00e9 la cr\u00e9ation d\u2019un minist\u00e8re en charge de la r\u00e9conciliation nationale dans les \u00ab prochains jours \u00bb afin de consolider la coh\u00e9sion sociale.\u00a0M. Ouattara s\u2019exprimait dans un discours \u00e0 l\u2019occasion d\u2019une c\u00e9r\u00e9monie solennelle de sa prestation de serment au palais pr\u00e9sidentiel d\u2019Abidjan. \u00a0<\/p>\n<p>\u00ab \u00a0Afin de consolider davantage la coh\u00e9sion nationale, j\u2019envisage de cr\u00e9er un minist\u00e8re en charge de la r\u00e9conciliation nationale dans les prochains jours. Ce d\u00e9partement minist\u00e9riel aura pour mission de faire une \u00e9valuation de nos actions avec pour objectif le renforcement de la coh\u00e9sion nationale et de la r\u00e9conciliation des filles et des fils de notre cher C\u00f4te d\u2019Ivoire \u00a0\u00bb, a d\u00e9clar\u00e9 M. Ouattara devant plusieurs chefs d\u2019Etat de la sous-r\u00e9gion.<\/p>\n<p>\u00a0Par ailleurs, le pr\u00e9sident ivoirien a dit avoir instruit son premier ministre afin de reprendre le dialogue politique avec les partis d\u2019opposition \u00a0\u00ab pour mettre en \u0153uvre les recommandations \u00a0de la CEDEAO relatives \u00e0 la commission \u00e9lectorale ind\u00e9pendante dans la perspective de la tenue des \u00e9lections l\u00e9gislatives dans le courant du premier trimestre 2021\u00bb.\u00a0<\/p>\n<p>M. Ouattara \u00e0 conclu son adresse en invitant les partis politiques ivoiriens \u00a0\u00ab \u00e0 saisir cette nouvelle opportunit\u00e9 qui s\u2019offre \u00e0 tous pour aboutir \u00e0 la d\u00e9crispation du climat politique par le dialogue \u00bb. \u00a0Le pr\u00e9sident ivoirien Alassane Ouattara a pr\u00eat\u00e9 serment devant le Conseil constitutionnel dans une audience solennelle au palais pr\u00e9sidentiel d\u2019Abidjan.<\/p>\n<p>\u00a0Cette c\u00e9r\u00e9monie de prestation de serment qui s\u2019est tenue en pr\u00e9sence d\u2019une dizaine de chefs d\u2019Etat et plusieurs repr\u00e9sentants d\u2019institutions internationales, ouvre ainsi pour M. Ouattara, un nouveau mandat de cinq ans de le cadre de la troisi\u00e8me R\u00e9publique ivoirienne.\u00a0<\/p>\n<\/div>\n<p>Auteur: APA News<br \/>\n<a href=\"https:\/\/www.journalducameroun.com\/cote-divoire-ouattara-annonce-la-creation-dun-ministere-en-charge-de-la-reconciliation\/\">Cliquez ici pour lire l&rsquo;article depuis sa source.<\/a><\/p>\n","protected":false},"excerpt":{"rendered":"<p>Publi\u00e9 le 14.12.2020 \u00e0 21h18 par APA News Le pr\u00e9sident ivoirien Alassane Ouattara qui a pr\u00eat\u00e9 serment lundi pour un nouveau quinquennat dans le cadre de la troisi\u00e8me R\u00e9publique, a annonc\u00e9 la cr\u00e9ation d\u2019un minist\u00e8re en charge de la r\u00e9conciliation nationale dans les \u00ab prochains jours \u00bb afin de consolider la coh\u00e9sion sociale.\u00a0M. Ouattara s\u2019exprimait [&hellip;]<\/p>\n","protected":false},"author":1965,"featured_media":0,"comment_status":"closed","ping_status":"closed","sticky":false,"template":"","format":"standard","meta":{"fifu_image_url":"","fifu_image_alt":"","footnotes":""},"categories":[73,82],"tags":[],"class_list":["post-107171","post","type-post","status-publish","format-standard","hentry","category-actualite","category-cameroun"],"_links":{"self":[{"href":"https:\/\/linitiative.ca\/International\/wp-json\/wp\/v2\/posts\/107171","targetHints":{"allow":["GET"]}}],"collection":[{"href":"https:\/\/linitiative.ca\/International\/wp-json\/wp\/v2\/posts"}],"about":[{"href":"https:\/\/linitiative.ca\/International\/wp-json\/wp\/v2\/types\/post"}],"author":[{"embeddable":true,"href":"https:\/\/linitiative.ca\/International\/wp-json\/wp\/v2\/users\/1965"}],"replies":[{"embeddable":true,"href":"https:\/\/linitiative.ca\/International\/wp-json\/wp\/v2\/comments?post=107171"}],"version-history":[{"count":0,"href":"https:\/\/linitiative.ca\/International\/wp-json\/wp\/v2\/posts\/107171\/revisions"}],"wp:attachment":[{"href":"https:\/\/linitiative.ca\/International\/wp-json\/wp\/v2\/media?parent=107171"}],"wp:term":[{"taxonomy":"category","embeddable":true,"href":"https:\/\/linitiative.ca\/International\/wp-json\/wp\/v2\/categories?post=107171"},{"taxonomy":"post_tag","embeddable":true,"href":"https:\/\/linitiative.ca\/International\/wp-json\/wp\/v2\/tags?post=107171"}],"curies":[{"name":"wp","href":"https:\/\/api.w.org\/{rel}","templated":true}]}}