{"id":107172,"date":"2020-12-14T15:18:04","date_gmt":"2020-12-14T20:18:04","guid":{"rendered":"https:\/\/linitiative.ca\/International\/cote-divoire-lelection-presidentielle-de-2010-et-celle-de-2020-ne-peuvent-etre-comparees-en-droit-magistrat\/"},"modified":"2020-12-14T15:18:04","modified_gmt":"2020-12-14T20:18:04","slug":"cote-divoire-lelection-presidentielle-de-2010-et-celle-de-2020-ne-peuvent-etre-comparees-en-droit-magistrat","status":"publish","type":"post","link":"https:\/\/linitiative.ca\/International\/cote-divoire-lelection-presidentielle-de-2010-et-celle-de-2020-ne-peuvent-etre-comparees-en-droit-magistrat\/","title":{"rendered":"C\u00f4te d\u2019Ivoire: \u00abl\u2019\u00e9lection pr\u00e9sidentielle de 2010 et celle de 2020 ne peuvent \u00eatre compar\u00e9es en droit \u00bb (Magistrat)"},"content":{"rendered":"<div readability=\"32\">\n<p>Publi\u00e9 le 14.12.2020 \u00e0 21h18 par APA News<\/p>\n<\/div>\n<div readability=\"71\">\n<p>L\u2019\u00e9lection pr\u00e9sidentielle ivoirienne de 2010 et celle du 31 octobre 2020 \u00ab ne peuvent \u00eatre compar\u00e9es en droit car elles ont \u00e9t\u00e9 organis\u00e9es dans des cadres juridiques totalement diff\u00e9rents\u00bb, a estim\u00e9 lundi \u00e0 Abidjan, le Magistrat hors-hi\u00e9rarchie, par ailleurs pr\u00e9sident du Conseil constitutionnel ivoirien Mamadou Kon\u00e9.\u00ab (\u2026) Du haut de cette tribune me parviennent en \u00e9cho les cris d\u2019orfraie de ceux qui croient pouvoir \u00e9voquer une pr\u00e9tendue jurisprudence de 2010 pour apporter la contradiction sur ce point. A ceux-l\u00e0, je voudrais rappeler que l\u2019\u00e9lection pr\u00e9sidentielle de 2010 et celle de 2020 ne peuvent \u00eatre compar\u00e9es en droit car elles ont \u00e9t\u00e9 organis\u00e9es dans des cadres juridiques totalement diff\u00e9rents\u00bb, a soutenu M. Kon\u00e9 qui s\u2019exprimait dans une adresse \u00e0 l\u2019occasion de la c\u00e9r\u00e9monie solennelle de prestation de serment du pr\u00e9sident \u00e9lu Alassane Ouattara pour un nouveau quinquennat \u00e0 la t\u00eate de la C\u00f4te d\u2019Ivoire.<\/p>\n<p>D\u00e9montrant la diff\u00e9rence du cadre juridique de ces deux \u00e9lections (2010 et 2020), le juge constitutionnel ivoirien a expliqu\u00e9 que les acteurs politiques ivoiriens avait convenu en 2005 \u00ab en toute libert\u00e9 et en toute responsabilit\u00e9\u00bb de demander \u00e0 l\u2019organisation des Nations-Unies de certifier toutes les \u00e9tapes du processus \u00e9lectoral de 2010 en C\u00f4te d\u2019Ivoire.<\/p>\n<p>L\u2019ONU a ainsi cr\u00e9\u00e9 un organe de certification qui \u00e9tait selon lui, \u00a0\u00ab hi\u00e9rarchiquement au-dessus \u00bb de la juridiction constitutionnelle ivoirienne et \u00e0 m\u00eame de contester ces d\u00e9cisions.\u00a0<\/p>\n<p>\u00ab S\u2019agissant de l\u2019\u00e9lection du 31 octobre 2020, \u00a0la C\u00f4te d\u2019Ivoire a renou\u00e9 avec la normalit\u00e9 et l\u2019ONU s\u2019\u00e9tant retir\u00e9e avec tout son dispositif y compris l\u2019organe de certification des \u00e9lections. Dans cette normalit\u00e9 institutionnelle retrouv\u00e9e, le conseil constitutionnel qui a recouvr\u00e9 tout son imperium n\u2019a plus au-dessus de lui une structure pour contester ou remettre en cause ces d\u00e9cisions en particulier celles prises dans le cadre de ce scrutin\u00bb, a insist\u00e9 M. Kon\u00e9.\u00a0<\/p>\n<p>\u00a0\u00ab C\u2019est pourquoi il n\u2019est pas exact de dire qu\u2019il existe en C\u00f4te d\u2019Ivoire, une jurisprudence apparue en 2020. Au total, l\u2019acceptation m\u00eame \u00e0 contre-c\u0153ur d\u2019une d\u00e9cision du Conseil constitutionnel publi\u00e9e au journal officiel n\u2019est pas une option pour chacun de nous, mais plut\u00f4t une obligation pour nous tous\u00bb, a exhort\u00e9 M. Kon\u00e9.<\/p>\n<p>Le pr\u00e9sident ivoirien Alassane Ouattara a pr\u00eat\u00e9 serment pour un nouveau mandat de cinq ans \u00e0 la t\u00eate de la C\u00f4te d\u2019Ivoire. Cette c\u00e9r\u00e9monie solennelle s\u2019est tenue en pr\u00e9sence d\u2019une dizaine de chefs d\u2019Etat africains et plusieurs repr\u00e9sentants d\u2019organisation internationales.<\/p>\n<\/div>\n<p>Auteur: APA News<br \/>\n<a href=\"https:\/\/www.journalducameroun.com\/cote-divoire-lelection-presidentielle-de-2010-et-celle-de-2020-ne-peuvent-etre-comparees-en-droit-magistrat\/\">Cliquez ici pour lire l&rsquo;article depuis sa source.<\/a><\/p>\n","protected":false},"excerpt":{"rendered":"<p>Publi\u00e9 le 14.12.2020 \u00e0 21h18 par APA News L\u2019\u00e9lection pr\u00e9sidentielle ivoirienne de 2010 et celle du 31 octobre 2020 \u00ab ne peuvent \u00eatre compar\u00e9es en droit car elles ont \u00e9t\u00e9 organis\u00e9es dans des cadres juridiques totalement diff\u00e9rents\u00bb, a estim\u00e9 lundi \u00e0 Abidjan, le Magistrat hors-hi\u00e9rarchie, par ailleurs pr\u00e9sident du Conseil constitutionnel ivoirien Mamadou Kon\u00e9.\u00ab (\u2026) [&hellip;]<\/p>\n","protected":false},"author":1965,"featured_media":0,"comment_status":"closed","ping_status":"closed","sticky":false,"template":"","format":"standard","meta":{"fifu_image_url":"","fifu_image_alt":"","footnotes":""},"categories":[73,82],"tags":[],"class_list":["post-107172","post","type-post","status-publish","format-standard","hentry","category-actualite","category-cameroun"],"_links":{"self":[{"href":"https:\/\/linitiative.ca\/International\/wp-json\/wp\/v2\/posts\/107172","targetHints":{"allow":["GET"]}}],"collection":[{"href":"https:\/\/linitiative.ca\/International\/wp-json\/wp\/v2\/posts"}],"about":[{"href":"https:\/\/linitiative.ca\/International\/wp-json\/wp\/v2\/types\/post"}],"author":[{"embeddable":true,"href":"https:\/\/linitiative.ca\/International\/wp-json\/wp\/v2\/users\/1965"}],"replies":[{"embeddable":true,"href":"https:\/\/linitiative.ca\/International\/wp-json\/wp\/v2\/comments?post=107172"}],"version-history":[{"count":0,"href":"https:\/\/linitiative.ca\/International\/wp-json\/wp\/v2\/posts\/107172\/revisions"}],"wp:attachment":[{"href":"https:\/\/linitiative.ca\/International\/wp-json\/wp\/v2\/media?parent=107172"}],"wp:term":[{"taxonomy":"category","embeddable":true,"href":"https:\/\/linitiative.ca\/International\/wp-json\/wp\/v2\/categories?post=107172"},{"taxonomy":"post_tag","embeddable":true,"href":"https:\/\/linitiative.ca\/International\/wp-json\/wp\/v2\/tags?post=107172"}],"curies":[{"name":"wp","href":"https:\/\/api.w.org\/{rel}","templated":true}]}}