{"id":107173,"date":"2020-12-14T15:18:05","date_gmt":"2020-12-14T20:18:05","guid":{"rendered":"https:\/\/linitiative.ca\/International\/education-le-gouvernement-ivoirien-prendra-en-charge-les-frais-coges-a-compter-de-janvier-2021-ouattara\/"},"modified":"2020-12-14T15:18:05","modified_gmt":"2020-12-14T20:18:05","slug":"education-le-gouvernement-ivoirien-prendra-en-charge-les-frais-coges-a-compter-de-janvier-2021-ouattara","status":"publish","type":"post","link":"https:\/\/linitiative.ca\/International\/education-le-gouvernement-ivoirien-prendra-en-charge-les-frais-coges-a-compter-de-janvier-2021-ouattara\/","title":{"rendered":"Education: le gouvernement ivoirien prendra en charge les frais COGES \u00e0 compter de janvier 2021 (Ouattara)"},"content":{"rendered":"<div readability=\"32\">\n<p>Publi\u00e9 le 14.12.2020 \u00e0 21h18 par APA News<\/p>\n<\/div>\n<div readability=\"69\">\n<p>Le gouvernement ivoirien et les collectivit\u00e9s locales prendront en charge \u00e0 partir de janvier 2021, les frais des Comit\u00e9 de gestion des \u00e9tablissements scolaires ( COGES) jusque-l\u00e0 support\u00e9s par les parents d\u2019\u00e9l\u00e8ves et objet de contestation dans les \u00e9coles du pays.L\u2019annonce a \u00e9t\u00e9 faite lundi par le pr\u00e9sident ivoirien Alassane Ouattara dans un discours solennel apr\u00e8s sa prestation de serment pour un nouveau quinquennat \u00e0 la t\u00eate de la C\u00f4te d\u2019Ivoire.\u00a0<\/p>\n<p>\u00ab J\u2019ai d\u00e9cid\u00e9 qu\u2019\u00e0 compter de janvier 2021, le gouvernement et les collectivit\u00e9s locales prendront en charge les frais des comit\u00e9 de gestion des \u00e9tablissements scolaires ( COGES) qui \u00a0sont jusque-l\u00e0 support\u00e9s par les parents d\u2019\u00e9l\u00e8ves dans le primaire et le secondaire\u00bb, s\u2019est engag\u00e9 M. Ouattara devant un parterre de personnalit\u00e9s. \u00a0<\/p>\n<p>\u00ab La priorit\u00e9 de notre action sera centr\u00e9e sur l\u2019\u00e9ducation, la formation et l\u2019emploi des jeunes. Je r\u00e9affirme mon engagement en faveur de l\u2019\u00e9cole obligatoire et la gratuit\u00e9 de l\u2019\u00e9cole publique pour les enfants de 6 \u00e0 16 ans\u00bb, a indiqu\u00e9 le chef de l\u2019ex\u00e9cutif ivoirien estimant que \u00ab l\u2019\u00e9ducation est un droit inali\u00e9nable pour tous les enfants de notre pays\u00bb.<\/p>\n<p>Poursuivant, M. Ouattara qui entame ainsi un nouveau mandat \u00e0 la t\u00eate de son pays, a pass\u00e9 en revue les actions prioritaires de son plan d\u2019actions pour les cinq ann\u00e9es \u00e0 venir. \u00a0\u00ab La corruption entra\u00eene une mauvaise utilisation des fonds publics. Les cas de corruption seront r\u00e9prim\u00e9s\u00bb, a-t-il assur\u00e9.<\/p>\n<p>M. Ouattara a \u00e9t\u00e9 r\u00e9\u00e9lu pour un nouveau mandat \u00e0 la t\u00eate de la C\u00f4te d\u2019Ivoire \u00e0 l\u2019issue \u00a0du premier tour de l\u2019\u00e9lection pr\u00e9sidentielle du 31 octobre dernier avec 94,27 % des suffrages contre 1,99 % pour son adversaire Kouadio Konan Bertin dit KKB.<\/p>\n<p>Henri Konan B\u00e9di\u00e9 et Pascal Affi N\u2019Guessan, les deux autres candidats de l\u2019opposition ont boycott\u00e9 ce scrutin qui a enregistr\u00e9 un taux de participation de 53,90 %.<\/p>\n<\/div>\n<p>Auteur: APA News<br \/>\n<a href=\"https:\/\/www.journalducameroun.com\/education-le-gouvernement-ivoirien-prendra-en-charge-les-frais-coges-a-compter-de-janvier-2021-ouattara\/\">Cliquez ici pour lire l&rsquo;article depuis sa source.<\/a><\/p>\n","protected":false},"excerpt":{"rendered":"<p>Publi\u00e9 le 14.12.2020 \u00e0 21h18 par APA News Le gouvernement ivoirien et les collectivit\u00e9s locales prendront en charge \u00e0 partir de janvier 2021, les frais des Comit\u00e9 de gestion des \u00e9tablissements scolaires ( COGES) jusque-l\u00e0 support\u00e9s par les parents d\u2019\u00e9l\u00e8ves et objet de contestation dans les \u00e9coles du pays.L\u2019annonce a \u00e9t\u00e9 faite lundi par le [&hellip;]<\/p>\n","protected":false},"author":1965,"featured_media":0,"comment_status":"closed","ping_status":"closed","sticky":false,"template":"","format":"standard","meta":{"fifu_image_url":"","fifu_image_alt":"","footnotes":""},"categories":[73,82],"tags":[],"class_list":["post-107173","post","type-post","status-publish","format-standard","hentry","category-actualite","category-cameroun"],"_links":{"self":[{"href":"https:\/\/linitiative.ca\/International\/wp-json\/wp\/v2\/posts\/107173","targetHints":{"allow":["GET"]}}],"collection":[{"href":"https:\/\/linitiative.ca\/International\/wp-json\/wp\/v2\/posts"}],"about":[{"href":"https:\/\/linitiative.ca\/International\/wp-json\/wp\/v2\/types\/post"}],"author":[{"embeddable":true,"href":"https:\/\/linitiative.ca\/International\/wp-json\/wp\/v2\/users\/1965"}],"replies":[{"embeddable":true,"href":"https:\/\/linitiative.ca\/International\/wp-json\/wp\/v2\/comments?post=107173"}],"version-history":[{"count":0,"href":"https:\/\/linitiative.ca\/International\/wp-json\/wp\/v2\/posts\/107173\/revisions"}],"wp:attachment":[{"href":"https:\/\/linitiative.ca\/International\/wp-json\/wp\/v2\/media?parent=107173"}],"wp:term":[{"taxonomy":"category","embeddable":true,"href":"https:\/\/linitiative.ca\/International\/wp-json\/wp\/v2\/categories?post=107173"},{"taxonomy":"post_tag","embeddable":true,"href":"https:\/\/linitiative.ca\/International\/wp-json\/wp\/v2\/tags?post=107173"}],"curies":[{"name":"wp","href":"https:\/\/api.w.org\/{rel}","templated":true}]}}