{"id":107174,"date":"2020-12-14T15:18:06","date_gmt":"2020-12-14T20:18:06","guid":{"rendered":"https:\/\/linitiative.ca\/International\/presidence-ivoirienne-ouattara-prete-serment-en-presence-de-13-chefs-detat\/"},"modified":"2020-12-14T15:18:06","modified_gmt":"2020-12-14T20:18:06","slug":"presidence-ivoirienne-ouattara-prete-serment-en-presence-de-13-chefs-detat","status":"publish","type":"post","link":"https:\/\/linitiative.ca\/International\/presidence-ivoirienne-ouattara-prete-serment-en-presence-de-13-chefs-detat\/","title":{"rendered":"Pr\u00e9sidence ivoirienne: Ouattara pr\u00eate serment en pr\u00e9sence de 13 chefs d\u2019Etat"},"content":{"rendered":"<div readability=\"32\">\n<p>Publi\u00e9 le 14.12.2020 \u00e0 21h18 par APA News<\/p>\n<\/div>\n<div readability=\"114\">\n<p>Elu \u00e0 la pr\u00e9sidentielle ivoirienne du 31 octobre 2020, Alassane Ouattara a pr\u00eat\u00e9 serment lundi au palais de la pr\u00e9sidence de la R\u00e9publique \u00e0 Abidjan-Plateau, pour un nouveau mandat de 5 ans en pr\u00e9sence de 13 chefs d\u2019Etat.M. Ouattara a pr\u00eat\u00e9 serment devant le Conseil constitutionnel conform\u00e9ment aux dispositions l\u00e9gales. La main gauche pos\u00e9e sur la Constitution et la main droite lev\u00e9e, il s\u2019est engag\u00e9 \u00e0 garantir la loi fondamentale.\u00a0<\/p>\n<p>\u00ab\u00a0Vous \u00e9tiez \u00e9ligible et aujourd\u2019hui, vous \u00eates \u00e9lu\u00a0\u00bb, a d\u00e9clar\u00e9 le pr\u00e9sident du Conseil constitutionnel, Mamadou Kon\u00e9, soulignant la d\u00e9cision de l\u2019institution. L\u2019opposition, elle, estime que M. Ouattara effectue un troisi\u00e8me mandat en violation de la Constitution.<\/p>\n<p>Pour le Conseil constitutionnel, la loi fondamentale de 2016 consacre la troisi\u00e8me R\u00e9publique. De ce fait, M. Alassane Ouattara, pr\u00e9sident sortant, exerce son premier mandat de cette troisi\u00e8me R\u00e9publique.\u00a0<\/p>\n<p>Le vote a \u00e9t\u00e9 boycott\u00e9 par les candidats Affi Nguessan, pr\u00e9sident du Front populaire ivoirien (FPI) et Henri Konan B\u00e9di\u00e9, chef du Parti d\u00e9mocratique de C\u00f4te d\u2019Ivoire (Pdci). Ils ont estim\u00e9 que les conditions n\u2019\u00e9taient pas r\u00e9unies pour un scrutin cr\u00e9dible. \u00a0<\/p>\n<p>\u00ab\u00a0Le peuple de C\u00f4te a fait un choix (\u2026) de la d\u00e9mocratie, de la paix et de la stabilit\u00e9, \u00a0en d\u00e9pit de toutes les entraves de leur droit de vote\u00a0\u00bb, a d\u00e9clar\u00e9 le pr\u00e9sident Alassane Ouattara, dans un discours apr\u00e8s sa prestation de serment.\u00a0<\/p>\n<p>La prestation de serment a eu lieu en pr\u00e9sence de la Premi\u00e8re dame, Dominique Ouattara, du Premier ministre Hamed Bakayoko, de l\u2019ancien pr\u00e9sident fran\u00e7ais Nicolas Sarkozy et du ministre fran\u00e7ais de l\u2019Europe et des Affaires \u00e9trang\u00e8res, Jean-Yves Le Drian.<\/p>\n<p>Treize chefs d\u2019Etat africains, notamment celui du Togo, du Burkina Faso, du Congo, du Niger, du S\u00e9n\u00e9gal, \u00a0du Ghana, du B\u00e9nin, du Lib\u00e9ria, de la Sierra L\u00e9one, de l\u2019\u00c9thiopie, de la Mauritanie, de la Guin\u00e9e-Bissau et du Mali, ont particip\u00e9 \u00e0 cette investiture.<\/p>\n<p>En outre, \u00e9taient pr\u00e9sents Ernest Bai Koroma, l\u2019ancien pr\u00e9sident de la Sierra L\u00e9one, le vice-pr\u00e9sident de l\u2019Angola et Goodluck Jonathan, ancien pr\u00e9sident de la R\u00e9publique f\u00e9d\u00e9rale du Nigeria, ainsi que des repr\u00e9sentants d\u2019organismes internationaux, bilat\u00e9raux et r\u00e9gionaux.<\/p>\n<p>\u00c9lu en 2010 puis en 2015, Alassane Ouattara a \u00e9t\u00e9 \u00e9lu le 31 octobre 2020 avec 94,27% des suffrages exprim\u00e9s et un taux de participation de 53,90%. Il effectue, selon le Conseil constitutionnel, son premier mandat quinquennal de la IIIe R\u00e9publique.\u00a0<\/p>\n<\/div>\n<p>Auteur: APA News<br \/>\n<a href=\"https:\/\/www.journalducameroun.com\/presidence-ivoirienne-ouattara-prete-serment-en-presence-de-13-chefs-detat\/\">Cliquez ici pour lire l&rsquo;article depuis sa source.<\/a><\/p>\n","protected":false},"excerpt":{"rendered":"<p>Publi\u00e9 le 14.12.2020 \u00e0 21h18 par APA News Elu \u00e0 la pr\u00e9sidentielle ivoirienne du 31 octobre 2020, Alassane Ouattara a pr\u00eat\u00e9 serment lundi au palais de la pr\u00e9sidence de la R\u00e9publique \u00e0 Abidjan-Plateau, pour un nouveau mandat de 5 ans en pr\u00e9sence de 13 chefs d\u2019Etat.M. Ouattara a pr\u00eat\u00e9 serment devant le Conseil constitutionnel conform\u00e9ment [&hellip;]<\/p>\n","protected":false},"author":1965,"featured_media":0,"comment_status":"closed","ping_status":"closed","sticky":false,"template":"","format":"standard","meta":{"fifu_image_url":"","fifu_image_alt":"","footnotes":""},"categories":[73,82],"tags":[],"class_list":["post-107174","post","type-post","status-publish","format-standard","hentry","category-actualite","category-cameroun"],"_links":{"self":[{"href":"https:\/\/linitiative.ca\/International\/wp-json\/wp\/v2\/posts\/107174","targetHints":{"allow":["GET"]}}],"collection":[{"href":"https:\/\/linitiative.ca\/International\/wp-json\/wp\/v2\/posts"}],"about":[{"href":"https:\/\/linitiative.ca\/International\/wp-json\/wp\/v2\/types\/post"}],"author":[{"embeddable":true,"href":"https:\/\/linitiative.ca\/International\/wp-json\/wp\/v2\/users\/1965"}],"replies":[{"embeddable":true,"href":"https:\/\/linitiative.ca\/International\/wp-json\/wp\/v2\/comments?post=107174"}],"version-history":[{"count":0,"href":"https:\/\/linitiative.ca\/International\/wp-json\/wp\/v2\/posts\/107174\/revisions"}],"wp:attachment":[{"href":"https:\/\/linitiative.ca\/International\/wp-json\/wp\/v2\/media?parent=107174"}],"wp:term":[{"taxonomy":"category","embeddable":true,"href":"https:\/\/linitiative.ca\/International\/wp-json\/wp\/v2\/categories?post=107174"},{"taxonomy":"post_tag","embeddable":true,"href":"https:\/\/linitiative.ca\/International\/wp-json\/wp\/v2\/tags?post=107174"}],"curies":[{"name":"wp","href":"https:\/\/api.w.org\/{rel}","templated":true}]}}