{"id":107175,"date":"2020-12-14T11:48:40","date_gmt":"2020-12-14T16:48:40","guid":{"rendered":"https:\/\/linitiative.ca\/International\/securisation-de-lespace-portuaire-le-canton-bell-et-le-port-de-douala-a-couteaux-tires\/"},"modified":"2020-12-14T11:48:40","modified_gmt":"2020-12-14T16:48:40","slug":"securisation-de-lespace-portuaire-le-canton-bell-et-le-port-de-douala-a-couteaux-tires","status":"publish","type":"post","link":"https:\/\/linitiative.ca\/International\/securisation-de-lespace-portuaire-le-canton-bell-et-le-port-de-douala-a-couteaux-tires\/","title":{"rendered":"S\u00e9curisation de l\u2019espace portuaire : le Canton Bell et le Port de Douala \u00e0 couteaux tir\u00e9s"},"content":{"rendered":"<p>Le bras de fer entre le Canton Bell (Bonanjo, Bonapriso, Bonadumbe, Bonaduma, Bojongo) et le Port autonome de Douala (PAD) ne faiblit pas. Cette chefferie sup\u00e9rieure du Wouri persiste et signe dans sa d\u00e9cision de conserver une autorit\u00e9 sur les espaces du Canton situ\u00e9s sur les berges du Wouri: son autorit\u00e9 s\u2019\u00e9tend jusqu\u2019\u00e0 Essengue, un quartier de l\u2019arrondissement de Douala 1er, situ\u00e9 sur les berges du Wouri. Sa Majest\u00e9 Jean Yves Eboumbou Douala Manga Bell l\u2019a r\u00e9it\u00e9r\u00e9 ce 29 novembre 2020, alors qu\u2019il installait provisoirement le chef de ce village. En martelant par ailleurs, sa farouche opposition contre le Port autonome de Douala, qui d\u2019apr\u00e8s lui, \u00abveut d\u00e9guerpir injustement de nombreuses familles des terres mises en valeur par la famille r\u00e9gnante Njo Njo de g\u00e9n\u00e9ration en g\u00e9n\u00e9ration\u00bb. Le Port de Douala a en effet engag\u00e9 depuis 2013, une vaste op\u00e9ration d\u2019identification, de consolidation et de s\u00e9curisation de son domaine, avec le concours du minist\u00e8re des Domaines, du Cadastre et des Affaires fonci\u00e8res. \u00c9tendu sur 600 hectares en exploitation, 1000 hectares de r\u00e9serve fonci\u00e8re, 80.000 m2 de surface de trafic conventionnel, 20 km de routes bitum\u00e9es et voie ferr\u00e9e, l\u2019aire portuaire est r\u00e9guli\u00e8rement attent\u00e9e par des constructions immobili\u00e8res diverses (industries, maison d\u2019habitation, commerces etc\u2026).<\/p>\n<p><strong>Lire aussi<\/strong> : <a href=\"https:\/\/ecomatin.net\/affaire-pad-dit-loffensive-de-la-task-force-maritime\/\">Affaire PAD\/DIT\u00a0: l\u2019offensive de la Task force maritime<\/a><\/p>\n<p>La zone d\u2019Essengue re\u00e7oit quotidiennement un important flux de populations venues des r\u00e9gions anglophones du Nord-ouest et du Sud-ouest, de l\u2019Extr\u00eame-Nord, de la Centrafrique, du Nig\u00e9ria, et m\u00eame du Soudan, qui vivent aux c\u00f4t\u00e9s des autochtones (Duala et Bassa). Sa Majest\u00e9 Rollin Ren\u00e9 Paul Nguih estime \u00e0 plus de 15.000 \u00e2mes, les personnes vivantes au quartier Essengue, consid\u00e9r\u00e9 par le Port autonome de Douala comme sa r\u00e9serve fonci\u00e8re. Le 16 janvier 2018, sur r\u00e9clamation de l\u2019autorit\u00e9 portuaire, 51 m\u00e9nages avaient \u00e9t\u00e9 d\u00e9guerpies d\u2019une partie d\u2019Essengue par Jean Marie Tchakui, encore sous-Pr\u00e9fet de Douala 1er. Une op\u00e9ration qui avait provoqu\u00e9 le courroux du Canton Bell malgr\u00e9 l\u2019accompagnement financier du PAD au profit des d\u00e9guerpis.<\/p>\n<p><strong>Lire aussi<\/strong> : <a href=\"https:\/\/ecomatin.net\/affaire-dit-pad-encore-2-cartes-a-jouer-pour-le-pad\/\">Affaire DIT\/PAD\u00a0: 2 cartes \u00e0 jouer pour le PAD<\/a><\/p>\n<p>Malgr\u00e9 tout, le Canton Njo Njo poursuit sa r\u00e9sistance sur cette zone poissonneuse o\u00f9 prolif\u00e8re \u00e9galement du petit commerce, des \u00e9changes clandestins, et l\u2019ins\u00e9curit\u00e9. \u00abNous devons d\u00e9fendre nos terres. La situation pr\u00e9caire de l\u2019ensemble de ces populations a trouv\u00e9 une r\u00e9ponse sociale et d\u2019hospitalit\u00e9 sur ces terres ancestrales, mise en valeur par des courageuses populations y install\u00e9es depuis plusieurs d\u00e9cennies. Nous sommes d\u2019ailleurs en proc\u00e8s contre le Port autonome de Douala\u00bb, renseigne Sa Majest\u00e9 Jean Yves Eboumbou Douala Manga Bell. Au Port autonome de Douala, les travaux de modernisation et d\u2019extension se poursuivent. Travaux qui pr\u00e9voient une s\u00e9curisation physique constitu\u00e9e d\u2019une cl\u00f4ture p\u00e9rim\u00e9trique de plus de 20 kilom\u00e8tres, \u00e9clair\u00e9e et prot\u00e9g\u00e9e par vid\u00e9osurveillance, des acc\u00e8s, avec gu\u00e9rites, seront surveill\u00e9s par des \u00e9quipements ultra modernes, des ponts bascules statiques et dynamiques en ligne pour la pes\u00e9e syst\u00e9matique des v\u00e9hicules lourds et conteneuris\u00e9s, des portes avec tourniquets pour acc\u00e8s des pi\u00e9tons apr\u00e8s reconnaissance biom\u00e9trique ou par un badge.\u00a0Co\u00fbt de l\u2019investissement, environ 25 milliards de Fcfa.<\/p>\n<p><strong>Lire aussi<\/strong> : <a href=\"https:\/\/ecomatin.net\/berges-du-wouri-le-pad-et-la-sci-de-lestuaire-signent-un-partenariat-pour-la-construction-de-logements\/\">Berges du Wouri\u00a0: le PAD et la SCI de l\u2019Estuaire signent un partenariat pour la construction de logements<\/a><\/p>\n<p>Auteur: Georges Semey<br \/>\n<a href=\"https:\/\/ecomatin.net\/securisation-de-lespace-portuaire-le-canton-bell-et-le-port-de-douala-a-couteaux-tires\/\">Cliquez ici pour lire l&rsquo;article depuis sa source.<\/a><\/p>\n","protected":false},"excerpt":{"rendered":"<p>Le bras de fer entre le Canton Bell (Bonanjo, Bonapriso, Bonadumbe, Bonaduma, Bojongo) et le Port autonome de Douala (PAD) ne faiblit pas. Cette chefferie sup\u00e9rieure du Wouri persiste et signe dans sa d\u00e9cision de conserver une autorit\u00e9 sur les espaces du Canton situ\u00e9s sur les berges du Wouri: son autorit\u00e9 s\u2019\u00e9tend jusqu\u2019\u00e0 Essengue, un [&hellip;]<\/p>\n","protected":false},"author":1969,"featured_media":0,"comment_status":"closed","ping_status":"closed","sticky":false,"template":"","format":"standard","meta":{"fifu_image_url":"","fifu_image_alt":"","footnotes":""},"categories":[82,78],"tags":[],"class_list":["post-107175","post","type-post","status-publish","format-standard","hentry","category-cameroun","category-economie"],"_links":{"self":[{"href":"https:\/\/linitiative.ca\/International\/wp-json\/wp\/v2\/posts\/107175","targetHints":{"allow":["GET"]}}],"collection":[{"href":"https:\/\/linitiative.ca\/International\/wp-json\/wp\/v2\/posts"}],"about":[{"href":"https:\/\/linitiative.ca\/International\/wp-json\/wp\/v2\/types\/post"}],"author":[{"embeddable":true,"href":"https:\/\/linitiative.ca\/International\/wp-json\/wp\/v2\/users\/1969"}],"replies":[{"embeddable":true,"href":"https:\/\/linitiative.ca\/International\/wp-json\/wp\/v2\/comments?post=107175"}],"version-history":[{"count":0,"href":"https:\/\/linitiative.ca\/International\/wp-json\/wp\/v2\/posts\/107175\/revisions"}],"wp:attachment":[{"href":"https:\/\/linitiative.ca\/International\/wp-json\/wp\/v2\/media?parent=107175"}],"wp:term":[{"taxonomy":"category","embeddable":true,"href":"https:\/\/linitiative.ca\/International\/wp-json\/wp\/v2\/categories?post=107175"},{"taxonomy":"post_tag","embeddable":true,"href":"https:\/\/linitiative.ca\/International\/wp-json\/wp\/v2\/tags?post=107175"}],"curies":[{"name":"wp","href":"https:\/\/api.w.org\/{rel}","templated":true}]}}