{"id":107176,"date":"2020-12-14T12:14:47","date_gmt":"2020-12-14T17:14:47","guid":{"rendered":"https:\/\/linitiative.ca\/International\/affaire-pad-canton-bell-335-hectares-seulement-pour-le-pad\/"},"modified":"2020-12-14T12:14:47","modified_gmt":"2020-12-14T17:14:47","slug":"affaire-pad-canton-bell-335-hectares-seulement-pour-le-pad","status":"publish","type":"post","link":"https:\/\/linitiative.ca\/International\/affaire-pad-canton-bell-335-hectares-seulement-pour-le-pad\/","title":{"rendered":"Affaire PAD\/Canton Bell : 335 hectares seulement pour le PAD"},"content":{"rendered":"<p>C\u2019est ce 14 d\u00e9cembre 2020 qu\u2019aura lieu le proc\u00e8s entre le PAD et la Communaut\u00e9 Essengue au Tribunal de grande instance de Douala-Bonanjo. R\u00e9sultat d\u2019un \u00e9ni\u00e8me renvoi apr\u00e8s une plainte avec constitution de partie civile d\u00e9pos\u00e9e par Sa Majest\u00e9 Jean Yves Eboumbou Douala Manga Bell, le Chef sup\u00e9rieur du Canton Bell, contre Cyrus Ngo\u2019o et Moukoko Charles Michaux respectivement Directeur g\u00e9n\u00e9ral et Directeur adjoint du Port autonome de Douala. Plainte pour \u00abreconnaissance des droits immobiliers des populations allochtones d\u2019Essengue-Canton Bell\u00bb. La communaut\u00e9 Essengue conteste la mainmise du Port autonome de Douala sur ces terres: 1000 hectares pour le PAD, 335 hectares pour la communaut\u00e9 Essengue-Canton Bell qui s\u2019appuie sur les dispositions du D\u00e9cret n\u00b077\/414 du 20 octobre 1977 modifiant la d\u00e9limitation du domaine public portuaire de Douala-Bonaberi.<\/p>\n<p><strong>Lire aussi<\/strong> : <a href=\"https:\/\/ecomatin.net\/securisation-de-lespace-portuaire-le-canton-bell-et-le-port-de-douala-a-couteaux-tires\/\">S\u00e9curisation de l\u2019espace portuaire\u00a0: le Canton Bell et le Port de Douala \u00e0 couteaux tir\u00e9s<\/a><\/p>\n<p>D\u2019apr\u00e8s Sa Majest\u00e9 Rollin Ren\u00e9 Paul Nguih, \u00able Port autonome de Douala ne dispose d\u2019aucun document juridique probant pour revendiquer un droit sur Essengue\u00bb. Alusion faite \u00e0 une proposition de D\u00e9claration d\u2019utilit\u00e9 publique (DUP) d\u00e9pos\u00e9e par le Port autonome de Douala aupr\u00e8s du Pr\u00e9sident de la R\u00e9publique: \u00able D\u00e9cret y relatif n\u2019a pas encore \u00e9t\u00e9 sign\u00e9 que le Port autonome de Douala se pr\u00e9vaut de ce document\u00bb, indique fermement le Chef du village Essengue. Toujours d\u2019apr\u00e8s le Canton Bell, l\u2019argument de propri\u00e9t\u00e9 du PAD sur 1000 hectares est tout simplement \u00abfallacieux et contestable\u00bb: 800 hectares regroupant les quartiers Youpwe et Essengue constituent la \u00abzone de pr\u00e9tention\u00bb du Port autonome de Douala, 335 hectares de \u00abzone de droit\u00bb relevant du PAD, et 100 hectares de \u00abzone de convoitise\u00bb. En r\u00e9alit\u00e9, d\u2019apr\u00e8s le Canton Bell, les droits fonciers du Pad s\u2019\u00e9tablissent sur 335 hectares seulement.<\/p>\n<p>Au Port autonome de Douala, on est satisfait de la r\u00e9ussite de la d\u00e9limitation pr\u00e9cise de son domaine et le r\u00e9tablissement de son emprise originelle: \u00able Port de Douala avait besoin que les espaces occup\u00e9s \u00e0 tort soient lib\u00e9r\u00e9s. Et souhaite m\u00eame en acqu\u00e9rir de nouveaux, dans un processus d\u2019extension qui est un des garants de sa comp\u00e9titivit\u00e9\u00bb, affirme une autre source au sein du PAD. Le port de Douala envisage ainsi un nouveau d\u00e9ploiement dont les grandes lignes ont \u00e9t\u00e9 pr\u00e9sent\u00e9es par le Directeur g\u00e9n\u00e9ral Cyrus Ngo\u2019o: \u00e9tendre le terminal \u00e0 conteneurs, cr\u00e9er un nouveau parc \u00e0 v\u00e9hicules s\u00e9curis\u00e9, am\u00e9nager des zones d\u2019attente de camions, cr\u00e9er une zone urbano-portuaire, ou une zone tampon entre la ville et le port etc\u2026<\/p>\n<p><strong>Lire aussi<\/strong> :\u00a0<a href=\"https:\/\/ecomatin.net\/affaire-pad-dit-loffensive-de-la-task-force-maritime\/\">Affaire PAD\/DIT\u00a0: l\u2019offensive de la Task force maritime<\/a><\/p>\n<p>En marge de la proc\u00e9dure judiciaire en cours au Tribunal de grande instance de Douala, la communaut\u00e9 Essengue se mobilise autrement. Pr\u00eate \u00e0 l\u00e2cher du lest au profit du Pad, mais sous de strictes conditions d\u00e9voil\u00e9es par Sa Majest\u00e9 Rollin Ren\u00e9 Paul Nguih: \u00abla communaut\u00e9 Essengue est pr\u00eate \u00e0 engager des pourparlers avec le Port autonome de Douala pour la mise en place d\u2019une commission conjointe charg\u00e9e du recensement des populations d\u2019Essengue, de l\u2019\u00e9valuation des biens meubles et immeubles des habitants, de la d\u00e9finition d\u2019une zone de recasement, et de l\u2019indemnisation des d\u00e9guerpis\u00bb.<\/p>\n<p>Par ailleurs, le Canton Bell sollicite \u00abla cl\u00e9mence\u00bb du Pr\u00e9sident de la R\u00e9publique pour le d\u00e9classement de 400 hectares \u00ab\u00e0 reverser aux populations d\u2019Essengue\u00bb. Le contentieux sur la d\u00e9limitation territorial du quartier Essengue s\u2019ajoute \u00e0 plusieurs autres points de friction entre le Canton Bell et le Port autonome de Douala. Le 5 juin 2020, la Communaut\u00e9 Essengue a comparu contre Abdoul Karim, le Commandant de la Capitainerie du PAD, pr\u00e8s du tribunal militaire de Douala pour \u00abdestruction de biens, trouble de jouissance, coups et blessures, et menaces sous conditions\u00bb. En date du 11 novembre 2020, la m\u00eame communaut\u00e9 d\u00e9posait, par voie d\u2019huissier, un proc\u00e8s-verbal de sommation interpellative contre le PAD pour \u00abrestriction de mobilit\u00e9 li\u00e9e \u00e0 deux dispositifs majeurs mis sur pied par le PAD\u00bb. La bataille s\u2019annonce par cons\u00e9quent longue entre le PAD et le Canton Bell. En perspective entre les deux parties, des d\u00e9guerpissements, annulation des titres de propri\u00e9t\u00e9 fonci\u00e8re, des contestations ou d\u2019\u00e9ventuelles indemnisations. Le PAD persiste et signe: \u00ab\u00e0 la fin de la s\u00e9curisation du domaine portuaire par une barri\u00e8re param\u00e9trique, Essengue sera dans le port. La Superficie du PAD, c\u2019est 1000 hectares et Essengue est dans les 1000 hectares. Un Chef ne peut pas emp\u00eacher le d\u00e9veloppement d\u2019un pays\u00bb, confie in fine un cadre du PAD.<\/p>\n<p><strong>Lire aussi<\/strong> : \u00a0<a href=\"https:\/\/ecomatin.net\/affaire-dit-pad-encore-2-cartes-a-jouer-pour-le-pad\/\">Affaire DIT\/PAD\u00a0: 2 cartes \u00e0 jouer pour le PAD<\/a><\/p>\n<p><strong>Le PAD l\u00e8ve le flou sur les limites de son domaine<\/strong><\/p>\n<p>O\u00f9 se situent exactement les limites du domaine portuaire de Douala-Bonab\u00e9ri ? Qui empi\u00e8te et est occupe ill\u00e9galement sur les 1000 hectares de zone portuaire? Des interrogations pertinentes et objectives au regard de la tension entre le Port autonome de Douala d\u2019une part et diverses communaut\u00e9s, particuliers ou op\u00e9rateurs \u00e9conomiques d\u2019autre part.<\/p>\n<p>\u00abDe nombreuses convoitises, mat\u00e9rialis\u00e9es par des occupations anarchiques, des contestations de communaut\u00e9s coutumi\u00e8res riveraines et d\u2019attributions faites par des autorit\u00e9s non habilit\u00e9es\u00bb, confirme une source au Port de Douala. Pourtant le processus de d\u00e9limitation de l\u2019emprise fonci\u00e8re du Port de Douala-Bonaberi a connu un d\u00e9marrage participatif et int\u00e9gr\u00e9. Trois grandes phases ont ainsi permis de d\u00e9limiter d\u00e9finitivement le domaine portuaire malgr\u00e9 la ferme opposition du Canton Bell et de plus de 15.000 personnes dont une premi\u00e8re vague sera d\u00e9guerpie le 16 janvier 2018.<\/p>\n<p>\u00abLa 1\u00e8re phase consistait en la sensibilisation des autorit\u00e9s, des Chefs traditionnels et des occupants du domaine public portuaire \u00bb. Suivra la fabrication de 100 bornes et 20 balises g\u00e9antes estampill\u00e9es PAD et leur implantation par les brigades topographiques conduites par les responsables centraux et des services d\u00e9concentr\u00e9s du Mindcaf et du PAD, \u00abdans le strict respect des coordonn\u00e9es d\u00e9finies par les d\u00e9crets pr\u00e9sidentiels N\u00b075\/498 du 03 Juillet 1975 et N\u00b077\/414 du 10 Octobre 1977, portant classement du domaine public portuaire de Douala-Bonab\u00e9ri\u00bb, pr\u00e9cise notre source. Qui ajoute : \u00abmalgr\u00e9 les difficult\u00e9s d\u2019acc\u00e8s \u00e0 certains sites et des intemp\u00e9ries, une soixantaine de bornes et la quasi-totalit\u00e9 des balises ont pu \u00eatre implant\u00e9es par une \u00e9quipe Mindcaf\/PAD et des \u00e9l\u00e9ments des Forces de Maintien de l\u2019Ordre (FMO)\u00bb.<\/p>\n<p><strong>Lire aussi<\/strong> : <a href=\"https:\/\/ecomatin.net\/berges-du-wouri-le-pad-et-la-sci-de-lestuaire-signent-un-partenariat-pour-la-construction-de-logements\/\">Berges du Wouri\u00a0: le PAD et la SCI de l\u2019Estuaire signent un partenariat pour la construction de logements<\/a><\/p>\n<p>Un rapport a sanctionn\u00e9 cette premi\u00e8re phase. Ledit rapport sera transmis, le 20 d\u00e9cembre 2016, au ministre des Domaines, du Cadastre et des Affaires fonci\u00e8res (Mindcaf), Jacqueline Koung \u00e0 Bessike alors en poste, en pr\u00e9sence du ministre des Transports de l\u2019\u00e9poque, Edgard Alain Mebe Ngo\u2019o, et du ministre de l\u2019Habitat et du d\u00e9veloppement urbain, Jean-Claude Mbwentchou. \u00abL\u2019op\u00e9ration a pris du temps mais on ne peut que se r\u00e9jouir du r\u00e9sultat \u00bb, d\u00e9clarait Cyrus Ngo\u2019o, le Directeur g\u00e9n\u00e9ral du Port autonome de Douala (PAD).<\/p>\n<p>La deuxi\u00e8me phase de cette op\u00e9ration, \u00e9tal\u00e9e sur deux mois a \u00e9t\u00e9 pilot\u00e9e par une \u00e9quipe technique conjointe Mindcaf\/PAD, d\u00e8s le 13 mars 2017. Elle a consist\u00e9 \u00e0 identifier et sensibiliser les occupants des zones de pr\u00e9tention: il s\u2019agit notamment de la crique du Dr. Tokoto (en contrebas de la pr\u00e9fecture du Wouri), le magasin ex-g\u00e9nie militaire (en contrebas de l\u2019h\u00f4tel Rhabinga), le site abritant l\u2019immeuble si\u00e8ge du PAD, le site abritant le Club House du PAD et l\u2019immeuble, la zone de Youpwe, Mabanda, Alpicam et ses environs. D\u2019apr\u00e8s le PAD, ces terrains rel\u00e8vent des statuts juridiques particuliers: domaines national, priv\u00e9 des particuliers, priv\u00e9 de l\u2019Etat et public fluvial. La troisi\u00e8me phase quant \u00e0 elle a consist\u00e9 \u00e0 poursuivre l\u2019op\u00e9ration de s\u00e9curisation dans la circonscription portuaire de Limbe\/Tiko encore sous la gestion transitoire du PAD.<\/p>\n<p><strong>Lire aussi<\/strong> : \u00a0<a href=\"https:\/\/ecomatin.net\/trafic-maritime-le-port-de-kribi-atteint-sa-1000eme-escale\/\">Trafic maritime\u00a0: le Port de Kribi atteint sa 1000<sup>\u00e8me<\/sup>\u00a0escale<\/a><\/p>\n<p>Auteur: Georges Semey<br \/>\n<a href=\"https:\/\/ecomatin.net\/affaire-pad-canton-bell-335-hectares-seulement-pour-le-pad\/\">Cliquez ici pour lire l&rsquo;article depuis sa source.<\/a><\/p>\n","protected":false},"excerpt":{"rendered":"<p>C\u2019est ce 14 d\u00e9cembre 2020 qu\u2019aura lieu le proc\u00e8s entre le PAD et la Communaut\u00e9 Essengue au Tribunal de grande instance de Douala-Bonanjo. R\u00e9sultat d\u2019un \u00e9ni\u00e8me renvoi apr\u00e8s une plainte avec constitution de partie civile d\u00e9pos\u00e9e par Sa Majest\u00e9 Jean Yves Eboumbou Douala Manga Bell, le Chef sup\u00e9rieur du Canton Bell, contre Cyrus Ngo\u2019o et [&hellip;]<\/p>\n","protected":false},"author":1969,"featured_media":0,"comment_status":"closed","ping_status":"closed","sticky":false,"template":"","format":"standard","meta":{"fifu_image_url":"","fifu_image_alt":"","footnotes":""},"categories":[82,78],"tags":[],"class_list":["post-107176","post","type-post","status-publish","format-standard","hentry","category-cameroun","category-economie"],"_links":{"self":[{"href":"https:\/\/linitiative.ca\/International\/wp-json\/wp\/v2\/posts\/107176","targetHints":{"allow":["GET"]}}],"collection":[{"href":"https:\/\/linitiative.ca\/International\/wp-json\/wp\/v2\/posts"}],"about":[{"href":"https:\/\/linitiative.ca\/International\/wp-json\/wp\/v2\/types\/post"}],"author":[{"embeddable":true,"href":"https:\/\/linitiative.ca\/International\/wp-json\/wp\/v2\/users\/1969"}],"replies":[{"embeddable":true,"href":"https:\/\/linitiative.ca\/International\/wp-json\/wp\/v2\/comments?post=107176"}],"version-history":[{"count":0,"href":"https:\/\/linitiative.ca\/International\/wp-json\/wp\/v2\/posts\/107176\/revisions"}],"wp:attachment":[{"href":"https:\/\/linitiative.ca\/International\/wp-json\/wp\/v2\/media?parent=107176"}],"wp:term":[{"taxonomy":"category","embeddable":true,"href":"https:\/\/linitiative.ca\/International\/wp-json\/wp\/v2\/categories?post=107176"},{"taxonomy":"post_tag","embeddable":true,"href":"https:\/\/linitiative.ca\/International\/wp-json\/wp\/v2\/tags?post=107176"}],"curies":[{"name":"wp","href":"https:\/\/api.w.org\/{rel}","templated":true}]}}