{"id":107179,"date":"2020-12-14T13:58:56","date_gmt":"2020-12-14T18:58:56","guid":{"rendered":"https:\/\/linitiative.ca\/International\/le-nouveau-visage-de-la-bicec-un-an-apres-le-depart-de-la-bpce\/"},"modified":"2020-12-14T13:58:56","modified_gmt":"2020-12-14T18:58:56","slug":"le-nouveau-visage-de-la-bicec-un-an-apres-le-depart-de-la-bpce","status":"publish","type":"post","link":"https:\/\/linitiative.ca\/International\/le-nouveau-visage-de-la-bicec-un-an-apres-le-depart-de-la-bpce\/","title":{"rendered":"Le nouveau visage de la Bicec un an apr\u00e8s le d\u00e9part de la Bpce"},"content":{"rendered":"<p>D\u2019apr\u00e8s Jean Baptiste Bokam, la Bicec est la 11\u00e8me r\u00e9gion du Cameroun. Le Pr\u00e9sident du conseil d\u2019administration de la Banque Internationale du Cameroun pour l\u2019Epargne et le Cr\u00e9dit \u00a0(Bicec) s\u2019exprimait face \u00e0 la presse \u00e0 Douala, \u00e0 l\u2019issue d\u2019une c\u00e9r\u00e9monie \u00e0 laquelle prenait part \u00e9galement\u00a0Kamad Mokdad, le Directeur g\u00e9n\u00e9ral du groupe BCP.\u00a0Pass\u00e9e sous le giron de la BCP depuis octobre 2019, la Bicec s\u2019inscrit d\u00e9sormais, \u00a0plus d\u2019un an apr\u00e8s, dans une nouvelle dynamique strat\u00e9gique et commerciale. La banque a engag\u00e9 une profonde transformation de ses services. Elle s\u2019est dot\u00e9e d\u2019un segment sp\u00e9cial d\u00e9di\u00e9 aux grandes entreprises, d\u2019un centre d\u2019affaires dot\u00e9 d\u2019un espace op\u00e9rationnel et d\u2019une agence client\u00e8le baptis\u00e9e \u00abAgence Corail\u00bb. Kamad Mokdad justifie cette r\u00e9organisation de services: \u00aben tant qu\u2019actionnaire de la Bicec aux c\u00f4t\u00e9s de l\u2019Etat camerounais, le Groupe BCP vise \u00e0 construire un mod\u00e8le profitable pour ses clients, ses collaborateurs et ses partenaires. Pour nos clients Particuliers, j\u2019ai le plaisir d\u2019annoncer qu\u2019une inflexion digitale est d\u2019ores et d\u00e9j\u00e0 amorc\u00e9e, et nous pr\u00e9voyons incessamment de leur offrir entre autres\u00bb, a-t-il pr\u00e9sent\u00e9.<\/p>\n<p><strong>Lire aussi<\/strong> : <a href=\"https:\/\/ecomatin.net\/les-credits-octroyes-par-la-bicec-baissent-de-91-en-2020\/\">Les cr\u00e9dits octroy\u00e9s par la Bicec baissent de 91% en 2020<\/a><\/p>\n<p>Ce r\u00e9am\u00e9nagement interne de la Bicec est assorti d\u2019une nouvelle identit\u00e9 visuelle de la banque. Identit\u00e9 visuelle repr\u00e9sent\u00e9e d\u00e9sormais par un cheval noir,\u00a0embl\u00e8me historique de la BCP,\u00a0au milieu d\u2019un cercle de couleur orange, qui \u00e9voque l\u2019univers du digital, dans lequel le groupe marocain, et \u00e0 travers lui, la Bicec, se sont r\u00e9solument engag\u00e9s. \u00abLa nouvelle identit\u00e9 adopt\u00e9e par la Bicec est ax\u00e9e autour du cheval, embl\u00e8me historique de la BCP, r\u00e9put\u00e9 pour son \u00e9l\u00e9gance, sa noblesse, son courage et sa r\u00e9sistance. Celui-ci renvoie l\u2019image dynamique d\u2019une banque forte et en mouvement, qui sait s\u2019adapter aux \u00e9volutions permanentes de son environnement\u00bb, a de nouveau expliqu\u00e9\u00a0le Directeur g\u00e9n\u00e9ral du groupe BCP.\u00a0\u00a0Si \u00e0 la Bicec, on consid\u00e8re que le changement de logo marque une rupture avec la Bpce,\u00a0l\u2019ancien actionnaire majoritaire, la nouvelle identit\u00e9 visuelle,\u00a0tout en pr\u00e9servant l\u2019identit\u00e9 de la marque Bicec, s\u2019exprime au-del\u00e0 d\u2019un simple changement de logo et de couleurs. \u00abElle repr\u00e9sente la promesse du groupe BCP d\u2019apporter \u00e0 l\u2019\u00e9conomie camerounaise et aux clients de la Bicec, des solutions innovantes, une qualit\u00e9 de service et des produits diversifi\u00e9s\u00bb, justifie\u00a0Kamad Mokdad.\u00a0<\/p>\n<p><strong>Lire aussi<\/strong> : <a href=\"https:\/\/ecomatin.net\/la-bicec-augmente-son-capital-de-37-milliards-de-f-cfa\/\">La Bicec augmente son capital de 37 milliards de Fcfa<\/a><\/p>\n<p>Apr\u00e8s le d\u00e9part de la BPCE, la Bicec a engag\u00e9 un processus \u00a0de consolidation et la finalisation\u00a0du processus d\u2019entr\u00e9e de la BCP dans le capital de la Bicec. Le groupe marocain a \u00e9galement entrepris l\u2019arrimage de la Bicec aux fili\u00e8res d\u2019expertise du groupe, l\u2019acc\u00e9l\u00e9ration et le partage de bonnes pratiques, la structuration de la feuille de route strat\u00e9gique de la banque. \u00abCette premi\u00e8re ann\u00e9e a \u00e9t\u00e9 \u00e9galement une ann\u00e9e de r\u00e9alisations pour les clients particuliers et entreprises. La Bicec s\u2019applique \u00e0 offrir de nouveaux produits mon\u00e9tiques et digitaux innovants, des parcours clients optimis\u00e9s et une qualit\u00e9 de services aux meilleurs standards\u00bb, a indiqu\u00e9 Rochdi Sanhaji, le Directeur g\u00e9n\u00e9ral de la Bicec Cameroun. Les r\u00e9formes engag\u00e9es par le groupe BCP au sein de la Bicec ont abouti \u00e0 la hausse de son capital social, port\u00e9 de 12 milliards de FCFA \u00e0 49 milliards \u00a0de FCFA apr\u00e8s bouclage, mars 2020, d\u2019une op\u00e9ration de souscription.\u00a0<\/p>\n<p><strong>Lire aussi<\/strong> : <a href=\"https:\/\/ecomatin.net\/deux-employes-de-la-bicec-testes-positifs-au-covid-19\/\">Deux employ\u00e9s de la Bicec test\u00e9s positifs au Covid-19<\/a><\/p>\n<p>La Bicec n\u2019a malheureusement pu se d\u00e9ployer efficacement aux c\u00f4t\u00e9s du Cameroun dans le financement des grands projets de d\u00e9veloppement. Cons\u00e9quence d\u2019apr\u00e8s Jean Baptise Bokam, de la transition structurelle et technique entre l\u2019ex-actionnaire fran\u00e7ais et le nouveau partenaire marocain. \u00abNous allons relancer notre partenariat avec l\u2019Etat du Cameroun dans le financement de ses projets structurants\u00bb, a rassur\u00e9 le Pr\u00e9sident du conseil d\u2019administration. La Bicec a toutefois activement particip\u00e9 aux emprunts obligataires et op\u00e9rations d\u2019\u00e9missions de titres initi\u00e9s par l\u2019Etat du Cameroun, pr\u00e9cise\u00a0le Directeur g\u00e9n\u00e9ral de la BCP et de l\u2019international. Qui indique \u00e9galement que par ailleurs, la Bicec a d\u00e9caiss\u00e9 plus de\u00a0120 milliards de FCFA de cr\u00e9dits nouveaux \u00e0 l\u2019\u00e9conomie locale (m\u00e9nages camerounais et petites et moyennes entreprises). 3\u00e8me banque du Cameroun en termes de d\u00e9p\u00f4ts, la Bicec dispose de plus de 380.000 clients au Cameroun, 800 employ\u00e9s r\u00e9partis sur un r\u00e9seau bancaire compos\u00e9 de 37 agences. La BCP d\u00e9tient 68,5% de parts d\u2019actions au sein de la Bicec, 17,5% d\u00e9tenus par l\u2019Etat du Cameroun, 7,5% par des petits actionnaires priv\u00e9s, 7,24% appartiennent \u00e0 la Proparco et 5% au personnel de la banque.\u00a0<\/p>\n<p><strong>Lire aussi<\/strong> : <a href=\"https:\/\/ecomatin.net\/que-valent-les-procedures-contre-bicec\/\">Que valent les proc\u00e9dures contre la Bicec<\/a><\/p>\n<p>Kamad Mokdad annonce en perspectives l\u2019ouverture prochaine de 2 centres d\u2019affaires \u00e0 Douala et \u00e0 Yaound\u00e9, une agence digitale au Grand mall de Douala, le renforcement de ses \u00e9quipes par le recrutement de hauts cadres, le lancement de nouveaux produits (carte Platinum, Infinite, Bi Pay, renforcement de l\u2019offre cash management), lancement des projets strat\u00e9giques (mont\u00e9e de la version informatique, rebranding du r\u00e9seau d\u2019agences, digitalisation, refonte du process cr\u00e9dit etc\u2026..), cr\u00e9ation d\u2019une soci\u00e9t\u00e9 de bourse (Usca).<\/p>\n<p>Auteur: Georges Semey<br \/>\n<a href=\"https:\/\/ecomatin.net\/le-nouveau-visage-de-la-bicec-un-an-apres-le-depart-de-la-bpce\/\">Cliquez ici pour lire l&rsquo;article depuis sa source.<\/a><\/p>\n","protected":false},"excerpt":{"rendered":"<p>D\u2019apr\u00e8s Jean Baptiste Bokam, la Bicec est la 11\u00e8me r\u00e9gion du Cameroun. Le Pr\u00e9sident du conseil d\u2019administration de la Banque Internationale du Cameroun pour l\u2019Epargne et le Cr\u00e9dit \u00a0(Bicec) s\u2019exprimait face \u00e0 la presse \u00e0 Douala, \u00e0 l\u2019issue d\u2019une c\u00e9r\u00e9monie \u00e0 laquelle prenait part \u00e9galement\u00a0Kamad Mokdad, le Directeur g\u00e9n\u00e9ral du groupe BCP.\u00a0Pass\u00e9e sous le giron [&hellip;]<\/p>\n","protected":false},"author":1969,"featured_media":0,"comment_status":"closed","ping_status":"closed","sticky":false,"template":"","format":"standard","meta":{"fifu_image_url":"","fifu_image_alt":"","footnotes":""},"categories":[82,78],"tags":[],"class_list":["post-107179","post","type-post","status-publish","format-standard","hentry","category-cameroun","category-economie"],"_links":{"self":[{"href":"https:\/\/linitiative.ca\/International\/wp-json\/wp\/v2\/posts\/107179","targetHints":{"allow":["GET"]}}],"collection":[{"href":"https:\/\/linitiative.ca\/International\/wp-json\/wp\/v2\/posts"}],"about":[{"href":"https:\/\/linitiative.ca\/International\/wp-json\/wp\/v2\/types\/post"}],"author":[{"embeddable":true,"href":"https:\/\/linitiative.ca\/International\/wp-json\/wp\/v2\/users\/1969"}],"replies":[{"embeddable":true,"href":"https:\/\/linitiative.ca\/International\/wp-json\/wp\/v2\/comments?post=107179"}],"version-history":[{"count":0,"href":"https:\/\/linitiative.ca\/International\/wp-json\/wp\/v2\/posts\/107179\/revisions"}],"wp:attachment":[{"href":"https:\/\/linitiative.ca\/International\/wp-json\/wp\/v2\/media?parent=107179"}],"wp:term":[{"taxonomy":"category","embeddable":true,"href":"https:\/\/linitiative.ca\/International\/wp-json\/wp\/v2\/categories?post=107179"},{"taxonomy":"post_tag","embeddable":true,"href":"https:\/\/linitiative.ca\/International\/wp-json\/wp\/v2\/tags?post=107179"}],"curies":[{"name":"wp","href":"https:\/\/api.w.org\/{rel}","templated":true}]}}