{"id":107189,"date":"2020-12-15T10:14:34","date_gmt":"2020-12-15T15:14:34","guid":{"rendered":"https:\/\/linitiative.ca\/International\/le-monde-se-prepare-a-un-noel-inedit\/"},"modified":"2020-12-15T10:14:34","modified_gmt":"2020-12-15T15:14:34","slug":"le-monde-se-prepare-a-un-noel-inedit","status":"publish","type":"post","link":"https:\/\/linitiative.ca\/International\/le-monde-se-prepare-a-un-noel-inedit\/","title":{"rendered":"Le monde se pr\u00e9pare \u00e0 un No\u00ebl in\u00e9dit"},"content":{"rendered":"<p class=\"c2\"><strong>Du Covid sous le sapin<\/strong><\/p>\n<p class=\"c3\"><strong>La reine Elizabeth priv\u00e9e de sa famille, les Allemands de leur traditionnel vin chaud et les Suisses de chants liturgiques: le monde s\u2019appr\u00eate \u00e0 c\u00e9l\u00e9brer d\u2019inhabituelles f\u00eates de fin d\u2019ann\u00e9e en mode Covid-19.<\/strong><\/p>\n<p>De la France \u00e0 la Norv\u00e8ge en passant par l\u2019Organisation mondiale de la sant\u00e9 (OMS), les autorit\u00e9s ont appel\u00e9 \u00e0 ne pas rel\u00e2cher la garde malgr\u00e9 l\u2019envie de se retrouver et de d\u00e9compresser apr\u00e8s une ann\u00e9e \u00e9prouvante.<br \/>\u00ab\u00a0Je suis le type qui vous vole No\u00ebl\u00a0\u00bb, a ainsi clam\u00e9 Brian Pallister, Premier ministre de la province canadienne du Manitoba, implorant ses concitoyens de \u00ab\u00a0ne pas se rassembler \u00e0 No\u00ebl\u00a0\u00bb.<\/p>\n<p>\u00ab\u00a0Si nous avons trop de contacts maintenant, avant No\u00ebl, et qu\u2019ensuite c\u2019est le dernier No\u00ebl avec les grands-parents, alors nous aurons rat\u00e9 quelque chose\u00a0\u00bb, a averti avec \u00e9motion la chanceli\u00e8re allemande Angela Merkel.<\/p>\n<p>La Belgique est un des pays qui limite le plus le nombre de convives pour No\u00ebl: un invit\u00e9 par foyer, deux pour les personnes vivant seules. Le Luxembourg autorise deux invit\u00e9s. Pas plus de six adultes \u00e0 table, demande la France.<\/p>\n<p>Les Norv\u00e9giens assouplissent leurs restrictions pour les f\u00eates et permettent de se r\u00e9unir \u00e0 dix. \u00ab\u00a0Il vous faudra improviser et peut-\u00eatre allonger un peu la table\u00a0\u00bb, a d\u00e9clar\u00e9 la Premi\u00e8re ministre Erna Solberg, pour respecter la distanciation.<\/p>\n<p>Au Royaume-Uni, les r\u00e9unions familiales (trois foyers maximum) seront permises du 23 au 27 d\u00e9cembre. La reine Elizabeth II et son \u00e9poux le prince Philip passeront exceptionnellement No\u00ebl au ch\u00e2teau de Windsor, et non en famille dans leur r\u00e9sidence de Sandringham.<\/p>\n<p>A contrario, le Qu\u00e9bec a annul\u00e9 sa d\u00e9cision de permettre de se rassembler pendant quatre jours \u00e0 No\u00ebl, face \u00e0 la flamb\u00e9e des contaminations.<\/p>\n<p>L\u2019Italie a adopt\u00e9 des r\u00e8gles tr\u00e8s restrictives pour les d\u00e9placements, interdits entre r\u00e9gions du 21 d\u00e9cembre au 6 janvier et proscrits entre communes les 25 et 26 d\u00e9cembre, puis le 1er janvier. Le couvre-feu de 22H00 \u00e0 05H00 est maintenu (prolong\u00e9 \u00e0 07H00 pour le Nouvel An).<br \/>En Belgique, couvre-feu \u00e0 No\u00ebl de minuit \u00e0 05H00 et au Luxembourg pendant les f\u00eates de 23H00 \u00e0 6H00.<\/p>\n<p>En Espagne, le gouvernement demande d\u2019\u00e9viter les d\u00e9placements entre r\u00e9gions, sauf visite familiale.<br \/>En France, seule la nuit du 24 d\u00e9cembre \u00e9chappe au couvre-feu, qui d\u00e9marre \u00e0 20H00.<\/p>\n<p>L\u2019Allemagne, qui avait d\u00e9j\u00e0 ferm\u00e9 restaurants, bars, lieux culturels et enceintes sportives, ferme aussi les commerces non essentiels d\u00e8s mercredi et interdit la vente d\u2019alcool sur la voie publique, mettant fin aux stands de vin chaud.<\/p>\n<p>En France, les commerces non essentiels ont rouvert, permettant de faire les emplettes de No\u00ebl, mais on ne pourra pas r\u00e9veilloner au restaurant, ni au spectacle, ferm\u00e9s.<br \/>A contrario, dans certains pays o\u00f9 les restaurants fonctionnent, ils pourront fermer plus tard, comme en Suisse pour le Nouvel An.<\/p>\n<p>Le pape a avanc\u00e9 de deux heures la \u00ab\u00a0messe de la nuit\u00a0\u00bb de No\u00ebl pour s\u2019adapter au couvre-feu italien.<br \/>La messe de No\u00ebl de Bethl\u00e9em (Cisjordanie) sera c\u00e9l\u00e9br\u00e9e sans public.<br \/>En Suisse, les chants sont interdits dans les \u00e9glises pour No\u00ebl.<br \/>La Gr\u00e8ce rouvre ses \u00e9glises pour No\u00ebl et l\u2019Epiphanie, avec neuf personnes maximum dans les \u00e9glises, 25 dans les cath\u00e9drales.<\/p>\n<p>Les Autrichiens sont priv\u00e9s de march\u00e9 de No\u00ebl.<br \/>Pour le Nouvel An, les Madril\u00e8nes ne pourront pas avaler leurs douze grains de raisin \u00e0 minuit Puerta del Sol.<br \/>Les feux d\u2019artifice sont interdits en Belgique et aux Pays-Bas, o\u00f9 le gouvernement ne veut pas surcharger les urgences avec les bless\u00e9s.<br \/>Londres, tout comme Paris, a annul\u00e9 son feu d\u2019artifice du Nouvel An.<\/p>\n<p>Auteur: M&rsquo;hammed rahal<br \/>\n<a href=\"http:\/\/albayane.press.ma\/le-monde-se-prepare-a-un-noel-inedit.html\">Cliquez ici pour lire l&rsquo;article depuis sa source.<\/a><\/p>\n","protected":false},"excerpt":{"rendered":"<p>Du Covid sous le sapin La reine Elizabeth priv\u00e9e de sa famille, les Allemands de leur traditionnel vin chaud et les Suisses de chants liturgiques: le monde s\u2019appr\u00eate \u00e0 c\u00e9l\u00e9brer d\u2019inhabituelles f\u00eates de fin d\u2019ann\u00e9e en mode Covid-19. De la France \u00e0 la Norv\u00e8ge en passant par l\u2019Organisation mondiale de la sant\u00e9 (OMS), les autorit\u00e9s [&hellip;]<\/p>\n","protected":false},"author":1760,"featured_media":0,"comment_status":"closed","ping_status":"closed","sticky":false,"template":"","format":"standard","meta":{"fifu_image_url":"","fifu_image_alt":"","footnotes":""},"categories":[73,54],"tags":[],"class_list":["post-107189","post","type-post","status-publish","format-standard","hentry","category-actualite","category-maroc"],"_links":{"self":[{"href":"https:\/\/linitiative.ca\/International\/wp-json\/wp\/v2\/posts\/107189","targetHints":{"allow":["GET"]}}],"collection":[{"href":"https:\/\/linitiative.ca\/International\/wp-json\/wp\/v2\/posts"}],"about":[{"href":"https:\/\/linitiative.ca\/International\/wp-json\/wp\/v2\/types\/post"}],"author":[{"embeddable":true,"href":"https:\/\/linitiative.ca\/International\/wp-json\/wp\/v2\/users\/1760"}],"replies":[{"embeddable":true,"href":"https:\/\/linitiative.ca\/International\/wp-json\/wp\/v2\/comments?post=107189"}],"version-history":[{"count":0,"href":"https:\/\/linitiative.ca\/International\/wp-json\/wp\/v2\/posts\/107189\/revisions"}],"wp:attachment":[{"href":"https:\/\/linitiative.ca\/International\/wp-json\/wp\/v2\/media?parent=107189"}],"wp:term":[{"taxonomy":"category","embeddable":true,"href":"https:\/\/linitiative.ca\/International\/wp-json\/wp\/v2\/categories?post=107189"},{"taxonomy":"post_tag","embeddable":true,"href":"https:\/\/linitiative.ca\/International\/wp-json\/wp\/v2\/tags?post=107189"}],"curies":[{"name":"wp","href":"https:\/\/api.w.org\/{rel}","templated":true}]}}