{"id":107193,"date":"2020-12-15T07:42:00","date_gmt":"2020-12-15T12:42:00","guid":{"rendered":"https:\/\/linitiative.ca\/International\/un-vice-gouverneur-tue-dans-un-attentat-a-kaboul\/"},"modified":"2020-12-15T07:42:00","modified_gmt":"2020-12-15T12:42:00","slug":"un-vice-gouverneur-tue-dans-un-attentat-a-kaboul","status":"publish","type":"post","link":"https:\/\/linitiative.ca\/International\/un-vice-gouverneur-tue-dans-un-attentat-a-kaboul\/","title":{"rendered":"Un vice-gouverneur tu\u00e9 dans un attentat \u00e0 Kaboul"},"content":{"rendered":"<div id=\"originalText\" readability=\"87\">\n<p>Un vice-gouverneur de la province de Kaboul et son secr\u00e9taire ont \u00e9t\u00e9 tu\u00e9s mardi dans la capitale afghane dans l&rsquo;explosion d&rsquo;une bombe magn\u00e9tique fix\u00e9e \u00e0 leur voiture, a-t-on appris de source officielle.<\/p>\n<p>\u00ab\u00a0Vers 09H40 (05h10 GMT) un Land Cruiser qui appartenait (\u00e0 un) vice-gouverneur de Kaboul a \u00e9t\u00e9 la cible d&rsquo;une bombe magn\u00e9tique. Malheureusement, Mahbobullah Mohebi, (l&rsquo;un des) vice-gouverneur(s) de Kaboul, et son secr\u00e9taire ont \u00e9t\u00e9 tu\u00e9s, et deux gardes du corps ont \u00e9t\u00e9 bless\u00e9s\u00a0\u00bb, a indiqu\u00e9 Tariq Arian, le porte-parole du minist\u00e8re de l&rsquo;Int\u00e9rieur.<\/p>\n<p>Quelques heures plus tard, dans la province de Ghor (centre), le vice-pr\u00e9sident du conseil provincial, Abdul Rahman Akshan, a \u00e9t\u00e9 tu\u00e9 dans les m\u00eames circonstances, selon un responsable local.\u00a0<\/p>\n<p>Les attaques cibl\u00e9es visant des personnalit\u00e9s -journalistes, hommes politiques ou religieux, d\u00e9fenseurs des droits de l&rsquo;homme- ont augment\u00e9 ces derniers mois, malgr\u00e9 les pourparlers de paix en cours \u00e0 Doha depuis le 12 septembre entre le gouvernement afghan et les talibans.<\/p>\n<p>La semaine derni\u00e8re, une pr\u00e9sentatrice de t\u00e9l\u00e9vision a \u00e9t\u00e9 tu\u00e9e \u00e0 Jalalabad (est), le troisi\u00e8me meurtre d&rsquo;un journaliste en Afghanistan depuis d\u00e9but novembre.<\/p>\n<p>Des hommes arm\u00e9s ont \u00e9galement attaqu\u00e9 mardi un poste de police \u00e0 Kaboul, tuant un policier et en blessant deux autres.\u00a0 Les talibans se sont engag\u00e9s \u00e0 ne plus cibler les grands centres urbains dans le cadre de l&rsquo;accord sign\u00e9 en f\u00e9vrier \u00e0 Doha avec les \u00c9tats-Unis, qui pr\u00e9voit le retrait de toutes les troupes am\u00e9ricaines d&rsquo;Afghanistan d&rsquo;ici mai 2021 en \u00e9change de garanties en mati\u00e8re de s\u00e9curit\u00e9. Mais le gouvernement afghan accuse les talibans de ne pas tenir cet engagement. Les meurtres cibl\u00e9s se poursuivent et ne sont presque jamais revendiqu\u00e9s.<\/p>\n<p>Ces derniers mois, la capitale a aussi \u00e9t\u00e9 le th\u00e9\u00e2tre de plusieurs attaques sanglantes, dont celles contre l&rsquo;universit\u00e9 de Kaboul et un autre centre \u00e9ducatif, revendiqu\u00e9es par le groupe \u00c9tat islamique, et qui ont fait au total plusieurs dizaines de morts.\u00a0 Les pourparlers de paix \u00e0 Doha ont \u00e9t\u00e9 suspendus jusqu&rsquo;au 5 janvier.<\/p>\n<p>Les deux parties doivent encore s&rsquo;accorder sur l&rsquo;agenda des discussions. Le pr\u00e9sident afghan, Ashraf Ghani, a dit lundi souhaiter que les n\u00e9gociations se poursuivent ensuite en Afghanistan.<br \/>\u00a0<\/p>\n<p class=\"c6\"><strong>AFP<\/strong><\/p>\n<\/div>\n<div id=\"text_core\" readability=\"87\">\n<p>Un vice-gouverneur de la province de Kaboul et son secr\u00e9taire ont \u00e9t\u00e9 tu\u00e9s mardi dans la capitale afghane dans l&rsquo;explosion d&rsquo;une bombe magn\u00e9tique fix\u00e9e \u00e0 leur voiture, a-t-on appris de source officielle.<\/p>\n<p>\u00ab\u00a0Vers 09H40 (05h10 GMT) un Land Cruiser qui appartenait (\u00e0 un) vice-gouverneur de Kaboul a \u00e9t\u00e9 la cible d&rsquo;une bombe magn\u00e9tique. Malheureusement, Mahbobullah Mohebi, (l&rsquo;un des) vice-gouverneur(s) de Kaboul, et son secr\u00e9taire ont \u00e9t\u00e9 tu\u00e9s, et deux gardes du corps ont \u00e9t\u00e9 bless\u00e9s\u00a0\u00bb, a indiqu\u00e9 Tariq Arian, le porte-parole du minist\u00e8re de l&rsquo;Int\u00e9rieur.<\/p>\n<p>Quelques heures plus tard, dans la province de Ghor (centre), le vice-pr\u00e9sident du conseil provincial, Abdul Rahman Akshan, a \u00e9t\u00e9 tu\u00e9 dans les m\u00eames circonstances, selon un responsable local.\u00a0<\/p>\n<p>Les attaques cibl\u00e9es visant des personnalit\u00e9s -journalistes, hommes politiques ou religieux, d\u00e9fenseurs des droits de l&rsquo;homme- ont augment\u00e9 ces derniers mois, malgr\u00e9 les pourparlers de paix en cours \u00e0 Doha depuis le 12 septembre entre le gouvernement afghan et les talibans.<\/p>\n<p>La semaine derni\u00e8re, une pr\u00e9sentatrice de t\u00e9l\u00e9vision a \u00e9t\u00e9 tu\u00e9e \u00e0 Jalalabad (est), le troisi\u00e8me meurtre d&rsquo;un journaliste en Afghanistan depuis d\u00e9but novembre.<\/p>\n<p>Des hommes arm\u00e9s ont \u00e9galement attaqu\u00e9 mardi un poste de police \u00e0 Kaboul, tuant un policier et en blessant deux autres.\u00a0 Les talibans se sont engag\u00e9s \u00e0 ne plus cibler les grands centres urbains dans le cadre de l&rsquo;accord sign\u00e9 en f\u00e9vrier \u00e0 Doha avec les \u00c9tats-Unis, qui pr\u00e9voit le retrait de toutes les troupes am\u00e9ricaines d&rsquo;Afghanistan d&rsquo;ici mai 2021 en \u00e9change de garanties en mati\u00e8re de s\u00e9curit\u00e9. Mais le gouvernement afghan accuse les talibans de ne pas tenir cet engagement. Les meurtres cibl\u00e9s se poursuivent et ne sont presque jamais revendiqu\u00e9s.<\/p>\n<p>Ces derniers mois, la capitale a aussi \u00e9t\u00e9 le th\u00e9\u00e2tre de plusieurs attaques sanglantes, dont celles contre l&rsquo;universit\u00e9 de Kaboul et un autre centre \u00e9ducatif, revendiqu\u00e9es par le groupe \u00c9tat islamique, et qui ont fait au total plusieurs dizaines de morts.\u00a0 Les pourparlers de paix \u00e0 Doha ont \u00e9t\u00e9 suspendus jusqu&rsquo;au 5 janvier.<\/p>\n<p>Les deux parties doivent encore s&rsquo;accorder sur l&rsquo;agenda des discussions. Le pr\u00e9sident afghan, Ashraf Ghani, a dit lundi souhaiter que les n\u00e9gociations se poursuivent ensuite en Afghanistan.<br \/>\u00a0<\/p>\n<p class=\"c6\"><strong>AFP<\/strong><\/p>\n<\/div>\n<p>Auteur:<br \/>\n<a href=\"https:\/\/www.liberte-algerie.com\/actualite\/un-vice-gouverneur-tue-dans-un-attentat-a-kaboul-350763\">Cliquez ici pour lire l&rsquo;article depuis sa source.<\/a><\/p>\n","protected":false},"excerpt":{"rendered":"<p>Un vice-gouverneur de la province de Kaboul et son secr\u00e9taire ont \u00e9t\u00e9 tu\u00e9s mardi dans la capitale afghane dans l&rsquo;explosion d&rsquo;une bombe magn\u00e9tique fix\u00e9e \u00e0 leur voiture, a-t-on appris de source officielle. \u00ab\u00a0Vers 09H40 (05h10 GMT) un Land Cruiser qui appartenait (\u00e0 un) vice-gouverneur de Kaboul a \u00e9t\u00e9 la cible d&rsquo;une bombe magn\u00e9tique. Malheureusement, Mahbobullah [&hellip;]<\/p>\n","protected":false},"author":1742,"featured_media":0,"comment_status":"closed","ping_status":"closed","sticky":false,"template":"","format":"standard","meta":{"fifu_image_url":"","fifu_image_alt":"","footnotes":""},"categories":[73,53],"tags":[],"class_list":["post-107193","post","type-post","status-publish","format-standard","hentry","category-actualite","category-algerie"],"_links":{"self":[{"href":"https:\/\/linitiative.ca\/International\/wp-json\/wp\/v2\/posts\/107193","targetHints":{"allow":["GET"]}}],"collection":[{"href":"https:\/\/linitiative.ca\/International\/wp-json\/wp\/v2\/posts"}],"about":[{"href":"https:\/\/linitiative.ca\/International\/wp-json\/wp\/v2\/types\/post"}],"author":[{"embeddable":true,"href":"https:\/\/linitiative.ca\/International\/wp-json\/wp\/v2\/users\/1742"}],"replies":[{"embeddable":true,"href":"https:\/\/linitiative.ca\/International\/wp-json\/wp\/v2\/comments?post=107193"}],"version-history":[{"count":0,"href":"https:\/\/linitiative.ca\/International\/wp-json\/wp\/v2\/posts\/107193\/revisions"}],"wp:attachment":[{"href":"https:\/\/linitiative.ca\/International\/wp-json\/wp\/v2\/media?parent=107193"}],"wp:term":[{"taxonomy":"category","embeddable":true,"href":"https:\/\/linitiative.ca\/International\/wp-json\/wp\/v2\/categories?post=107193"},{"taxonomy":"post_tag","embeddable":true,"href":"https:\/\/linitiative.ca\/International\/wp-json\/wp\/v2\/tags?post=107193"}],"curies":[{"name":"wp","href":"https:\/\/api.w.org\/{rel}","templated":true}]}}