{"id":107194,"date":"2020-12-15T07:59:00","date_gmt":"2020-12-15T12:59:00","guid":{"rendered":"https:\/\/linitiative.ca\/International\/fin-de-fonctions-pour-le-dg-et-dautres-cadres\/"},"modified":"2020-12-15T07:59:00","modified_gmt":"2020-12-15T12:59:00","slug":"fin-de-fonctions-pour-le-dg-et-dautres-cadres","status":"publish","type":"post","link":"https:\/\/linitiative.ca\/International\/fin-de-fonctions-pour-le-dg-et-dautres-cadres\/","title":{"rendered":"Fin de fonctions pour le Dg et d\u2019autres cadres"},"content":{"rendered":"<div id=\"originalText\" readability=\"70\">\n<p>Le directeur g\u00e9n\u00e9ral (Dg) et nombre de cadres de l&rsquo;\u00e9tablissement public hospitalier (EPH), Bachir Mentouri de Kouba, ont \u00e9t\u00e9 relev\u00e9s de leurs fonctions, a indiqu\u00e9, mardi, un communiqu\u00e9 du minist\u00e8re de la Sant\u00e9, de la Population et de la R\u00e9forme hospitali\u00e8re.<\/p>\n<p>\u00ab\u00a0Le ministre de la Sant\u00e9, de la Population et de la R\u00e9forme hospitali\u00e8re, Abderrahmane Benbouzid, avait ordonn\u00e9 aux cadres de l&rsquo;administration centrale d\u2019effectuer une inspection \u00e0 cet EPH, laquelle a permis de d\u00e9tecter une s\u00e9rie d\u2019anomalies dans la gestion et l&rsquo;organisation de certains responsables au niveau de cet EPH\u00a0\u00bb, a pr\u00e9cis\u00e9 la m\u00eame source.<\/p>\n<p>\u00ab\u00a0A l&rsquo;issue des enqu\u00eates sur le terrain et de l&rsquo;investigation administrative men\u00e9es au niveau du m\u00eame EPH, il a \u00e9t\u00e9 relev\u00e9 qu&rsquo;une femme m\u00e9decin g\u00e9n\u00e9raliste exer\u00e7ant au service des urgences m\u00e9dicales \u00e9tait absente depuis dix-huit (18) mois (se trouvant \u00e0 l&rsquo;\u00e9tranger) mais percevait la totalit\u00e9 de son salaire avec primes et allocations (de rendement, de permanence et de Covid-19) et avait b\u00e9n\u00e9fici\u00e9 du cong\u00e9 annuel\u00a0\u00bb.<\/p>\n<p>Suite \u00e0 quoi, le ministre a d\u00e9cid\u00e9 de \u00ab\u00a0mettre fin aux fonctions du directeur g\u00e9n\u00e9ral de l&rsquo;EPH, du chef du service des urgences m\u00e9dico-chirurgicales et du sous-directeur des ressources humaines et de r\u00e9voquer le m\u00e9decin en question qui restituera la totalit\u00e9 des salaires per\u00e7us au profit du Tr\u00e9sor public\u00a0\u00bb, a ajout\u00e9 la m\u00eame source.<\/p>\n<p>L&rsquo;enqu\u00eate se poursuit pour \u00ab\u00a0d\u00e9terminer les tenants et aboutissants et circonstances de l&rsquo;affaire afin d&rsquo;identifier et de d\u00e9voiler d&rsquo;autres \u00e9ventuelles parties impliqu\u00e9es\u00a0\u00bb, a conclu le communiqu\u00e9.<br \/>\u00a0<\/p>\n<p class=\"c6\"><strong>APS<\/strong><\/p>\n<\/div>\n<div id=\"text_core\" readability=\"70\">\n<p>Le directeur g\u00e9n\u00e9ral (Dg) et nombre de cadres de l&rsquo;\u00e9tablissement public hospitalier (EPH), Bachir Mentouri de Kouba, ont \u00e9t\u00e9 relev\u00e9s de leurs fonctions, a indiqu\u00e9, mardi, un communiqu\u00e9 du minist\u00e8re de la Sant\u00e9, de la Population et de la R\u00e9forme hospitali\u00e8re.<\/p>\n<p>\u00ab\u00a0Le ministre de la Sant\u00e9, de la Population et de la R\u00e9forme hospitali\u00e8re, Abderrahmane Benbouzid, avait ordonn\u00e9 aux cadres de l&rsquo;administration centrale d\u2019effectuer une inspection \u00e0 cet EPH, laquelle a permis de d\u00e9tecter une s\u00e9rie d\u2019anomalies dans la gestion et l&rsquo;organisation de certains responsables au niveau de cet EPH\u00a0\u00bb, a pr\u00e9cis\u00e9 la m\u00eame source.<\/p>\n<p>\u00ab\u00a0A l&rsquo;issue des enqu\u00eates sur le terrain et de l&rsquo;investigation administrative men\u00e9es au niveau du m\u00eame EPH, il a \u00e9t\u00e9 relev\u00e9 qu&rsquo;une femme m\u00e9decin g\u00e9n\u00e9raliste exer\u00e7ant au service des urgences m\u00e9dicales \u00e9tait absente depuis dix-huit (18) mois (se trouvant \u00e0 l&rsquo;\u00e9tranger) mais percevait la totalit\u00e9 de son salaire avec primes et allocations (de rendement, de permanence et de Covid-19) et avait b\u00e9n\u00e9fici\u00e9 du cong\u00e9 annuel\u00a0\u00bb.<\/p>\n<p>Suite \u00e0 quoi, le ministre a d\u00e9cid\u00e9 de \u00ab\u00a0mettre fin aux fonctions du directeur g\u00e9n\u00e9ral de l&rsquo;EPH, du chef du service des urgences m\u00e9dico-chirurgicales et du sous-directeur des ressources humaines et de r\u00e9voquer le m\u00e9decin en question qui restituera la totalit\u00e9 des salaires per\u00e7us au profit du Tr\u00e9sor public\u00a0\u00bb, a ajout\u00e9 la m\u00eame source.<\/p>\n<p>L&rsquo;enqu\u00eate se poursuit pour \u00ab\u00a0d\u00e9terminer les tenants et aboutissants et circonstances de l&rsquo;affaire afin d&rsquo;identifier et de d\u00e9voiler d&rsquo;autres \u00e9ventuelles parties impliqu\u00e9es\u00a0\u00bb, a conclu le communiqu\u00e9.<br \/>\u00a0<\/p>\n<p class=\"c6\"><strong>APS<\/strong><\/p>\n<\/div>\n<p>Auteur:<br \/>\n<a href=\"https:\/\/www.liberte-algerie.com\/actualite\/fin-de-fonctions-pour-le-dg-et-dautres-cadres-350764\">Cliquez ici pour lire l&rsquo;article depuis sa source.<\/a><\/p>\n","protected":false},"excerpt":{"rendered":"<p>Le directeur g\u00e9n\u00e9ral (Dg) et nombre de cadres de l&rsquo;\u00e9tablissement public hospitalier (EPH), Bachir Mentouri de Kouba, ont \u00e9t\u00e9 relev\u00e9s de leurs fonctions, a indiqu\u00e9, mardi, un communiqu\u00e9 du minist\u00e8re de la Sant\u00e9, de la Population et de la R\u00e9forme hospitali\u00e8re. \u00ab\u00a0Le ministre de la Sant\u00e9, de la Population et de la R\u00e9forme hospitali\u00e8re, Abderrahmane [&hellip;]<\/p>\n","protected":false},"author":1742,"featured_media":0,"comment_status":"closed","ping_status":"closed","sticky":false,"template":"","format":"standard","meta":{"fifu_image_url":"","fifu_image_alt":"","footnotes":""},"categories":[73,53],"tags":[],"class_list":["post-107194","post","type-post","status-publish","format-standard","hentry","category-actualite","category-algerie"],"_links":{"self":[{"href":"https:\/\/linitiative.ca\/International\/wp-json\/wp\/v2\/posts\/107194","targetHints":{"allow":["GET"]}}],"collection":[{"href":"https:\/\/linitiative.ca\/International\/wp-json\/wp\/v2\/posts"}],"about":[{"href":"https:\/\/linitiative.ca\/International\/wp-json\/wp\/v2\/types\/post"}],"author":[{"embeddable":true,"href":"https:\/\/linitiative.ca\/International\/wp-json\/wp\/v2\/users\/1742"}],"replies":[{"embeddable":true,"href":"https:\/\/linitiative.ca\/International\/wp-json\/wp\/v2\/comments?post=107194"}],"version-history":[{"count":0,"href":"https:\/\/linitiative.ca\/International\/wp-json\/wp\/v2\/posts\/107194\/revisions"}],"wp:attachment":[{"href":"https:\/\/linitiative.ca\/International\/wp-json\/wp\/v2\/media?parent=107194"}],"wp:term":[{"taxonomy":"category","embeddable":true,"href":"https:\/\/linitiative.ca\/International\/wp-json\/wp\/v2\/categories?post=107194"},{"taxonomy":"post_tag","embeddable":true,"href":"https:\/\/linitiative.ca\/International\/wp-json\/wp\/v2\/tags?post=107194"}],"curies":[{"name":"wp","href":"https:\/\/api.w.org\/{rel}","templated":true}]}}