{"id":107197,"date":"2020-12-14T18:25:46","date_gmt":"2020-12-14T23:25:46","guid":{"rendered":"https:\/\/linitiative.ca\/International\/mobilisation-de-435-stations-de-vaccination-contre-la-covid-19\/"},"modified":"2020-12-14T18:25:46","modified_gmt":"2020-12-14T23:25:46","slug":"mobilisation-de-435-stations-de-vaccination-contre-la-covid-19","status":"publish","type":"post","link":"https:\/\/linitiative.ca\/International\/mobilisation-de-435-stations-de-vaccination-contre-la-covid-19\/","title":{"rendered":"Mobilisation de 435 stations de vaccination contre la Covid-19"},"content":{"rendered":"<div readability=\"40\">\n<p>Marrakech \u2013 La Direction r\u00e9gionale de la sant\u00e9 a mobilis\u00e9 435 stations de vaccination, 790 unit\u00e9s mobiles de vaccination en plus de 459 \u00e9quipes m\u00e9dicales form\u00e9es \u00e0 cet effet dans le cadre de l\u2019op\u00e9ration massive de vaccination contre la Covid-19 au niveau de la r\u00e9gion Marrakech-Safi, a indiqu\u00e9 lundi, dans la cit\u00e9 ocre, la directrice r\u00e9gionale, Dr. Lamia Chakiri.<\/p>\n<\/div>\n<div readability=\"76\">\n<p>Dans une d\u00e9claration \u00e0 la presse \u00e0 l\u2019occasion d\u2019une visite de terrain \u00e0 la station de vaccination \u00ab\u00a0Castor\u00a0\u00bb (pr\u00e9fecture de Marrakech), Mme Chakiri a relev\u00e9 la mobilisation collective des cadres et du personnel soignant en vue de garantir la r\u00e9ussite \u00e0 cette op\u00e9ration au niveau de la r\u00e9gion.<\/p>\n<p>Dans ce cadre, la responsable a soulign\u00e9 que la premi\u00e8re phase des pr\u00e9paratifs \u00e0 cette op\u00e9ration nationale d\u2019envergure avait commenc\u00e9 par la d\u00e9termination de la population b\u00e9n\u00e9ficiaire, fix\u00e9e \u00e0 3,077 millions d\u2019habitants dans la r\u00e9gion Marrakech-Safi, soit 80% de la population dont l\u2019\u00e2ge d\u00e9passe 18 ans.<\/p>\n<p>Mme Chakiri a tenu \u00e0 rappeler que conform\u00e9ment aux Hautes Instructions de SM le Roi Mohammed VI, la priorit\u00e9 sera notamment accord\u00e9e aux personnels de premi\u00e8re ligne, en l\u2019occurrence, le personnel de sant\u00e9, les autorit\u00e9s publiques, les forces de s\u00e9curit\u00e9 et le personnel de l\u2019\u00e9ducation nationale, ainsi qu\u2019aux personnes \u00e2g\u00e9es et aux personnes vuln\u00e9rables au virus, et ce, avant de l\u2019\u00e9largir au reste de la population.<\/p>\n<p>Apr\u00e8s avoir indiqu\u00e9 que les pr\u00e9paratifs \u00e0 cette op\u00e9ration massive de vaccination contre la Covid-19 sont men\u00e9s en \u00e9troite coordination avec le minist\u00e8re de la sant\u00e9 et le comit\u00e9 de veille sous la pr\u00e9sidence du wali de la r\u00e9gion Marrakech-Safi, Dr. Chakiri a fait savoir que la direction r\u00e9gionale de la sant\u00e9 a proc\u00e9d\u00e9 \u00e0 la distribution aux provinces relevant de la r\u00e9gion des moyens logistiques n\u00e9cessaires, dont les r\u00e9frig\u00e9rateurs et les chambres froides pour garantir les conditions favorables \u00e0 la pr\u00e9servation des vaccins, en plus de tablettes permettant de saisir les donn\u00e9es et de faire des bilans quotidiens sur cette op\u00e9ration d\u2019envergure.<\/p>\n<p>Et d\u2019ajouter que la direction r\u00e9gionale proc\u00e9dera \u00e0 une campagne de communication avec les citoyens pour leur fournir les renseignements n\u00e9cessaires sur cette op\u00e9ration.<\/p>\n<p>La campagne vaccinale est une r\u00e9ponse r\u00e9elle pour mettre fin \u00e0 la phase aigu\u00eb de la pand\u00e9mie.<\/p>\n<p>Cette op\u00e9ration nationale, d\u2019envergure in\u00e9dite, vise la couverture de la population par un vaccin en tant que moyen idoine d\u2019immunisation contre le virus et de maitrise de sa propagation.<\/p>\n<\/div>\n<p>Auteur: Meriem IGASS<br \/>\n<a href=\"http:\/\/www.mapmarrakech.ma\/fr\/mobilisation-de-435-stations-de-vaccination-contre-la-covid-19\/\">Cliquez ici pour lire l&rsquo;article depuis sa source.<\/a><\/p>\n","protected":false},"excerpt":{"rendered":"<p>Marrakech \u2013 La Direction r\u00e9gionale de la sant\u00e9 a mobilis\u00e9 435 stations de vaccination, 790 unit\u00e9s mobiles de vaccination en plus de 459 \u00e9quipes m\u00e9dicales form\u00e9es \u00e0 cet effet dans le cadre de l\u2019op\u00e9ration massive de vaccination contre la Covid-19 au niveau de la r\u00e9gion Marrakech-Safi, a indiqu\u00e9 lundi, dans la cit\u00e9 ocre, la directrice [&hellip;]<\/p>\n","protected":false},"author":1788,"featured_media":0,"comment_status":"closed","ping_status":"closed","sticky":false,"template":"","format":"standard","meta":{"fifu_image_url":"","fifu_image_alt":"","footnotes":""},"categories":[54,76],"tags":[],"class_list":["post-107197","post","type-post","status-publish","format-standard","hentry","category-maroc","category-regions"],"_links":{"self":[{"href":"https:\/\/linitiative.ca\/International\/wp-json\/wp\/v2\/posts\/107197","targetHints":{"allow":["GET"]}}],"collection":[{"href":"https:\/\/linitiative.ca\/International\/wp-json\/wp\/v2\/posts"}],"about":[{"href":"https:\/\/linitiative.ca\/International\/wp-json\/wp\/v2\/types\/post"}],"author":[{"embeddable":true,"href":"https:\/\/linitiative.ca\/International\/wp-json\/wp\/v2\/users\/1788"}],"replies":[{"embeddable":true,"href":"https:\/\/linitiative.ca\/International\/wp-json\/wp\/v2\/comments?post=107197"}],"version-history":[{"count":0,"href":"https:\/\/linitiative.ca\/International\/wp-json\/wp\/v2\/posts\/107197\/revisions"}],"wp:attachment":[{"href":"https:\/\/linitiative.ca\/International\/wp-json\/wp\/v2\/media?parent=107197"}],"wp:term":[{"taxonomy":"category","embeddable":true,"href":"https:\/\/linitiative.ca\/International\/wp-json\/wp\/v2\/categories?post=107197"},{"taxonomy":"post_tag","embeddable":true,"href":"https:\/\/linitiative.ca\/International\/wp-json\/wp\/v2\/tags?post=107197"}],"curies":[{"name":"wp","href":"https:\/\/api.w.org\/{rel}","templated":true}]}}