{"id":107198,"date":"2020-12-14T18:42:51","date_gmt":"2020-12-14T23:42:51","guid":{"rendered":"https:\/\/linitiative.ca\/International\/les-opportunites-du-developpement-de-lecotourisme-sous-la-loupe\/"},"modified":"2020-12-14T18:42:51","modified_gmt":"2020-12-14T23:42:51","slug":"les-opportunites-du-developpement-de-lecotourisme-sous-la-loupe","status":"publish","type":"post","link":"https:\/\/linitiative.ca\/International\/les-opportunites-du-developpement-de-lecotourisme-sous-la-loupe\/","title":{"rendered":"Les opportunit\u00e9s du d\u00e9veloppement de l\u2019\u00e9cotourisme sous la loupe"},"content":{"rendered":"<p><iframe loading=\"lazy\" width=\"1170\" height=\"658\" src=\"https:\/\/www.youtube.com\/embed\/ij-YPwMkKWM?start=11&amp;feature=oembed\" frameborder=\"0\" allow=\"accelerometer; autoplay; clipboard-write; encrypted-media; gyroscope; picture-in-picture\" allowfullscreen=\"\">[embedded content]<\/iframe><\/p>\n<div class=\"single-post-excerpt post-excerpt-bc\" readability=\"39\">\n<p>Les opportunit\u00e9s et perspectives du d\u00e9veloppement de l\u2019\u00e9cotourisme dans la province de Rehamna ont \u00e9t\u00e9 explor\u00e9es et d\u00e9cortiqu\u00e9es lors d\u2019un atelier d\u2019id\u00e9ation organis\u00e9, jeudi \u00e0 Benguerir, en mode hybride (pr\u00e9sentiel et \u00e0 distance), avec la participation d\u2019un parterre de professionnels, de responsables r\u00e9gionaux et de diff\u00e9rents acteurs du secteur.<\/p>\n<\/div>\n<p>Auteur: Meriem IGASS<br \/>\n<a href=\"http:\/\/www.mapmarrakech.ma\/fr\/les-opportunites-du-developpement-de-lecotourisme-sous-la-loupe-2\/\">Cliquez ici pour lire l&rsquo;article depuis sa source.<\/a><\/p>\n","protected":false},"excerpt":{"rendered":"<p>[embedded content] Les opportunit\u00e9s et perspectives du d\u00e9veloppement de l\u2019\u00e9cotourisme dans la province de Rehamna ont \u00e9t\u00e9 explor\u00e9es et d\u00e9cortiqu\u00e9es lors d\u2019un atelier d\u2019id\u00e9ation organis\u00e9, jeudi \u00e0 Benguerir, en mode hybride (pr\u00e9sentiel et \u00e0 distance), avec la participation d\u2019un parterre de professionnels, de responsables r\u00e9gionaux et de diff\u00e9rents acteurs du secteur. Auteur: Meriem IGASS Cliquez [&hellip;]<\/p>\n","protected":false},"author":1788,"featured_media":0,"comment_status":"closed","ping_status":"closed","sticky":false,"template":"","format":"standard","meta":{"fifu_image_url":"","fifu_image_alt":"","footnotes":""},"categories":[54,76],"tags":[],"class_list":["post-107198","post","type-post","status-publish","format-standard","hentry","category-maroc","category-regions"],"_links":{"self":[{"href":"https:\/\/linitiative.ca\/International\/wp-json\/wp\/v2\/posts\/107198","targetHints":{"allow":["GET"]}}],"collection":[{"href":"https:\/\/linitiative.ca\/International\/wp-json\/wp\/v2\/posts"}],"about":[{"href":"https:\/\/linitiative.ca\/International\/wp-json\/wp\/v2\/types\/post"}],"author":[{"embeddable":true,"href":"https:\/\/linitiative.ca\/International\/wp-json\/wp\/v2\/users\/1788"}],"replies":[{"embeddable":true,"href":"https:\/\/linitiative.ca\/International\/wp-json\/wp\/v2\/comments?post=107198"}],"version-history":[{"count":0,"href":"https:\/\/linitiative.ca\/International\/wp-json\/wp\/v2\/posts\/107198\/revisions"}],"wp:attachment":[{"href":"https:\/\/linitiative.ca\/International\/wp-json\/wp\/v2\/media?parent=107198"}],"wp:term":[{"taxonomy":"category","embeddable":true,"href":"https:\/\/linitiative.ca\/International\/wp-json\/wp\/v2\/categories?post=107198"},{"taxonomy":"post_tag","embeddable":true,"href":"https:\/\/linitiative.ca\/International\/wp-json\/wp\/v2\/tags?post=107198"}],"curies":[{"name":"wp","href":"https:\/\/api.w.org\/{rel}","templated":true}]}}