{"id":107199,"date":"2020-12-14T19:20:27","date_gmt":"2020-12-15T00:20:27","guid":{"rendered":"https:\/\/linitiative.ca\/International\/113-million-de-personnes-beneficieront-de-loperation-de-vaccination\/"},"modified":"2020-12-14T19:20:27","modified_gmt":"2020-12-15T00:20:27","slug":"113-million-de-personnes-beneficieront-de-loperation-de-vaccination","status":"publish","type":"post","link":"https:\/\/linitiative.ca\/International\/113-million-de-personnes-beneficieront-de-loperation-de-vaccination\/","title":{"rendered":"+ 1,13 million de personnes b\u00e9n\u00e9ficieront de l\u2019op\u00e9ration de vaccination"},"content":{"rendered":"<div readability=\"39\">\n<p>Marrakech \u2013 Plus de 1,13 million de personnes devront b\u00e9n\u00e9ficier de l\u2019op\u00e9ration massive de vaccination contre le nouveau coronavirus (Covid-19) au niveau de la pr\u00e9fecture de Marrakech, a indiqu\u00e9, lundi \u00e0 Marrakech, le D\u00e9l\u00e9gu\u00e9 provincial de la sant\u00e9, Dr. Abdelhakim Moustaid.<\/p>\n<\/div>\n<div readability=\"80\">\n<p>La D\u00e9l\u00e9gation de la Sant\u00e9 \u00e0 Marrakech a mobilis\u00e9 67 \u00e9tablissements de soins de sant\u00e9 primaires en tant que Centres d\u00e9di\u00e9s \u00e0 la vaccination des citoyens contre la Covid-19 au niveau de la pr\u00e9fecture de Marrakech, en plus d\u2019unit\u00e9s mobiles destin\u00e9es \u00e0 rapprocher les vaccins des populations dans les douars recul\u00e9s et \u00e9loign\u00e9s, a ajout\u00e9 M. Moustaid dans une d\u00e9claration \u00e0 la presse, en marge d\u2019une visite de terrain au Centre de vaccination \u00ab\u00a0Castor\u00a0\u00bb, destin\u00e9e \u00e0 superviser les pr\u00e9paratifs \u00e0 la campagne massive de vaccination.<\/p>\n<p>Accompagn\u00e9 notamment de la Directrice R\u00e9gionale de la Sant\u00e9, Mme Lamia Chakiri, M. Moustaid, a fait savoir que la D\u00e9l\u00e9gation a mobilis\u00e9 dans le cadre de la strat\u00e9gie provinciale en relation avec l\u2019op\u00e9ration massive de vaccination contre la Covid-19, quelque 114 \u00e9quipes de vaccination, soit au total quelque 646 cadres m\u00e9dicaux, param\u00e9dicaux, techniques et administratifs<\/p>\n<p>Dans ce contexte, le responsable a indiqu\u00e9 que ces \u00e9tablissements de soins de sant\u00e9 primaires ont b\u00e9n\u00e9fici\u00e9 d\u2019op\u00e9rations de mise \u00e0 niveau ainsi que de moyens logistiques destin\u00e9s \u00e0 l\u2019op\u00e9ration massive de vaccination, dont plus de 2.700 r\u00e9frig\u00e9rateurs, qui viennent s\u2019ajouter aux moyens logistiques dont disposent les centres de sant\u00e9, faisant part d\u2019une mobilisation collective des cadres et du personnel soignants en vue de garantir la r\u00e9ussite \u00e0 cette op\u00e9ration au niveau de la pr\u00e9fecture de Marrakech.<\/p>\n<p>La campagne vaccinale est une r\u00e9ponse r\u00e9elle pour mettre fin \u00e0 la phase aigu\u00eb de la pand\u00e9mie.<\/p>\n<p>Cette op\u00e9ration nationale, d\u2019envergure in\u00e9dite, vise la couverture de la population par un vaccin en tant que moyen idoine d\u2019immunisation contre le virus et de maitrise de sa propagation.<\/p>\n<p>Conform\u00e9ment aux Hautes Instructions de Sa Majest\u00e9 le Roi Mohammed VI, la priorit\u00e9 sera notamment accord\u00e9e aux personnels de premi\u00e8re ligne, en l\u2019occurrence, le personnel de sant\u00e9, les autorit\u00e9s publiques, les forces de s\u00e9curit\u00e9 et le personnel de l\u2019\u00e9ducation nationale, ainsi qu\u2019aux personnes \u00e2g\u00e9es et aux personnes vuln\u00e9rables au virus, et ce, avant de l\u2019\u00e9largir au reste de la population.<\/p>\n<\/div>\n<p>Auteur: Meriem IGASS<br \/>\n<a href=\"http:\/\/www.mapmarrakech.ma\/fr\/plus-de-113-million-de-personnes-beneficieront-de-loperation-de-vaccination\/\">Cliquez ici pour lire l&rsquo;article depuis sa source.<\/a><\/p>\n","protected":false},"excerpt":{"rendered":"<p>Marrakech \u2013 Plus de 1,13 million de personnes devront b\u00e9n\u00e9ficier de l\u2019op\u00e9ration massive de vaccination contre le nouveau coronavirus (Covid-19) au niveau de la pr\u00e9fecture de Marrakech, a indiqu\u00e9, lundi \u00e0 Marrakech, le D\u00e9l\u00e9gu\u00e9 provincial de la sant\u00e9, Dr. Abdelhakim Moustaid. La D\u00e9l\u00e9gation de la Sant\u00e9 \u00e0 Marrakech a mobilis\u00e9 67 \u00e9tablissements de soins de [&hellip;]<\/p>\n","protected":false},"author":1788,"featured_media":0,"comment_status":"closed","ping_status":"closed","sticky":false,"template":"","format":"standard","meta":{"fifu_image_url":"","fifu_image_alt":"","footnotes":""},"categories":[54,76],"tags":[],"class_list":["post-107199","post","type-post","status-publish","format-standard","hentry","category-maroc","category-regions"],"_links":{"self":[{"href":"https:\/\/linitiative.ca\/International\/wp-json\/wp\/v2\/posts\/107199","targetHints":{"allow":["GET"]}}],"collection":[{"href":"https:\/\/linitiative.ca\/International\/wp-json\/wp\/v2\/posts"}],"about":[{"href":"https:\/\/linitiative.ca\/International\/wp-json\/wp\/v2\/types\/post"}],"author":[{"embeddable":true,"href":"https:\/\/linitiative.ca\/International\/wp-json\/wp\/v2\/users\/1788"}],"replies":[{"embeddable":true,"href":"https:\/\/linitiative.ca\/International\/wp-json\/wp\/v2\/comments?post=107199"}],"version-history":[{"count":0,"href":"https:\/\/linitiative.ca\/International\/wp-json\/wp\/v2\/posts\/107199\/revisions"}],"wp:attachment":[{"href":"https:\/\/linitiative.ca\/International\/wp-json\/wp\/v2\/media?parent=107199"}],"wp:term":[{"taxonomy":"category","embeddable":true,"href":"https:\/\/linitiative.ca\/International\/wp-json\/wp\/v2\/categories?post=107199"},{"taxonomy":"post_tag","embeddable":true,"href":"https:\/\/linitiative.ca\/International\/wp-json\/wp\/v2\/tags?post=107199"}],"curies":[{"name":"wp","href":"https:\/\/api.w.org\/{rel}","templated":true}]}}