{"id":107200,"date":"2020-12-15T08:09:48","date_gmt":"2020-12-15T13:09:48","guid":{"rendered":"https:\/\/linitiative.ca\/International\/le-matrouz-dans-tous-ses-etats-au-festival-des-andalousies-atlantiques\/"},"modified":"2020-12-15T08:09:48","modified_gmt":"2020-12-15T13:09:48","slug":"le-matrouz-dans-tous-ses-etats-au-festival-des-andalousies-atlantiques","status":"publish","type":"post","link":"https:\/\/linitiative.ca\/International\/le-matrouz-dans-tous-ses-etats-au-festival-des-andalousies-atlantiques\/","title":{"rendered":"Le \u00ab\u00a0Matrouz\u00a0\u00bb dans tous ses \u00e9tats au Festival des Andalousies Atlantiques"},"content":{"rendered":"<div readability=\"43\">\n<p>Essaouira \u2013 Les amoureux de la bonne musique, au Maroc et ailleurs, ont \u00e9t\u00e9 gratifi\u00e9s, lundi soir, dans le cadre du 17\u00e8me Festival des Andalousies Atlantiques, qui se d\u00e9roule cette ann\u00e9e en mode virtuel, Covid-19 oblige, d\u2019un concert m\u00e9morable ayant c\u00e9l\u00e9br\u00e9 les plus belles pages du riche r\u00e9pertoire du \u00ab\u00a0Matrouz\u00a0\u00bb, avec \u00e0 la cl\u00e9 de purs moments de plaisir partag\u00e9s et de jolies retrouvailles pour l\u2019\u00e9coute de cette musique \u00ab\u00a0brod\u00e9e\u00a0\u00bb.<\/p>\n<\/div>\n<div readability=\"165\">\n<p>En effet, en Andalousie, au Maroc et \u00e0 Essaouira-Mogador, Juifs et Musulmans ont toujours chant\u00e9 et dans\u00e9 ensemble et continuent de cultiver cette tradition de symbiose et de vivre-ensemble comme en t\u00e9moigne ce fameux r\u00e9pertoire musical jud\u00e9o-marocain, qui a conquis les esprits et les coeurs, lors de ce Festival, qui ne cesse de confirmer, au fil des \u00e9ditions, l\u2019exceptionnelle richesse et la profondeur de la diversit\u00e9 culturelle et artistique et de l\u2019histoire mill\u00e9naire du Royaume.<\/p>\n<p>Ainsi, les festivaliers ont \u00e9t\u00e9 invit\u00e9s \u00e0 savourer, le temps de ce concert \u00e9clectique, un floril\u00e8ge de morceaux musicaux et chants tir\u00e9s de ce patrimoine authentique et profond\u00e9ment enracin\u00e9 dans les m\u00e9moires m\u00eal\u00e9es et partag\u00e9es des Musulmans et Juifs depuis plusieurs si\u00e8cles.<\/p>\n<p>Transcendant les distances, cet h\u00e9ritage andalou du Maroc a \u00e9t\u00e9 mis \u00e0 l\u2019honneur, \u00e0 travers l\u2019interpr\u00e9tation de chansons si connues de cet art singulier et authentique, par des artistes musulmans et juifs sous la direction des ma\u00eetres Hamza Jorti et David Edri, qui ont convi\u00e9 les m\u00e9lomanes f\u00e9rus aux retrouvailles de l\u2019\u00e2ge d\u2019or andalou, en leur offrant un concert \u00ab\u00a0raffin\u00e9\u00a0\u00bb et \u00ab\u00a0brod\u00e9\u00a0\u00bb. Du \u00ab\u00a0Matrouz\u00a0\u00bb m\u00ealant l\u2019arabe et l\u2019h\u00e9breu et c\u00e9l\u00e9brant les pi\u00e8ces les plus embl\u00e9matiques et rayonnantes de leur patrimoine commun : \u00ab\u00a0Al Ala al Andalousia\u00a0\u00bb.<\/p>\n<p>Gr\u00e2ce \u00e0 cette performance artistique r\u00e9alis\u00e9e et enregistr\u00e9e sans public \u00e0 l\u2019espace \u00ab\u00a0Bayt Dakira\u00a0\u00bb \u00e0 Essaouira et \u00e0 la Synagogue Magen Avraham, les deux ma\u00eetres Jorti et Edri ont permis aux festivaliers de revivre des moments inoubliables et de donner toute sa beaut\u00e9 \u00e0 ce genre musical.<\/p>\n<p>Il s\u2019agit donc d\u2019un concert amplement r\u00e9ussi qui a laiss\u00e9 r\u00e9sonner au grand bonheur des passionn\u00e9s de musique andalouse, malgr\u00e9 des circonstances in\u00e9dites, les notes de ce \u00ab\u00a0Matrouz\u00a0\u00bb, un art musical sublime auquel la ville d\u2019Essaouira a choisi de s\u2019identifier depuis longtemps en se dressant \u00e0 jamais comme un havre de paix, de fraternit\u00e9, d\u2019ouverture sur l\u2019autre et d\u2019\u00e9loge de la diversit\u00e9 dans le cadre de la convivialit\u00e9 et de l\u2019entente.<\/p>\n<p>Cette soir\u00e9e musicale a \u00e9t\u00e9, en outre, agr\u00e9ment\u00e9e d\u2019une belle compilation d\u2019extraits de concerts capt\u00e9s lors des pr\u00e9c\u00e9dentes \u00e9ditions du Festival des Andalousies Atlantiques, en proposant une s\u00e9lection exaltante des moments qui ont port\u00e9, au-del\u00e0 des oc\u00e9ans, la diversit\u00e9 culturelle, spirituelle et artistique qui est au c\u0153ur de la modernit\u00e9 qu\u2019Essaouira a choisi d\u2019incarner. Une plong\u00e9e dans l\u2019essence m\u00eame de ce rendez-vous qui se veut un hymne au partage, \u00e0 l\u2019\u00e9coute et \u00e0 la f\u00eate.<\/p>\n<p>Ainsi, les festivaliers se sont rem\u00e9mor\u00e9s les belles prestations des artistes Sa\u00efd Belcadi et Curro Pinana, de l\u2019orchestre Rawafid sous la direction du ma\u00eetre Omar Metioui, de la chanteuse Asmaa Lazreq en compagnie de l\u2019orchestre Al Assala dirig\u00e9 par Rachid Lahkim, des grands Ha\u00efm Louk et Abderrahim Souiri, ainsi que du groupe Andalucious.<\/p>\n<p>Cette soir\u00e9e virtuelle a \u00e9t\u00e9 ponctu\u00e9e de t\u00e9moignages de l\u2019ensemble \u00ab\u00a0Hapiyout\u00a0\u00bb qui a d\u00e9j\u00e0 particip\u00e9 au Festival des Andalousies Atlantiques en 2018. A travers leurs t\u00e9moignages, les membres du groupe ont tenu \u00e0 exprimer l\u2019amour et la grande estime qu\u2019ils vouent au Maroc et \u00e0 Essaouira, une cit\u00e9 magnifique et une source infinie d\u2019inspiration.<\/p>\n<p>Mettant en \u00e9vidence la singularit\u00e9 de ce Festival qui c\u00e9l\u00e8bre la musique et les nobles valeurs d\u2019amour, de paix, d\u2019entente et de tol\u00e9rance entre Musulmans, Juifs et Chr\u00e9tiens dans le cadre du partage et de la joie de vivre, ils ont \u00e9mis le souhait de se retrouver tr\u00e8s prochainement dans cette cit\u00e9 universelle pour prendre part de nouveau \u00e0 cette manifestation musicale hors normes.<\/p>\n<p>A cette occasion, a \u00e9t\u00e9 diffus\u00e9e une s\u00e9quence vid\u00e9o relatant quelques moments inoubliables de la visite de l\u2019ensemble \u00ab\u00a0Hapiyout\u00a0\u00bb dans le Royaume et \u00e0 Essaouira et de leur participation aux \u00ab\u00a0Andalousies Atlantiques\u00a0\u00bb.<\/p>\n<p>La soir\u00e9e a \u00e9t\u00e9 enrichie par d\u2019autres t\u00e9moignages aussi saisissants les uns que les autres, livr\u00e9s, cette fois-ci, par des r\u00e9sidants et h\u00f4tes de la Cit\u00e9 des Aliz\u00e9s, dont des Juifs et des Musulmans, qui ont soulign\u00e9 \u00e0 l\u2019unisson l\u2019importance de cet \u00e9v\u00e9nement artistique \u00e0 nul autre pareil, qui veille \u00e0 promouvoir et \u00e0 consacrer les nobles valeurs humaines et ce riche patrimoine universel, ajoutant que ce Festival incarne l\u2019exemple \u00e9loquent de la coexistence entre les diff\u00e9rentes religions et cultures.<\/p>\n<p>Si certains ont salu\u00e9 cette r\u00e9silience souirie qui a pris le dessus face \u00e0 ces moments incertains en veillant \u00e0 l\u2019organisation de ce rendez-vous musical automnal malgr\u00e9 le contexte exceptionnel li\u00e9 \u00e0 la Covid-19, pour vivre et revivre des moments musicaux d\u2019exception, d\u2019autres ont saisi l\u2019occasion pour affirmer que cette manifestation, ch\u00e8re \u00e0 tous les Souiris d\u2019origine et de c\u0153ur, reste une source d\u2019\u00e9nergie, d\u2019inspiration et de cr\u00e9ation qui \u0153uvre \u00e0 favoriser le partage des valeurs d\u2019ouverture et de pluralit\u00e9.<\/p>\n<p>Relevant que c\u2019est un festival qui tisse des liens, lutte contre l\u2019amn\u00e9sie et se bat pour consacrer ce Maroc pluriel, ils ont indiqu\u00e9 que c\u2019est un rendez-vous unique au monde qui a r\u00e9ussi \u00e0 reconstituer l\u2019ambiance fraternelle et chaleureuse que Musulmans et Juifs ont connue et qui n\u2019ont jamais cess\u00e9 de raconter de g\u00e9n\u00e9ration en g\u00e9n\u00e9ration, estimant que la musique repr\u00e9sente ce langage universel qui permet d\u2019abolir les fronti\u00e8res, abstraction faite de toute les croyances et convictions.<\/p>\n<p>Cette 2\u00e8me soir\u00e9e du Festival a pris fin avec la diffusion du vid\u00e9o-clip intitul\u00e9 \u00ab\u00a0Mogador Mon Amour\u00a0\u00bb, interpr\u00e9t\u00e9e par une brochette d\u2019artistes en l\u2019occurrence Abderrahim Souiri, Raymonde Bidaouia, Sanae Marahati, Marouane Hajji, Abir Elabed et Zainab Afailal.<\/p>\n<p>Une performance artistique collective qui a tent\u00e9 de c\u00e9l\u00e9brer cette ville plurielle o\u00f9 toutes les cultures et religions cohabitent en toute harmonie et symbiose, tout en faisant vibrer ses r\u00e9sidants et ses h\u00f4tes gr\u00e2ce \u00e0 ses c\u00e9l\u00e8bres et divers rythmes musicaux comme en t\u00e9moignent ces \u00ab\u00a0Andaloussiates souiries\u00a0\u00bb.<\/p>\n<\/div>\n<p>Auteur: Meriem IGASS<br \/>\n<a href=\"http:\/\/www.mapmarrakech.ma\/fr\/le-matrouz-dans-tous-ses-etats-au-festival-des-andalousies-atlantiques\/\">Cliquez ici pour lire l&rsquo;article depuis sa source.<\/a><\/p>\n","protected":false},"excerpt":{"rendered":"<p>Essaouira \u2013 Les amoureux de la bonne musique, au Maroc et ailleurs, ont \u00e9t\u00e9 gratifi\u00e9s, lundi soir, dans le cadre du 17\u00e8me Festival des Andalousies Atlantiques, qui se d\u00e9roule cette ann\u00e9e en mode virtuel, Covid-19 oblige, d\u2019un concert m\u00e9morable ayant c\u00e9l\u00e9br\u00e9 les plus belles pages du riche r\u00e9pertoire du \u00ab\u00a0Matrouz\u00a0\u00bb, avec \u00e0 la cl\u00e9 de [&hellip;]<\/p>\n","protected":false},"author":1788,"featured_media":0,"comment_status":"closed","ping_status":"closed","sticky":false,"template":"","format":"standard","meta":{"fifu_image_url":"","fifu_image_alt":"","footnotes":""},"categories":[54,76],"tags":[],"class_list":["post-107200","post","type-post","status-publish","format-standard","hentry","category-maroc","category-regions"],"_links":{"self":[{"href":"https:\/\/linitiative.ca\/International\/wp-json\/wp\/v2\/posts\/107200","targetHints":{"allow":["GET"]}}],"collection":[{"href":"https:\/\/linitiative.ca\/International\/wp-json\/wp\/v2\/posts"}],"about":[{"href":"https:\/\/linitiative.ca\/International\/wp-json\/wp\/v2\/types\/post"}],"author":[{"embeddable":true,"href":"https:\/\/linitiative.ca\/International\/wp-json\/wp\/v2\/users\/1788"}],"replies":[{"embeddable":true,"href":"https:\/\/linitiative.ca\/International\/wp-json\/wp\/v2\/comments?post=107200"}],"version-history":[{"count":0,"href":"https:\/\/linitiative.ca\/International\/wp-json\/wp\/v2\/posts\/107200\/revisions"}],"wp:attachment":[{"href":"https:\/\/linitiative.ca\/International\/wp-json\/wp\/v2\/media?parent=107200"}],"wp:term":[{"taxonomy":"category","embeddable":true,"href":"https:\/\/linitiative.ca\/International\/wp-json\/wp\/v2\/categories?post=107200"},{"taxonomy":"post_tag","embeddable":true,"href":"https:\/\/linitiative.ca\/International\/wp-json\/wp\/v2\/tags?post=107200"}],"curies":[{"name":"wp","href":"https:\/\/api.w.org\/{rel}","templated":true}]}}