{"id":107201,"date":"2020-12-15T08:34:13","date_gmt":"2020-12-15T13:34:13","guid":{"rendered":"https:\/\/linitiative.ca\/International\/remise-de-diplomes-aux-etudiants-de-lacademie-de-idc-morocco\/"},"modified":"2020-12-15T08:34:13","modified_gmt":"2020-12-15T13:34:13","slug":"remise-de-diplomes-aux-etudiants-de-lacademie-de-idc-morocco","status":"publish","type":"post","link":"https:\/\/linitiative.ca\/International\/remise-de-diplomes-aux-etudiants-de-lacademie-de-idc-morocco\/","title":{"rendered":"Remise de dipl\u00f4mes aux \u00e9tudiants de l\u2019Acad\u00e9mie de IDC Morocco"},"content":{"rendered":"<div readability=\"40\">\n<p>Benguerir \u2013 L\u2019Universit\u00e9 Mohammed VI Polytechnique (UM6P) a accueilli, lundi \u00e0 Benguerir, la c\u00e9r\u00e9monie de remise de dipl\u00f4mes aux \u00e9tudiants de la premi\u00e8re promotion de l\u2019Acad\u00e9mie du Centre Interactif Digital (IDC Morocco), fruit d\u2019une collaboration avec l\u2019USAID, l\u2019Agence de D\u00e9veloppement Digital (ADD), EON Reality et d\u2019autres partenaires.<\/p>\n<\/div>\n<div readability=\"136\">\n<p>Cette c\u00e9r\u00e9monie a \u00e9t\u00e9 l\u2019occasion de reconna\u00eetre le travail accompli par ces trente \u00e9tudiants au total de la premi\u00e8re promotion de l\u2019IDC Morocco qui malgr\u00e9 le contexte sanitaire, ont pu achever leur programme avec succ\u00e8s.<\/p>\n<p>S\u2019exprimant lors de cette c\u00e9r\u00e9monie, le pr\u00e9sident de l\u2019UM6P, Hicham El Habti, a soulign\u00e9 que \u00ab\u00a0la passion, le talent et les r\u00e9alisations concr\u00e8tes pr\u00e9sent\u00e9s aujourd\u2019hui par notre premi\u00e8re promotion ne peuvent que nous r\u00e9conforter dans l\u2019ambition qui a conduit l\u2019UM6P, avec tous ses partenaires, \u00e0 croire en la r\u00e9alit\u00e9 virtuelle comme un levier important au sein de notre portefeuille d\u2019outils innovants, afin de contribuer \u00e0 r\u00e9inventer les m\u00e9thodes d\u2019apprentissage classiques au Maroc et en Afrique\u00a0\u00bb.<\/p>\n<p>De son c\u00f4t\u00e9, le Chef de Mission Adjoint de l\u2019Ambassadeur des \u00c9tats-Unis au Maroc, M. David Greene a f\u00e9licit\u00e9 les dipl\u00f4m\u00e9s de l\u2019IDC Morocco pour leur \u00ab\u00a0travail impressionnant qui nous montre \u00e0 tous que l\u2019avenir est entre les mains de nos jeunes et qu\u2019il est en effet tr\u00e8s brillant\u00a0\u00bb.<\/p>\n<p>Dans ce contexte, il a tenu \u00e0 remercier les partenaires et a souhait\u00e9 que ce partenariat continue de s\u2019\u00e9panouir et de s\u2019\u00e9tendre pour rendre le futur des professionnels marocains plus brillant.<\/p>\n<p>\u00ab\u00a0Les contributions de l\u2019IDC Maroc sont d\u00e9j\u00e0 apparentes \u00e0 travers des \u00e9v\u00e9nements comme cette c\u00e9r\u00e9monie de remise des dipl\u00f4mes, bien que certains aspects aient \u00e9t\u00e9 modifi\u00e9s en raison de la Covid-19\u00a0\u00bb, a d\u00e9clar\u00e9, pour sa part, Dan Lejerskar, fondateur d\u2019EON Reality.<\/p>\n<p>\u00ab\u00a0Nous sommes impatients de continuer \u00e0 voir la prochaine g\u00e9n\u00e9ration dipl\u00f4m\u00e9e de nos acad\u00e9mies d\u2019innovation en r\u00e9alit\u00e9 virtuelle et d\u2019apporter leurs comp\u00e9tences pour transformer les \u00e9conomies locales, r\u00e9gionales et mondiales\u00a0\u00bb, a-t-il dit.<\/p>\n<p>La Charg\u00e9e de la coordination de la Direction \u00ab Transformation digitale \u00bb au sein de l\u2019ADD, Mme Khouloud Abejja, a fait remarquer pour sa part, que cette ann\u00e9e a connu le lancement de la premi\u00e8re promotion de l\u2019Acad\u00e9mie d\u2019innovation en r\u00e9alit\u00e9 virtuelle avec la participation de 30 \u00e9tudiants, relevant que la crise pand\u00e9mique n\u2019a eu aucun impact sur le d\u00e9roulement des cours, ni sur la motivation des \u00e9tudiants qui ont fait preuve d\u2019engagement et de pers\u00e9v\u00e9rance et ont pu r\u00e9ussir le d\u00e9fi de continuer la formation \u00e0 distance tout au long de la p\u00e9riode du confinement.<\/p>\n<p>\u00ab\u00a0Aujourd\u2019hui, ils ont c\u00e9l\u00e9br\u00e9 leur succ\u00e8s et l\u2019aboutissement de leurs efforts mat\u00e9rialis\u00e9s par les projets innovants qu\u2019ils ont pu d\u00e9velopper\u00a0\u00bb, a-t-elle ajout\u00e9.<\/p>\n<p>Cette c\u00e9r\u00e9monie a \u00e9t\u00e9 suivie d\u2019une visite guid\u00e9e, d\u2019une d\u00e9monstration pratique des technologies 3D et de programmes virtuels d\u00e9velopp\u00e9s par la promotion inaugurale de l\u2019IDC Morocco.<\/p>\n<p>Le Centre Interactif Digital, pr\u00e9cise-t-on, propose une formation qui int\u00e8gre les technologies avanc\u00e9es de la r\u00e9alit\u00e9 augment\u00e9e (RA) et de la r\u00e9alit\u00e9 virtuelle (RV) pour donner aux \u00e9tudiants une expertise pratique, leur permettant de d\u00e9velopper des programmes capables de r\u00e9pliquer des environnements interactifs pour des industries telles que les services miniers, a\u00e9rospatiaux, automobiles et m\u00e9dicaux.<\/p>\n<p>Tout au long de la formation, les \u00e9tudiants ont pu se reposer sur des \u00e9quipements de haute technologie (casques, smartphones, Icube, etc).<\/p>\n<p>Inaugur\u00e9 en f\u00e9vrier 2020, IDC Morocco est le fruit d\u2019une collaboration entre l\u2019UM6P, l\u2019Agence des \u00c9tats-Unis pour le d\u00e9veloppement international (USAID), l\u2019ADD et EON Reality, leader mondial dans l\u2019apprentissage et formation dans la r\u00e9alit\u00e9 augment\u00e9e et virtuelle et transfert de comp\u00e9tences pour l\u2019industrie et l\u2019\u00e9ducation, avec le soutien du minist\u00e8re de l\u2019Industrie, du Commerce, de l\u2019\u00c9conomie verte et num\u00e9rique, du minist\u00e8re de l\u2019\u00c9ducation nationale, de la Formation professionnelle, de l\u2019Enseignement sup\u00e9rieur et de la Recherche scientifique, et de l\u2019Universit\u00e9 Mohammed V (UM5).<\/p>\n<p>IDC Morocco contribue \u00e0 l\u2019acc\u00e8s sans pr\u00e9c\u00e9dent \u00e0 la technologie AR et RV dans la r\u00e9gion et repr\u00e9sente un excellent exemple de collaboration entre le gouvernement, les donateurs internationaux, les universit\u00e9s et le secteur priv\u00e9, \u00e0 travailler conjointement pour promouvoir des solutions d\u2019apprentissage innovantes pour faire progresser les \u00e9cosyst\u00e8mes industriels au Maroc, accompagner la transformation digitale et am\u00e9liorer l\u2019\u00e9ducation des jeunes, futurs dirigeants du Maroc.<\/p>\n<\/div>\n<p>Auteur: Meriem IGASS<br \/>\n<a href=\"http:\/\/www.mapmarrakech.ma\/fr\/remise-de-diplomes-aux-etudiants-de-lacademie-de-idc-morocco\/\">Cliquez ici pour lire l&rsquo;article depuis sa source.<\/a><\/p>\n","protected":false},"excerpt":{"rendered":"<p>Benguerir \u2013 L\u2019Universit\u00e9 Mohammed VI Polytechnique (UM6P) a accueilli, lundi \u00e0 Benguerir, la c\u00e9r\u00e9monie de remise de dipl\u00f4mes aux \u00e9tudiants de la premi\u00e8re promotion de l\u2019Acad\u00e9mie du Centre Interactif Digital (IDC Morocco), fruit d\u2019une collaboration avec l\u2019USAID, l\u2019Agence de D\u00e9veloppement Digital (ADD), EON Reality et d\u2019autres partenaires. Cette c\u00e9r\u00e9monie a \u00e9t\u00e9 l\u2019occasion de reconna\u00eetre le [&hellip;]<\/p>\n","protected":false},"author":1788,"featured_media":0,"comment_status":"closed","ping_status":"closed","sticky":false,"template":"","format":"standard","meta":{"fifu_image_url":"","fifu_image_alt":"","footnotes":""},"categories":[54,76],"tags":[],"class_list":["post-107201","post","type-post","status-publish","format-standard","hentry","category-maroc","category-regions"],"_links":{"self":[{"href":"https:\/\/linitiative.ca\/International\/wp-json\/wp\/v2\/posts\/107201","targetHints":{"allow":["GET"]}}],"collection":[{"href":"https:\/\/linitiative.ca\/International\/wp-json\/wp\/v2\/posts"}],"about":[{"href":"https:\/\/linitiative.ca\/International\/wp-json\/wp\/v2\/types\/post"}],"author":[{"embeddable":true,"href":"https:\/\/linitiative.ca\/International\/wp-json\/wp\/v2\/users\/1788"}],"replies":[{"embeddable":true,"href":"https:\/\/linitiative.ca\/International\/wp-json\/wp\/v2\/comments?post=107201"}],"version-history":[{"count":0,"href":"https:\/\/linitiative.ca\/International\/wp-json\/wp\/v2\/posts\/107201\/revisions"}],"wp:attachment":[{"href":"https:\/\/linitiative.ca\/International\/wp-json\/wp\/v2\/media?parent=107201"}],"wp:term":[{"taxonomy":"category","embeddable":true,"href":"https:\/\/linitiative.ca\/International\/wp-json\/wp\/v2\/categories?post=107201"},{"taxonomy":"post_tag","embeddable":true,"href":"https:\/\/linitiative.ca\/International\/wp-json\/wp\/v2\/tags?post=107201"}],"curies":[{"name":"wp","href":"https:\/\/api.w.org\/{rel}","templated":true}]}}