{"id":107204,"date":"2020-12-15T10:28:24","date_gmt":"2020-12-15T15:28:24","guid":{"rendered":"https:\/\/linitiative.ca\/International\/msila-pose-de-la-premiere-pierre-dun-projet-de-realisation-dun-hopital-de-240-lits\/"},"modified":"2020-12-15T10:28:24","modified_gmt":"2020-12-15T15:28:24","slug":"msila-pose-de-la-premiere-pierre-dun-projet-de-realisation-dun-hopital-de-240-lits","status":"publish","type":"post","link":"https:\/\/linitiative.ca\/International\/msila-pose-de-la-premiere-pierre-dun-projet-de-realisation-dun-hopital-de-240-lits\/","title":{"rendered":"M\u2019sila : pose de la premi\u00e8re pierre d\u2019un projet de r\u00e9alisation d\u2019un h\u00f4pital de 240 lits"},"content":{"rendered":"<div readability=\"37\">\n<p><strong>M\u2019SILA &#8211; Le Premier ministre, Abdelaziz Djerad, a pos\u00e9 mardi \u00e0 M\u2019sila la premi\u00e8re pierre d\u2019un h\u00f4pital de 240 lits, qui abritera plusieurs services dont notamment celui des urgences m\u00e9dicales.<\/strong><\/p>\n<\/div>\n<div readability=\"67.5\">\n<p>A cette occasion, le Premier ministre a mis l&rsquo;accent sur l&rsquo;imp\u00e9ratif d\u2019\u0153uvrer \u00e0 r\u00e9aliser \u00ab\u00a0une structure de sant\u00e9 moderne disposant de toutes les conditions et commodit\u00e9s devant lui permettre d\u2019\u00eatre promulgu\u00e9, dans le futur, en un Centre hospitalo-universitaire\u00a0\u00bb, saluant la d\u00e9signation de l\u2019entreprise Cosider comme l\u2019entreprise r\u00e9alisatrice de ce projet.<\/p>\n<blockquote readability=\"10\">\n<p><em><strong>In situ, M. Djerad a instruit les responsables locaux \u00e0 l\u2019effet d\u2019oeuvrer \u00e0 pr\u00e9parer d\u2019ores et d\u00e9j\u00e0 la phase \u00e9quipement de cet h\u00f4pital et la ressource humaine m\u00e9dicale, param\u00e9dicale et administrative, \u00e0 mobiliser pour la mise en service de cette structure.<\/strong><\/em><\/p>\n<\/blockquote>\n<p>\u00ab\u00a0Il est imp\u00e9ratif de se projeter dans le futur et de penser \u00e0 l\u2019\u00e9quipement et au personnel affect\u00e9 \u00e0 cet h\u00f4pital qui devra \u00eatre mis en service d\u00e8s le parach\u00e8vement des travaux\u00a0\u00bb, a ajout\u00e9 le Premier ministre.<\/p>\n<p>Le\u00a0 d\u00e9lai de r\u00e9alisation du nouvel h\u00f4pital de M\u2019sila totalisant 240 lits est de 32 mois, selon les explications fournies au Premier ministre.<\/p>\n<blockquote readability=\"7\">\n<p><em><strong>Cette structure de sant\u00e9 a n\u00e9cessit\u00e9 la mobilisation d\u2019un investissement public de l\u2019ordre de 4,6 milliards de dinars et\u00a0 abritera plusieurs services dont celui des urgences m\u00e9dicales.<\/strong><\/em><\/p>\n<\/blockquote>\n<p>Le Premier ministre est accompagn\u00e9 au cours de sa visite de travail dans la wilaya de M&rsquo;sila, par le ministre de l&rsquo;Int\u00e9rieur, des Collectivit\u00e9s locales et de l\u2019Am\u00e9nagement du Territoire, Kamel Beldjoud, le ministre de l&rsquo;Enseignement sup\u00e9rieur et de la Recherche scientifique, Abdelbaki Benziane, le ministre de l\u2019Habitat, de l\u2019urbanisme et de la Ville, Kamel Nasri et le Conseiller du Pr\u00e9sident de la R\u00e9publique, Abdelhafid Allahoum.<\/p>\n<\/div>\n<p>Auteur:<br \/>\n<a href=\"http:\/\/www.aps.dz\/regions\/114297-m-sila-djerad-pose-la-premiere-pierre-d-un-projet-de-realisation-d-un-hopital-de-240-lits\">Cliquez ici pour lire l&rsquo;article depuis sa source.<\/a><\/p>\n","protected":false},"excerpt":{"rendered":"<p>M\u2019SILA &#8211; Le Premier ministre, Abdelaziz Djerad, a pos\u00e9 mardi \u00e0 M\u2019sila la premi\u00e8re pierre d\u2019un h\u00f4pital de 240 lits, qui abritera plusieurs services dont notamment celui des urgences m\u00e9dicales. A cette occasion, le Premier ministre a mis l&rsquo;accent sur l&rsquo;imp\u00e9ratif d\u2019\u0153uvrer \u00e0 r\u00e9aliser \u00ab\u00a0une structure de sant\u00e9 moderne disposant de toutes les conditions et [&hellip;]<\/p>\n","protected":false},"author":1790,"featured_media":0,"comment_status":"closed","ping_status":"closed","sticky":false,"template":"","format":"standard","meta":{"fifu_image_url":"","fifu_image_alt":"","footnotes":""},"categories":[53,76],"tags":[],"class_list":["post-107204","post","type-post","status-publish","format-standard","hentry","category-algerie","category-regions"],"_links":{"self":[{"href":"https:\/\/linitiative.ca\/International\/wp-json\/wp\/v2\/posts\/107204","targetHints":{"allow":["GET"]}}],"collection":[{"href":"https:\/\/linitiative.ca\/International\/wp-json\/wp\/v2\/posts"}],"about":[{"href":"https:\/\/linitiative.ca\/International\/wp-json\/wp\/v2\/types\/post"}],"author":[{"embeddable":true,"href":"https:\/\/linitiative.ca\/International\/wp-json\/wp\/v2\/users\/1790"}],"replies":[{"embeddable":true,"href":"https:\/\/linitiative.ca\/International\/wp-json\/wp\/v2\/comments?post=107204"}],"version-history":[{"count":0,"href":"https:\/\/linitiative.ca\/International\/wp-json\/wp\/v2\/posts\/107204\/revisions"}],"wp:attachment":[{"href":"https:\/\/linitiative.ca\/International\/wp-json\/wp\/v2\/media?parent=107204"}],"wp:term":[{"taxonomy":"category","embeddable":true,"href":"https:\/\/linitiative.ca\/International\/wp-json\/wp\/v2\/categories?post=107204"},{"taxonomy":"post_tag","embeddable":true,"href":"https:\/\/linitiative.ca\/International\/wp-json\/wp\/v2\/tags?post=107204"}],"curies":[{"name":"wp","href":"https:\/\/api.w.org\/{rel}","templated":true}]}}