{"id":107205,"date":"2020-12-15T11:08:02","date_gmt":"2020-12-15T16:08:02","guid":{"rendered":"https:\/\/linitiative.ca\/International\/msila-zones-dombre-operation-dattribution-de-bus-de-transport-scolaire\/"},"modified":"2020-12-15T11:08:02","modified_gmt":"2020-12-15T16:08:02","slug":"msila-zones-dombre-operation-dattribution-de-bus-de-transport-scolaire","status":"publish","type":"post","link":"https:\/\/linitiative.ca\/International\/msila-zones-dombre-operation-dattribution-de-bus-de-transport-scolaire\/","title":{"rendered":"M\u2019sila\/ zones d&rsquo;ombre:\u00a0op\u00e9ration d&rsquo;attribution de bus de transport scolaire"},"content":{"rendered":"<div readability=\"34\">\n<p><strong>M\u2019SILA &#8211; Le Premier ministre Abdelaziz Djerad a pr\u00e9sid\u00e9 mardi dans le cadre de sa visite de travail \u00e0 M\u2019sila la c\u00e9r\u00e9monie de distribution de bus de transport scolaire destin\u00e9s aux zones d&rsquo;ombre situ\u00e9es dans cinq communes de la wilaya.<\/strong><\/p>\n<\/div>\n<div readability=\"70.5\">\n<p>Il s\u2019agit des communes de Djebel Messa\u00e2d, Sidi M\u2019hamed, Belaiba, Sidi Ameur et Mohamed Boudiaf.<\/p>\n<blockquote readability=\"8\">\n<p><em><strong>L\u2019op\u00e9ration d&rsquo;attribution des bus de transport scolaire intervient en marge d\u2019une c\u00e9r\u00e9monie de distribution de 400 logements de type location-vente de l&rsquo;Agence nationale pour l&rsquo;am\u00e9lioration et le d\u00e9veloppement du logement (AADL), implant\u00e9s dans le p\u00f4le urbain de la ville de M\u2019sila.<\/strong><\/em><\/p>\n<\/blockquote>\n<p>M.Djerad a, par la suite, proc\u00e9d\u00e9, au m\u00eame lieu, \u00e0 la pose de la premi\u00e8re pierre d\u2019un projet de r\u00e9alisation de 300 logements promotionnels aid\u00e9s et 538 logements de type location-vente, avant de donner des directives visant \u00e0 \u00ab\u00a0\u00e9viter la construction de locaux commerciaux au rez-de-chauss\u00e9e des immeubles, car cela affecte leur aspect esth\u00e9tique et architectural\u00a0\u00bb, a-t-il dit.<\/p>\n<blockquote readability=\"9\">\n<p><em><strong>Selon les explications fournies sur les lieux au Premier ministre, 6 451 logements de diff\u00e9rentes formules ont \u00e9t\u00e9 distribu\u00e9s depuis le d\u00e9but de l&rsquo;ann\u00e9e 2020, tandis que les travaux de construction de 538 unit\u00e9s de type AADL seront lanc\u00e9s dans les prochains jours.<\/strong><\/em><\/p>\n<\/blockquote>\n<p>M.Djerad est attendu par la suite au si\u00e8ge de la Radio nationale de M&rsquo;sila.<\/p>\n<p>Pour rappel, le Premier ministre est accompagn\u00e9 au cours de sa visite de travail dans la wilaya de M&rsquo;sila, par le ministre de l&rsquo;Int\u00e9rieur, des Collectivit\u00e9s locales et de l\u2019Am\u00e9nagement du Territoire, Kamel Beldjoud, le ministre de l&rsquo;Enseignement sup\u00e9rieur et de la Recherche scientifique, Abdelbaki Benziane, le ministre de l\u2019Habitat, de l\u2019urbanisme et de la Ville, Kamel Nasri et le Conseiller du Pr\u00e9sident de la R\u00e9publique, Abdelhafid Allahoum.<\/p>\n<\/div>\n<p>Auteur:<br \/>\n<a href=\"http:\/\/www.aps.dz\/regions\/114305-m-sila-zones-d-ombre-operation-d-attribution-de-bus-de-transport-scolaire\">Cliquez ici pour lire l&rsquo;article depuis sa source.<\/a><\/p>\n","protected":false},"excerpt":{"rendered":"<p>M\u2019SILA &#8211; Le Premier ministre Abdelaziz Djerad a pr\u00e9sid\u00e9 mardi dans le cadre de sa visite de travail \u00e0 M\u2019sila la c\u00e9r\u00e9monie de distribution de bus de transport scolaire destin\u00e9s aux zones d&rsquo;ombre situ\u00e9es dans cinq communes de la wilaya. Il s\u2019agit des communes de Djebel Messa\u00e2d, Sidi M\u2019hamed, Belaiba, Sidi Ameur et Mohamed Boudiaf. [&hellip;]<\/p>\n","protected":false},"author":1790,"featured_media":0,"comment_status":"closed","ping_status":"closed","sticky":false,"template":"","format":"standard","meta":{"fifu_image_url":"","fifu_image_alt":"","footnotes":""},"categories":[53,76],"tags":[],"class_list":["post-107205","post","type-post","status-publish","format-standard","hentry","category-algerie","category-regions"],"_links":{"self":[{"href":"https:\/\/linitiative.ca\/International\/wp-json\/wp\/v2\/posts\/107205","targetHints":{"allow":["GET"]}}],"collection":[{"href":"https:\/\/linitiative.ca\/International\/wp-json\/wp\/v2\/posts"}],"about":[{"href":"https:\/\/linitiative.ca\/International\/wp-json\/wp\/v2\/types\/post"}],"author":[{"embeddable":true,"href":"https:\/\/linitiative.ca\/International\/wp-json\/wp\/v2\/users\/1790"}],"replies":[{"embeddable":true,"href":"https:\/\/linitiative.ca\/International\/wp-json\/wp\/v2\/comments?post=107205"}],"version-history":[{"count":0,"href":"https:\/\/linitiative.ca\/International\/wp-json\/wp\/v2\/posts\/107205\/revisions"}],"wp:attachment":[{"href":"https:\/\/linitiative.ca\/International\/wp-json\/wp\/v2\/media?parent=107205"}],"wp:term":[{"taxonomy":"category","embeddable":true,"href":"https:\/\/linitiative.ca\/International\/wp-json\/wp\/v2\/categories?post=107205"},{"taxonomy":"post_tag","embeddable":true,"href":"https:\/\/linitiative.ca\/International\/wp-json\/wp\/v2\/tags?post=107205"}],"curies":[{"name":"wp","href":"https:\/\/api.w.org\/{rel}","templated":true}]}}