{"id":107207,"date":"2020-12-14T17:56:02","date_gmt":"2020-12-14T22:56:02","guid":{"rendered":"https:\/\/linitiative.ca\/International\/oujda-allegement-des-mesures-preventives-contre-la-covid-19\/"},"modified":"2020-12-14T17:56:02","modified_gmt":"2020-12-14T22:56:02","slug":"oujda-allegement-des-mesures-preventives-contre-la-covid-19","status":"publish","type":"post","link":"https:\/\/linitiative.ca\/International\/oujda-allegement-des-mesures-preventives-contre-la-covid-19\/","title":{"rendered":"Oujda: All\u00e8gement des mesures pr\u00e9ventives contre la Covid-19"},"content":{"rendered":"<p class=\"c4\">Les autorit\u00e9s pr\u00e9fectorales d\u2019Oujda-Angad ont annonc\u00e9, lundi, l\u2019all\u00e8gement et la r\u00e9vision de certaines mesures restrictives visant \u00e0 enrayer la propagation de la pand\u00e9mie du coronavirus (Covid-19).<\/p>\n<p class=\"c4\">Un communiqu\u00e9 de la pr\u00e9fecture explique l\u2019adoption de cette d\u00e9cision, applicable \u00e0 partir de mercredi prochain (16 d\u00e9cembre), par la baisse progressive du nombre de cas de contamination au Covid-19 et par la mise en \u0153uvre des recommandations \u00e9manant de la r\u00e9union de la cellule de suivie, tenue lundi.<\/p>\n<p class=\"c4\">Il a \u00e9t\u00e9 ainsi d\u00e9cid\u00e9 la fermeture des caf\u00e9s, restaurants et tous les locaux \u00e0 usage commercial, professionnel et de service, y compris dans les h\u00f4tels, entre 22h et 06h, alors que le d\u00e9but du couvre-feu nocturne a \u00e9t\u00e9 repouss\u00e9 de deux heures. Il sera d\u00e9sormais de 23 heures \u00e0 05 heures du matin (21H-05H auparavant).<\/p>\n<p class=\"c4\">Il s\u2019agit aussi du maintien de l\u2019interdiction de la diffusion de matchs de football dans les caf\u00e9s et restaurants, et l\u2019annulation des mesures relatives \u00e0 la fermeture des souks hebdomadaires et \u00e0 l\u2019horaire de travail des march\u00e9s de proximit\u00e9.<\/p>\n<p class=\"c4\">Le communiqu\u00e9 annonce par ailleurs le maintien de l\u2019imposition des autorisations exceptionnelles de d\u00e9placement de et vers le territoire de la pr\u00e9fecture d\u2019Oujda-Angad, en plus de la fixation de la capacit\u00e9 d\u2019accueil dans les hammams, les salons de coiffure et les salles de sport couvertes \u00e0 50 pc, et la capacit\u00e9 des transports publics \u00e0 75 pc.<\/p>\n<p class=\"c4\">Les nouvelles mesures concernent \u00e9galement la r\u00e9ouverture des jardins publics, l\u2019adoption du confinement sanitaire total pour les membres des familles vivant avec une personne test\u00e9e positive au coronavirus, et l\u2019interdiction de tout rassemblement de plus de 20 personnes, y compris les rassemblements familiaux (mariages, fun\u00e9railles, ..).<\/p>\n<p class=\"c4\">Dans le communiqu\u00e9, les autorit\u00e9s pr\u00e9fectorales invitent les citoyens et les citoyennes \u00e0 respecter les mesures pr\u00e9cit\u00e9es et celles en vigueur au niveau national, notamment le port du masque, la distanciation physique et les consignes de s\u00e9curit\u00e9 pour endiguer la propagation de la pand\u00e9mie.<\/p>\n<p class=\"c4\">Elles incitent aussi les diff\u00e9rents \u00e9tablissements \u00e0 privil\u00e9gier, dans la mesure du possible, le t\u00e9l\u00e9travail, notant que l\u2019annulation, l\u2019all\u00e8gement ou le durcissement de ces mesures pr\u00e9ventives, demeure tributaire de l\u2019am\u00e9lioration de la situation \u00e9pid\u00e9miologique du coronavirus au niveau du territoire de la pr\u00e9fecture d\u2019Oujda-Angad.<\/p>\n<p>Auteur: Soufiane ELAHMAR<br \/>\n<a href=\"http:\/\/www.mapoujda.ma\/fr\/oujda-allegement-des-mesures-preventives-contre-la-covid-19\/\">Cliquez ici pour lire l&rsquo;article depuis sa source.<\/a><\/p>\n","protected":false},"excerpt":{"rendered":"<p>Les autorit\u00e9s pr\u00e9fectorales d\u2019Oujda-Angad ont annonc\u00e9, lundi, l\u2019all\u00e8gement et la r\u00e9vision de certaines mesures restrictives visant \u00e0 enrayer la propagation de la pand\u00e9mie du coronavirus (Covid-19). Un communiqu\u00e9 de la pr\u00e9fecture explique l\u2019adoption de cette d\u00e9cision, applicable \u00e0 partir de mercredi prochain (16 d\u00e9cembre), par la baisse progressive du nombre de cas de contamination au [&hellip;]<\/p>\n","protected":false},"author":1788,"featured_media":0,"comment_status":"closed","ping_status":"closed","sticky":false,"template":"","format":"standard","meta":{"fifu_image_url":"","fifu_image_alt":"","footnotes":""},"categories":[54,76],"tags":[],"class_list":["post-107207","post","type-post","status-publish","format-standard","hentry","category-maroc","category-regions"],"_links":{"self":[{"href":"https:\/\/linitiative.ca\/International\/wp-json\/wp\/v2\/posts\/107207","targetHints":{"allow":["GET"]}}],"collection":[{"href":"https:\/\/linitiative.ca\/International\/wp-json\/wp\/v2\/posts"}],"about":[{"href":"https:\/\/linitiative.ca\/International\/wp-json\/wp\/v2\/types\/post"}],"author":[{"embeddable":true,"href":"https:\/\/linitiative.ca\/International\/wp-json\/wp\/v2\/users\/1788"}],"replies":[{"embeddable":true,"href":"https:\/\/linitiative.ca\/International\/wp-json\/wp\/v2\/comments?post=107207"}],"version-history":[{"count":0,"href":"https:\/\/linitiative.ca\/International\/wp-json\/wp\/v2\/posts\/107207\/revisions"}],"wp:attachment":[{"href":"https:\/\/linitiative.ca\/International\/wp-json\/wp\/v2\/media?parent=107207"}],"wp:term":[{"taxonomy":"category","embeddable":true,"href":"https:\/\/linitiative.ca\/International\/wp-json\/wp\/v2\/categories?post=107207"},{"taxonomy":"post_tag","embeddable":true,"href":"https:\/\/linitiative.ca\/International\/wp-json\/wp\/v2\/tags?post=107207"}],"curies":[{"name":"wp","href":"https:\/\/api.w.org\/{rel}","templated":true}]}}