{"id":107218,"date":"2020-12-15T11:00:00","date_gmt":"2020-12-15T16:00:00","guid":{"rendered":"https:\/\/linitiative.ca\/International\/la-maison-de-paolo-rossi-devalisee-pendant-son-enterrement\/"},"modified":"2020-12-15T11:00:00","modified_gmt":"2020-12-15T16:00:00","slug":"la-maison-de-paolo-rossi-devalisee-pendant-son-enterrement","status":"publish","type":"post","link":"https:\/\/linitiative.ca\/International\/la-maison-de-paolo-rossi-devalisee-pendant-son-enterrement\/","title":{"rendered":"La maison de Paolo Rossi d\u00e9valis\u00e9e pendant son enterrement\u00a0!"},"content":{"rendered":"<p class=\"p1 c3\"><span class=\"c2\">Samedi, l\u2019Italie a fait ses adieux \u00e0 Paolo Rossi. Et pendant les fun\u00e9railles de l\u2019ancien attaquant, h\u00e9ros de la Coupe du monde 1982 en Espagne et d\u00e9c\u00e9d\u00e9 mercredi \u00e0 l\u2019\u00e2ge de 64 des suites d\u2019une longue maladie, son domicile a \u00e9t\u00e9 cambriol\u00e9.<\/span><\/p>\n<p class=\"p1 c3\"><span class=\"c2\">C\u2019est sa femme Federica qui a fait la d\u00e9couverte de cette d\u00e9sagr\u00e9able surprise \u00e0 son retour des obs\u00e8ques d\u00e9roul\u00e9s pr\u00e8s de Vicenza (nord-est). Les malfrats auraient p\u00e9n\u00e9tr\u00e9 \u00e0 l\u2019int\u00e9rieur de la maison, situ\u00e9e \u00e0 Bucine dans le centre du pays, en for\u00e7ant une fen\u00eatre. Ils auraient d\u00e9rob\u00e9 de l\u2019argent liquide et des bijoux, dont une montre appartenant au Ballon d\u2019or 1982.<\/span><\/p>\n<p class=\"p1 c3\"><span class=\"c2\">Ils n\u2019auraient en revanche emport\u00e9 aucun objet li\u00e9 \u00e0 la carri\u00e8re de la l\u00e9gende italienne, m\u00eame si des v\u00e9rifications doivent encore \u00eatre men\u00e9es dans le domicile. Une enqu\u00eate a \u00e9t\u00e9 ouverte pour faire toute la lumi\u00e8re sur ce cambriolage et retrouver les malfaiteurs.<\/span><\/p>\n<p class=\"p1 c3\"><span class=\"c2\">Plusieurs hommages ont \u00e9t\u00e9 rendus \u00e0 Paolo Rossi, meilleur buteur du Mondial 1982 avec six buts, tout au long du week-end dans le championnat d\u2019Italie. Les joueurs italiens ont port\u00e9 un brassard noir en sa m\u00e9moire et une minute de silence a \u00e9t\u00e9 observ\u00e9e dans les stades avec des photos de l\u2019ancien attaquant projet\u00e9es sur de grands \u00e9crans avec les mots \u00ables h\u00e9ros ne meurent jamais\u00bb et \u00abCiao Paolo\u00bb.<\/span><\/p>\n<p>Auteur: letemps1<br \/>\n<a href=\"http:\/\/www.letemps.com.tn\/article\/118498\/la-maison-de-paolo-rossi-d%C3%A9valis%C3%A9e-pendant-son-enterrement%C2%A0\">Cliquez ici pour lire l&rsquo;article depuis sa source.<\/a><\/p>\n","protected":false},"excerpt":{"rendered":"<p>Samedi, l\u2019Italie a fait ses adieux \u00e0 Paolo Rossi. Et pendant les fun\u00e9railles de l\u2019ancien attaquant, h\u00e9ros de la Coupe du monde 1982 en Espagne et d\u00e9c\u00e9d\u00e9 mercredi \u00e0 l\u2019\u00e2ge de 64 des suites d\u2019une longue maladie, son domicile a \u00e9t\u00e9 cambriol\u00e9. C\u2019est sa femme Federica qui a fait la d\u00e9couverte de cette d\u00e9sagr\u00e9able surprise [&hellip;]<\/p>\n","protected":false},"author":1773,"featured_media":0,"comment_status":"closed","ping_status":"closed","sticky":false,"template":"","format":"standard","meta":{"fifu_image_url":"","fifu_image_alt":"","footnotes":""},"categories":[73,55],"tags":[],"class_list":["post-107218","post","type-post","status-publish","format-standard","hentry","category-actualite","category-tunisie"],"_links":{"self":[{"href":"https:\/\/linitiative.ca\/International\/wp-json\/wp\/v2\/posts\/107218","targetHints":{"allow":["GET"]}}],"collection":[{"href":"https:\/\/linitiative.ca\/International\/wp-json\/wp\/v2\/posts"}],"about":[{"href":"https:\/\/linitiative.ca\/International\/wp-json\/wp\/v2\/types\/post"}],"author":[{"embeddable":true,"href":"https:\/\/linitiative.ca\/International\/wp-json\/wp\/v2\/users\/1773"}],"replies":[{"embeddable":true,"href":"https:\/\/linitiative.ca\/International\/wp-json\/wp\/v2\/comments?post=107218"}],"version-history":[{"count":0,"href":"https:\/\/linitiative.ca\/International\/wp-json\/wp\/v2\/posts\/107218\/revisions"}],"wp:attachment":[{"href":"https:\/\/linitiative.ca\/International\/wp-json\/wp\/v2\/media?parent=107218"}],"wp:term":[{"taxonomy":"category","embeddable":true,"href":"https:\/\/linitiative.ca\/International\/wp-json\/wp\/v2\/categories?post=107218"},{"taxonomy":"post_tag","embeddable":true,"href":"https:\/\/linitiative.ca\/International\/wp-json\/wp\/v2\/tags?post=107218"}],"curies":[{"name":"wp","href":"https:\/\/api.w.org\/{rel}","templated":true}]}}