{"id":107219,"date":"2020-12-15T15:14:02","date_gmt":"2020-12-15T20:14:02","guid":{"rendered":"https:\/\/linitiative.ca\/International\/pros-manchester-city-guardiola-met-la-pression-sur-mahrez-et-les-attaquants-des-citizens\/"},"modified":"2020-12-15T15:14:02","modified_gmt":"2020-12-15T20:14:02","slug":"pros-manchester-city-guardiola-met-la-pression-sur-mahrez-et-les-attaquants-des-citizens","status":"publish","type":"post","link":"https:\/\/linitiative.ca\/International\/pros-manchester-city-guardiola-met-la-pression-sur-mahrez-et-les-attaquants-des-citizens\/","title":{"rendered":"Pros : Manchester City: Guardiola met la pression sur Mahrez et les attaquants des Citizens"},"content":{"rendered":"<div readability=\"32\">\n<p>Auteur : <span>Riad Ouenzar<\/span> <span class=\"time\">mardi 15 d\u00e9cembre 2020 16:43<\/span><\/p>\n<\/div>\n<div id=\"post_core\" readability=\"40\">\n<p>L\u2019entra\u00eeneur de Manchester City, Pep Guardiola a appel\u00e9 ses attaquants \u00e0 se r\u00e9veiller lors des prochaines sorties de l\u2019\u00e9quipe. Le coach des Citizens a ainsi appel\u00e9 Mahrez, Sterling, Jesus et Torres \u00e0 trouver la solution pour secouer les filets adverses\u00a0:\u00a0\u00abSur le plan d\u00e9fensif, nous faisons notre boulot de la plus belle des mani\u00e8res puisque nous n\u2019avons pas conc\u00e9d\u00e9 beaucoup de buts ces derniers temps.\u00bb a-t-il d\u00e9clar\u00e9, avant d\u2019ajouter\u00a0:\u00a0\u00abNos attaquants doivent concr\u00e9tiser nos occasions et marquer plus de buts.\u00bb<\/p>\n<p><strong>Publi\u00e9 dans :<\/strong> <span>Mahrez<\/span><\/p>\n<\/div>\n<p>Auteur:<br \/>\n<a href=\"http:\/\/www.lebuteur.com\/article\/detail?titre=manchester-city-guardiola-met-la-pression-sur-mahrez-et-les-attaquants-des-citizens&#038;id=98362&#038;utm_source=feedburner&#038;utm_medium=feed&#038;utm_campaign=Feed%3A+GalerieFArtciles+%28Les+derniers+articles++-+lebuteur.com%29\">Cliquez ici pour lire l&rsquo;article depuis sa source.<\/a><\/p>\n","protected":false},"excerpt":{"rendered":"<p>Auteur : Riad Ouenzar mardi 15 d\u00e9cembre 2020 16:43 L\u2019entra\u00eeneur de Manchester City, Pep Guardiola a appel\u00e9 ses attaquants \u00e0 se r\u00e9veiller lors des prochaines sorties de l\u2019\u00e9quipe. Le coach des Citizens a ainsi appel\u00e9 Mahrez, Sterling, Jesus et Torres \u00e0 trouver la solution pour secouer les filets adverses\u00a0:\u00a0\u00abSur le plan d\u00e9fensif, nous faisons notre [&hellip;]<\/p>\n","protected":false},"author":1738,"featured_media":0,"comment_status":"closed","ping_status":"closed","sticky":false,"template":"","format":"standard","meta":{"fifu_image_url":"\/\/cdn.lebuteur.com\/data\/images\/article\/thumbs\/large-manchester-city-guardiola-met-la-pression-sur-mahrez-et-les-attaquants-des-citizens-6f074.jpg","fifu_image_alt":"Pros : Manchester City: Guardiola met la pression sur Mahrez et les attaquants des Citizens","footnotes":""},"categories":[53,75],"tags":[],"class_list":["post-107219","post","type-post","status-publish","format-standard","hentry","category-algerie","category-sport"],"_links":{"self":[{"href":"https:\/\/linitiative.ca\/International\/wp-json\/wp\/v2\/posts\/107219","targetHints":{"allow":["GET"]}}],"collection":[{"href":"https:\/\/linitiative.ca\/International\/wp-json\/wp\/v2\/posts"}],"about":[{"href":"https:\/\/linitiative.ca\/International\/wp-json\/wp\/v2\/types\/post"}],"author":[{"embeddable":true,"href":"https:\/\/linitiative.ca\/International\/wp-json\/wp\/v2\/users\/1738"}],"replies":[{"embeddable":true,"href":"https:\/\/linitiative.ca\/International\/wp-json\/wp\/v2\/comments?post=107219"}],"version-history":[{"count":0,"href":"https:\/\/linitiative.ca\/International\/wp-json\/wp\/v2\/posts\/107219\/revisions"}],"wp:attachment":[{"href":"https:\/\/linitiative.ca\/International\/wp-json\/wp\/v2\/media?parent=107219"}],"wp:term":[{"taxonomy":"category","embeddable":true,"href":"https:\/\/linitiative.ca\/International\/wp-json\/wp\/v2\/categories?post=107219"},{"taxonomy":"post_tag","embeddable":true,"href":"https:\/\/linitiative.ca\/International\/wp-json\/wp\/v2\/tags?post=107219"}],"curies":[{"name":"wp","href":"https:\/\/api.w.org\/{rel}","templated":true}]}}