{"id":107222,"date":"2020-12-15T15:14:10","date_gmt":"2020-12-15T20:14:10","guid":{"rendered":"https:\/\/linitiative.ca\/International\/pros-lazio-mauvaise-nouvelle-pour-fares\/"},"modified":"2020-12-15T15:14:10","modified_gmt":"2020-12-15T20:14:10","slug":"pros-lazio-mauvaise-nouvelle-pour-fares","status":"publish","type":"post","link":"https:\/\/linitiative.ca\/International\/pros-lazio-mauvaise-nouvelle-pour-fares\/","title":{"rendered":"Pros : Lazio: Mauvaise nouvelle pour Fares"},"content":{"rendered":"<div readability=\"32\">\n<p>Auteur : <span>Riad Ouenzar<\/span> <span class=\"time\">mardi 15 d\u00e9cembre 2020 18:54<\/span><\/p>\n<\/div>\n<div id=\"post_core\" readability=\"37\">\n<p>Le d\u00e9fenseur Alg\u00e9rien de la Lazio de Rome, Mohamed Fares sera absent ce soir du match de son team face \u00e0 B\u00e9n\u00e9vent dans le cadre de la 12\u00e8me journ\u00e9e de la S\u00e9rie A.\u00a0 Selon la presse italienne, le joueur de l\u2019EN souffre d\u2019une blessure musculaire. La date de son retour sur les terrains n\u2019a pas \u00e9t\u00e9 communiqu\u00e9e.<\/p>\n<p><strong>Publi\u00e9 dans :<\/strong> <span>Fares<\/span><\/p>\n<\/div>\n<p>Auteur:<br \/>\n<a href=\"http:\/\/www.lebuteur.com\/article\/detail?titre=lazio-mauvaise-nouvelle-pour-fares&#038;id=98365&#038;utm_source=feedburner&#038;utm_medium=feed&#038;utm_campaign=Feed%3A+GalerieFArtciles+%28Les+derniers+articles++-+lebuteur.com%29\">Cliquez ici pour lire l&rsquo;article depuis sa source.<\/a><\/p>\n","protected":false},"excerpt":{"rendered":"<p>Auteur : Riad Ouenzar mardi 15 d\u00e9cembre 2020 18:54 Le d\u00e9fenseur Alg\u00e9rien de la Lazio de Rome, Mohamed Fares sera absent ce soir du match de son team face \u00e0 B\u00e9n\u00e9vent dans le cadre de la 12\u00e8me journ\u00e9e de la S\u00e9rie A.\u00a0 Selon la presse italienne, le joueur de l\u2019EN souffre d\u2019une blessure musculaire. La [&hellip;]<\/p>\n","protected":false},"author":1738,"featured_media":0,"comment_status":"closed","ping_status":"closed","sticky":false,"template":"","format":"standard","meta":{"fifu_image_url":"\/\/cdn.lebuteur.com\/data\/images\/article\/thumbs\/large-lazio-mauvaise-nouvelle-pour-fares-b029f.jpg","fifu_image_alt":"Pros : Lazio: Mauvaise nouvelle pour Fares","footnotes":""},"categories":[53,75],"tags":[],"class_list":["post-107222","post","type-post","status-publish","format-standard","hentry","category-algerie","category-sport"],"_links":{"self":[{"href":"https:\/\/linitiative.ca\/International\/wp-json\/wp\/v2\/posts\/107222","targetHints":{"allow":["GET"]}}],"collection":[{"href":"https:\/\/linitiative.ca\/International\/wp-json\/wp\/v2\/posts"}],"about":[{"href":"https:\/\/linitiative.ca\/International\/wp-json\/wp\/v2\/types\/post"}],"author":[{"embeddable":true,"href":"https:\/\/linitiative.ca\/International\/wp-json\/wp\/v2\/users\/1738"}],"replies":[{"embeddable":true,"href":"https:\/\/linitiative.ca\/International\/wp-json\/wp\/v2\/comments?post=107222"}],"version-history":[{"count":0,"href":"https:\/\/linitiative.ca\/International\/wp-json\/wp\/v2\/posts\/107222\/revisions"}],"wp:attachment":[{"href":"https:\/\/linitiative.ca\/International\/wp-json\/wp\/v2\/media?parent=107222"}],"wp:term":[{"taxonomy":"category","embeddable":true,"href":"https:\/\/linitiative.ca\/International\/wp-json\/wp\/v2\/categories?post=107222"},{"taxonomy":"post_tag","embeddable":true,"href":"https:\/\/linitiative.ca\/International\/wp-json\/wp\/v2\/tags?post=107222"}],"curies":[{"name":"wp","href":"https:\/\/api.w.org\/{rel}","templated":true}]}}