{"id":107223,"date":"2020-12-15T15:14:12","date_gmt":"2020-12-15T20:14:12","guid":{"rendered":"https:\/\/linitiative.ca\/International\/pros-nice-atal-et-boudaoui-manquent-a-lappel-pour-le-match-face-a-nimes\/"},"modified":"2020-12-15T15:14:12","modified_gmt":"2020-12-15T20:14:12","slug":"pros-nice-atal-et-boudaoui-manquent-a-lappel-pour-le-match-face-a-nimes","status":"publish","type":"post","link":"https:\/\/linitiative.ca\/International\/pros-nice-atal-et-boudaoui-manquent-a-lappel-pour-le-match-face-a-nimes\/","title":{"rendered":"Pros : Nice : Atal et Boudaoui manquent \u00e0 l&rsquo;appel pour le match face \u00e0 N\u00eemes"},"content":{"rendered":"<div readability=\"32\">\n<p>Auteur : <span class=\"time\">mardi 15 d\u00e9cembre 2020 20:05<\/span><\/p>\n<\/div>\n<div id=\"post_core\" readability=\"37\">\n<p>Pour cette rencontre, l&rsquo;entraineur Adrian Ursea devra se passer des services de\u00a0 Youcef Atal, en phase de reprise apr!s sa blessure \u00e0 la cuisse. De son c\u00f4t\u00e9, Hicham Boudaoui est suspendu pour ce match.<\/p>\n<p><img decoding=\"async\" alt=\"\" src=\"https:\/\/pbs.twimg.com\/media\/EpTHgVhXcAEkJeh?format=jpg&amp;name=small\" class=\"c1\" \/><\/p>\n<p><strong>Publi\u00e9 dans :<\/strong> <span>Nice<\/span><\/p>\n<\/div>\n<p>Auteur:<br \/>\n<a href=\"http:\/\/www.lebuteur.com\/article\/detail?titre=nice-atal-et-boudaoui-manquent-a-lappel-pour-le-match-face-a-nimes&#038;id=98366&#038;utm_source=feedburner&#038;utm_medium=feed&#038;utm_campaign=Feed%3A+GalerieFArtciles+%28Les+derniers+articles++-+lebuteur.com%29\">Cliquez ici pour lire l&rsquo;article depuis sa source.<\/a><\/p>\n","protected":false},"excerpt":{"rendered":"<p>Auteur : mardi 15 d\u00e9cembre 2020 20:05 Pour cette rencontre, l&rsquo;entraineur Adrian Ursea devra se passer des services de\u00a0 Youcef Atal, en phase de reprise apr!s sa blessure \u00e0 la cuisse. De son c\u00f4t\u00e9, Hicham Boudaoui est suspendu pour ce match. Publi\u00e9 dans : Nice Auteur: Cliquez ici pour lire l&rsquo;article depuis sa source.<\/p>\n","protected":false},"author":1738,"featured_media":0,"comment_status":"closed","ping_status":"closed","sticky":false,"template":"","format":"standard","meta":{"fifu_image_url":"\/\/cdn.lebuteur.com\/data\/images\/article\/thumbs\/large-nice-atal-et-boudaoui-manquent-a-lappel-pour-le-match-face-a-nimes-92cfa.jpg","fifu_image_alt":"Pros : Nice : Atal et Boudaoui manquent \u00e0 l'appel pour le match face \u00e0 N\u00eemes","footnotes":""},"categories":[53,75],"tags":[],"class_list":["post-107223","post","type-post","status-publish","format-standard","hentry","category-algerie","category-sport"],"_links":{"self":[{"href":"https:\/\/linitiative.ca\/International\/wp-json\/wp\/v2\/posts\/107223","targetHints":{"allow":["GET"]}}],"collection":[{"href":"https:\/\/linitiative.ca\/International\/wp-json\/wp\/v2\/posts"}],"about":[{"href":"https:\/\/linitiative.ca\/International\/wp-json\/wp\/v2\/types\/post"}],"author":[{"embeddable":true,"href":"https:\/\/linitiative.ca\/International\/wp-json\/wp\/v2\/users\/1738"}],"replies":[{"embeddable":true,"href":"https:\/\/linitiative.ca\/International\/wp-json\/wp\/v2\/comments?post=107223"}],"version-history":[{"count":0,"href":"https:\/\/linitiative.ca\/International\/wp-json\/wp\/v2\/posts\/107223\/revisions"}],"wp:attachment":[{"href":"https:\/\/linitiative.ca\/International\/wp-json\/wp\/v2\/media?parent=107223"}],"wp:term":[{"taxonomy":"category","embeddable":true,"href":"https:\/\/linitiative.ca\/International\/wp-json\/wp\/v2\/categories?post=107223"},{"taxonomy":"post_tag","embeddable":true,"href":"https:\/\/linitiative.ca\/International\/wp-json\/wp\/v2\/tags?post=107223"}],"curies":[{"name":"wp","href":"https:\/\/api.w.org\/{rel}","templated":true}]}}