{"id":107229,"date":"2020-12-15T10:08:00","date_gmt":"2020-12-15T15:08:00","guid":{"rendered":"https:\/\/linitiative.ca\/International\/protection-civile-de-mostaganem-organisation-dune-formation-sur-la-gestion-des-crises\/"},"modified":"2020-12-15T10:08:00","modified_gmt":"2020-12-15T15:08:00","slug":"protection-civile-de-mostaganem-organisation-dune-formation-sur-la-gestion-des-crises","status":"publish","type":"post","link":"https:\/\/linitiative.ca\/International\/protection-civile-de-mostaganem-organisation-dune-formation-sur-la-gestion-des-crises\/","title":{"rendered":"PROTECTION CIVILE DE MOSTAGANEM : Organisation d\u2019une  formation sur la gestion des crises"},"content":{"rendered":"<p><br id=\"sep_para_1\" class=\"sep_para access\"\/><\/p>\n<div id=\"para_1\" class=\"para_39940524 resize\">\n<div class=\"texte access firstletter\">Dans le cadre de l\u2019information sur les efforts d\u00e9ploy\u00e9s par la protection civile, pour la pr\u00e9servation et la s\u00e9curit\u00e9 des biens et des personnes, \u00e0 l\u2019ombre de l\u2019\u00e9pid\u00e9mie due au Coronavirus ainsi que dans le but d\u2019\u00e9clairer l\u2019opinion publique sur l\u2019importance de ses activit\u00e9s, le directeur de la protection civile de la wilaya de Mostaganem, le colonel Abdelhamid Zighed a patronn\u00e9, en collaboration de professeurs du laboratoire de communication, de l\u2019universit\u00e9 \u00ab Abdelhamid Ben Badis \u00bb de Mostaganem, le lancement d\u2019une journ\u00e9e de formation ,\u00e0 l\u2019intention des officiers de l\u2019appareil de la protection civile. Celle-ci a \u00e9t\u00e9 ax\u00e9e sur le th\u00e8me relatif \u00e0 l\u2019importance de \u00ab la communication de crise \u00bb pendant l\u2019\u00e9pid\u00e9mie de la \u00abCovid-19 \u00bb et ce en rappelant que cette journ\u00e9e du\u00a0 lundi,14 d\u00e9cembre 2020 a \u00e9t\u00e9 consacr\u00e9e aux officiers, chefs des unit\u00e9s op\u00e9rationnelles de la protection civile de la wilaya de Mostaganem et ce, \u00e0 l\u2019effet de leur dispenser de bases de formation dans le domaine de la \u00ab gestion des crises et\u00a0 m\u00e9thodes d\u2019utilisation judicieuse des moyens modernes de communication. C\u2019est ainsi que le laboratoire universitaire de la communication et des relations a apport\u00e9 une contribution qualitative, conjointement avec la direction de la protection civile de la wilaya de Mostaganem, dans le domaine de la formation et l\u2019utilisation strat\u00e9gique des ressources humaines, au niveau des diff\u00e9rentes unit\u00e9s op\u00e9rationnelles et des services de cette m\u00eame protection civile.\u00a0\u00a0\u00a0<\/div>\n<\/div>\n<p>Auteur: Younes Zahachi<br \/>\n<a href=\"https:\/\/www.reflexiondz.net\/PROTECTION-CIVILE-DE-MOSTAGANEM-Organisation-d-une-formation-sur-la-gestion-des-crises_a66727.html\">Cliquez ici pour lire l&rsquo;article depuis sa source.<\/a><\/p>\n","protected":false},"excerpt":{"rendered":"<p>Dans le cadre de l\u2019information sur les efforts d\u00e9ploy\u00e9s par la protection civile, pour la pr\u00e9servation et la s\u00e9curit\u00e9 des biens et des personnes, \u00e0 l\u2019ombre de l\u2019\u00e9pid\u00e9mie due au Coronavirus ainsi que dans le but d\u2019\u00e9clairer l\u2019opinion publique sur l\u2019importance de ses activit\u00e9s, le directeur de la protection civile de la wilaya de Mostaganem, [&hellip;]<\/p>\n","protected":false},"author":1740,"featured_media":0,"comment_status":"closed","ping_status":"closed","sticky":false,"template":"","format":"standard","meta":{"fifu_image_url":"","fifu_image_alt":"","footnotes":""},"categories":[53,76],"tags":[],"class_list":["post-107229","post","type-post","status-publish","format-standard","hentry","category-algerie","category-regions"],"_links":{"self":[{"href":"https:\/\/linitiative.ca\/International\/wp-json\/wp\/v2\/posts\/107229","targetHints":{"allow":["GET"]}}],"collection":[{"href":"https:\/\/linitiative.ca\/International\/wp-json\/wp\/v2\/posts"}],"about":[{"href":"https:\/\/linitiative.ca\/International\/wp-json\/wp\/v2\/types\/post"}],"author":[{"embeddable":true,"href":"https:\/\/linitiative.ca\/International\/wp-json\/wp\/v2\/users\/1740"}],"replies":[{"embeddable":true,"href":"https:\/\/linitiative.ca\/International\/wp-json\/wp\/v2\/comments?post=107229"}],"version-history":[{"count":0,"href":"https:\/\/linitiative.ca\/International\/wp-json\/wp\/v2\/posts\/107229\/revisions"}],"wp:attachment":[{"href":"https:\/\/linitiative.ca\/International\/wp-json\/wp\/v2\/media?parent=107229"}],"wp:term":[{"taxonomy":"category","embeddable":true,"href":"https:\/\/linitiative.ca\/International\/wp-json\/wp\/v2\/categories?post=107229"},{"taxonomy":"post_tag","embeddable":true,"href":"https:\/\/linitiative.ca\/International\/wp-json\/wp\/v2\/tags?post=107229"}],"curies":[{"name":"wp","href":"https:\/\/api.w.org\/{rel}","templated":true}]}}