{"id":107231,"date":"2020-12-15T10:08:00","date_gmt":"2020-12-15T15:08:00","guid":{"rendered":"https:\/\/linitiative.ca\/International\/logements-sociaux-a-froha-mascara-les-exclus-de-la-liste-des-beneficiaires-en-colere\/"},"modified":"2020-12-15T10:08:00","modified_gmt":"2020-12-15T15:08:00","slug":"logements-sociaux-a-froha-mascara-les-exclus-de-la-liste-des-beneficiaires-en-colere","status":"publish","type":"post","link":"https:\/\/linitiative.ca\/International\/logements-sociaux-a-froha-mascara-les-exclus-de-la-liste-des-beneficiaires-en-colere\/","title":{"rendered":"LOGEMENTS SOCIAUX A FROHA (MASCARA) : Les exclus de la liste des b\u00e9n\u00e9ficiaires en col\u00e8re"},"content":{"rendered":"<p><br id=\"sep_para_1\" class=\"sep_para access\"\/><\/p>\n<div id=\"para_1\" class=\"para_39940469 resize\">\n<div class=\"texte access firstletter\">Apr\u00e8s l&rsquo;affichage de la liste nominative des b\u00e9n\u00e9ficiaires des 20 logements sociaux \u00e0 Froha, dans la da\u00efra de Tizi wilaya de Mascara, de nombreux exclus, tr\u00e8s en col\u00e8re, se sont pr\u00e9sent\u00e9s au si\u00e8ge de la commune pour d\u00e9poser leurs recours. Ils s&rsquo;interrogent sur le pourquoi de l&rsquo;affichage de vingt noms seulement sur plus de mille demandes de logements d\u00e9pos\u00e9es aupr\u00e8s des services concern\u00e9s. Ils jugent que la liste des 20 logements sociaux est inacceptable et le nombre tr\u00e8s r\u00e9duit, \u00e9tant donn\u00e9 que pas moins de mille demandeurs de logement de la localit\u00e9 avaient d\u00e9pos\u00e9 leurs dossiers il y a plus de vingt ans, et dont la situation sociale laisse \u00e0 d\u00e9sirer, et se demandant pourquoi les autorit\u00e9s n&rsquo;ont pas programm\u00e9 un nombre suffisant de logements, qui n&rsquo;aurait certainement\u00a0 pas pos\u00e9 probl\u00e8me, consid\u00e9rant ceci comme une marginalisation de la commune, de la taille de Froha, en superficie et en population. Ils sollicitent les autorit\u00e9s locales et de wilaya de programmer dans un proche avenir, de nouveaux projets, et un nombre raisonnable de logements.\u00a0\u00a0\u00a0<\/div>\n<\/div>\n<p>Auteur: Sahraoui Lahcene<br \/>\n<a href=\"https:\/\/www.reflexiondz.net\/LOGEMENTS-SOCIAUX-A-FROHA-MASCARA-Les-exclus-de-la-liste-des-beneficiaires-en-colere_a66722.html\">Cliquez ici pour lire l&rsquo;article depuis sa source.<\/a><\/p>\n","protected":false},"excerpt":{"rendered":"<p>Apr\u00e8s l&rsquo;affichage de la liste nominative des b\u00e9n\u00e9ficiaires des 20 logements sociaux \u00e0 Froha, dans la da\u00efra de Tizi wilaya de Mascara, de nombreux exclus, tr\u00e8s en col\u00e8re, se sont pr\u00e9sent\u00e9s au si\u00e8ge de la commune pour d\u00e9poser leurs recours. Ils s&rsquo;interrogent sur le pourquoi de l&rsquo;affichage de vingt noms seulement sur plus de mille [&hellip;]<\/p>\n","protected":false},"author":1740,"featured_media":0,"comment_status":"closed","ping_status":"closed","sticky":false,"template":"","format":"standard","meta":{"fifu_image_url":"","fifu_image_alt":"","footnotes":""},"categories":[53,76],"tags":[],"class_list":["post-107231","post","type-post","status-publish","format-standard","hentry","category-algerie","category-regions"],"_links":{"self":[{"href":"https:\/\/linitiative.ca\/International\/wp-json\/wp\/v2\/posts\/107231","targetHints":{"allow":["GET"]}}],"collection":[{"href":"https:\/\/linitiative.ca\/International\/wp-json\/wp\/v2\/posts"}],"about":[{"href":"https:\/\/linitiative.ca\/International\/wp-json\/wp\/v2\/types\/post"}],"author":[{"embeddable":true,"href":"https:\/\/linitiative.ca\/International\/wp-json\/wp\/v2\/users\/1740"}],"replies":[{"embeddable":true,"href":"https:\/\/linitiative.ca\/International\/wp-json\/wp\/v2\/comments?post=107231"}],"version-history":[{"count":0,"href":"https:\/\/linitiative.ca\/International\/wp-json\/wp\/v2\/posts\/107231\/revisions"}],"wp:attachment":[{"href":"https:\/\/linitiative.ca\/International\/wp-json\/wp\/v2\/media?parent=107231"}],"wp:term":[{"taxonomy":"category","embeddable":true,"href":"https:\/\/linitiative.ca\/International\/wp-json\/wp\/v2\/categories?post=107231"},{"taxonomy":"post_tag","embeddable":true,"href":"https:\/\/linitiative.ca\/International\/wp-json\/wp\/v2\/tags?post=107231"}],"curies":[{"name":"wp","href":"https:\/\/api.w.org\/{rel}","templated":true}]}}