{"id":107232,"date":"2020-12-15T10:21:00","date_gmt":"2020-12-15T15:21:00","guid":{"rendered":"https:\/\/linitiative.ca\/International\/le-president-tebboune-recoit-un-appel-de-merkel\/"},"modified":"2020-12-15T10:21:00","modified_gmt":"2020-12-15T15:21:00","slug":"le-president-tebboune-recoit-un-appel-de-merkel","status":"publish","type":"post","link":"https:\/\/linitiative.ca\/International\/le-president-tebboune-recoit-un-appel-de-merkel\/","title":{"rendered":"Le pr\u00e9sident  Tebboune re\u00e7oit un appel  de Merkel"},"content":{"rendered":"<p><br id=\"sep_para_1\" class=\"sep_para access\"\/><\/p>\n<div id=\"para_1\" class=\"para_39940642 resize\">\n<div class=\"texte access firstletter\">Le pr\u00e9sident de la R\u00e9publique, Abdelmadjid Tebboune, a re\u00e7u lundi un appel t\u00e9l\u00e9phonique de la chanceli\u00e8re allemande, Angela Merkel qui s\u2019est enquise de son \u00e9tat de sant\u00e9 et lors duquel les deux parties ont \u00e9voqu\u00e9 la coop\u00e9ration bilat\u00e9rale et les moyens de sa promotion \u00e0 l&rsquo;avenir, a indiqu\u00e9 la Pr\u00e9sidence de la R\u00e9publique dans un communiqu\u00e9. \u00ab\u00a0Le Pr\u00e9sident de la R\u00e9publique, Abdelmadjid Tebboune, a re\u00e7u lundi un appel t\u00e9l\u00e9phonique de la chanceli\u00e8re allemande, Angela Merkel qui s\u2019est enquise de son \u00e9tat de sant\u00e9\u00a0\u00bb, pr\u00e9cise la m\u00eame source qui ajoute que \u00ab\u00a0le Pr\u00e9sident de la R\u00e9publique lui a exprim\u00e9 ses vifs remerciements pour la prise en charge m\u00e9dicale qu&rsquo;il a re\u00e7ue en Allemagne\u00a0\u00bb.\u00a0 A cette occasion, les deux parties ont longuement \u00e9voqu\u00e9 \u00ab\u00a0la situation \u00e9pid\u00e9mique et \u00e9conomique dans les deux pays, la coop\u00e9ration bilat\u00e9rale et les moyens de sa promotion \u00e0 l&rsquo;avenir ainsi que des questions d\u2019ordre r\u00e9gional d\u2019int\u00e9r\u00eat commun, notamment les derniers d\u00e9veloppements en Libye\u00a0\u00bb, souligne le communiqu\u00e9.\u00a0 \u00ab\u00a0La chanceli\u00e8re allemande a exprim\u00e9 ses souhaits de prompt r\u00e9tablissement au Pr\u00e9sident Tebboune, le priant de transmettre l&rsquo;expression de son amiti\u00e9 au peuple alg\u00e9rien\u00a0\u00bb, a conclu le communiqu\u00e9.<\/div>\n<\/div>\n<p>Auteur: R\u00e9flexion<br \/>\n<a href=\"https:\/\/www.reflexiondz.net\/Le-president-Tebboune-recoit-un-appel-de-Merkel_a66739.html\">Cliquez ici pour lire l&rsquo;article depuis sa source.<\/a><\/p>\n","protected":false},"excerpt":{"rendered":"<p>Le pr\u00e9sident de la R\u00e9publique, Abdelmadjid Tebboune, a re\u00e7u lundi un appel t\u00e9l\u00e9phonique de la chanceli\u00e8re allemande, Angela Merkel qui s\u2019est enquise de son \u00e9tat de sant\u00e9 et lors duquel les deux parties ont \u00e9voqu\u00e9 la coop\u00e9ration bilat\u00e9rale et les moyens de sa promotion \u00e0 l&rsquo;avenir, a indiqu\u00e9 la Pr\u00e9sidence de la R\u00e9publique dans un [&hellip;]<\/p>\n","protected":false},"author":1740,"featured_media":0,"comment_status":"closed","ping_status":"closed","sticky":false,"template":"","format":"standard","meta":{"fifu_image_url":"","fifu_image_alt":"","footnotes":""},"categories":[53,76],"tags":[],"class_list":["post-107232","post","type-post","status-publish","format-standard","hentry","category-algerie","category-regions"],"_links":{"self":[{"href":"https:\/\/linitiative.ca\/International\/wp-json\/wp\/v2\/posts\/107232","targetHints":{"allow":["GET"]}}],"collection":[{"href":"https:\/\/linitiative.ca\/International\/wp-json\/wp\/v2\/posts"}],"about":[{"href":"https:\/\/linitiative.ca\/International\/wp-json\/wp\/v2\/types\/post"}],"author":[{"embeddable":true,"href":"https:\/\/linitiative.ca\/International\/wp-json\/wp\/v2\/users\/1740"}],"replies":[{"embeddable":true,"href":"https:\/\/linitiative.ca\/International\/wp-json\/wp\/v2\/comments?post=107232"}],"version-history":[{"count":0,"href":"https:\/\/linitiative.ca\/International\/wp-json\/wp\/v2\/posts\/107232\/revisions"}],"wp:attachment":[{"href":"https:\/\/linitiative.ca\/International\/wp-json\/wp\/v2\/media?parent=107232"}],"wp:term":[{"taxonomy":"category","embeddable":true,"href":"https:\/\/linitiative.ca\/International\/wp-json\/wp\/v2\/categories?post=107232"},{"taxonomy":"post_tag","embeddable":true,"href":"https:\/\/linitiative.ca\/International\/wp-json\/wp\/v2\/tags?post=107232"}],"curies":[{"name":"wp","href":"https:\/\/api.w.org\/{rel}","templated":true}]}}