{"id":107233,"date":"2020-12-15T10:23:00","date_gmt":"2020-12-15T15:23:00","guid":{"rendered":"https:\/\/linitiative.ca\/International\/tiaret-une-fillette-de-7-ans-sequestree-pour-6-millions-de-cts\/"},"modified":"2020-12-15T10:23:00","modified_gmt":"2020-12-15T15:23:00","slug":"tiaret-une-fillette-de-7-ans-sequestree-pour-6-millions-de-cts","status":"publish","type":"post","link":"https:\/\/linitiative.ca\/International\/tiaret-une-fillette-de-7-ans-sequestree-pour-6-millions-de-cts\/","title":{"rendered":"TIARET : Une fillette de 7 ans s\u00e9questr\u00e9e pour 6 millions de cts"},"content":{"rendered":"<p><br id=\"sep_para_1\" class=\"sep_para access\"\/><\/p>\n<div id=\"para_1\" class=\"para_39940671 resize\">\n<div class=\"photo shadow left\"><a href=\"javascript:void(0)\" rel=\"https:\/\/www.reflexiondz.net\/photo\/art\/grande\/52344902-39940671.jpg?v=1608048015&amp;ibox\" title=\"TIARET : Une fillette de 7 ans s\u00e9questr\u00e9e pour 6 millions de cts\"><img decoding=\"async\" class=\"responsive c9\" src=\"https:\/\/www.reflexiondz.net\/photo\/art\/grande\/52344902-39940671.jpg?v=1608048015\" alt=\"TIARET : Une fillette de 7 ans s\u00e9questr\u00e9e pour 6 millions de cts\" title=\"TIARET : Une fillette de 7 ans s\u00e9questr\u00e9e pour 6 millions de cts\"\/><img decoding=\"async\" class=\"not-responsive\" src=\"https:\/\/www.reflexiondz.net\/photo\/art\/default\/52344902-39940671.jpg?v=1608048017\" alt=\"TIARET : Une fillette de 7 ans s\u00e9questr\u00e9e pour 6 millions de cts\" title=\"TIARET : Une fillette de 7 ans s\u00e9questr\u00e9e pour 6 millions de cts\"\/><\/a><\/div>\n<div class=\"texte access firstletter\">Pour l&rsquo;heure, la mise en cause dans cette scabreuse affaire ,se trouve au niveau du bureau du magistrat-instructeur ,pr\u00e8s le tribunal de Tiaret, apprend-on aupr\u00e8s d&rsquo;une source g\u00e9n\u00e9ralement bien inform\u00e9e .Notre source ajoute que suite \u00e0 une plainte d\u00e9pos\u00e9e par une femme ,faisant part de la disparition de sa fille \u00e2g\u00e9e de 7 ans et scolaris\u00e9e au niveau du quartier \u00ab\u00a0Universit\u00e9\u00a0\u00bb ,les \u00e9l\u00e9ments de la police judiciaire, relevant de la 4eme s\u00fbret\u00e9 urbaine, ont ouvert une enqu\u00eate et ont entam\u00e9 de profondes investigations .Selon les premiers \u00e9l\u00e9ments de l&rsquo;enqu\u00eate, les enqu\u00eateurs et avec un bon flair d&rsquo;investigation ,ont quadrill\u00e9 tous les lieux menant vers le domicile de la petite fille disparue ,en signalant que cette op\u00e9ration de surveillance s&rsquo;est \u00e9tal\u00e9e de 15h jusqu&rsquo;\u00e0 18h30 de ce lundi 14 d\u00e9cembre 2020.Un\u00a0 temps apr\u00e8s, un indice a amplifi\u00e9 les soup\u00e7ons chez les enqu\u00eateurs, il s&rsquo;agit du cartable et de la blouse de la petite fille, qui ont \u00e9t\u00e9 \u00ab\u00a0\u00e9nigmatiquement\u00a0\u00bb d\u00e9pos\u00e9s devant la porte de la femme plaignante et tout pr\u00e8s, ,l&rsquo;on a d\u00e9couvert un bout de papier sur lequel on lisait la mention suivante\u00a0\u00bb on veut une ran\u00e7on de 6 millions pour lib\u00e9rer votre fille\u00a0\u00bb. Juste un temps apr\u00e8s ,la voisine dont la porte se trouve juste en face de celle de la plaignante, est sortie de son domicile, en criant ..\u00a0\u00bb\u00a0\u00bbj&rsquo;ai trouv\u00e9 la fille&#8230;elle est l\u00e0!!! Et sans attendre ,les enqu\u00eateurs ont arr\u00eat\u00e9 cette voisine et l&rsquo;ont plac\u00e9 en garde \u00e0 vue .Un grand soulagement a \u00e9t\u00e9 visiblement remarquable chez les voisins ,qui ont condamn\u00e9 cet acte inhumain, dont l&rsquo;auteur, n&rsquo;est autre qu&rsquo;une voisine. L&rsquo;intervention spectaculaire des policiers en civil de la 4eme s\u00fbret\u00e9 urbaine ,a \u00e9t\u00e9 vivement salu\u00e9e par la population et les habitants de ce paisible quartier.\u00a0\u00a0\u00a0\u00a0<\/div>\n<\/div>\n<p>Auteur: Abdelkader Benrebiha<br \/>\n<a href=\"https:\/\/www.reflexiondz.net\/TIARET-Une-fillette-de-7-ans-sequestree-pour-6-millions-de-cts_a66740.html\">Cliquez ici pour lire l&rsquo;article depuis sa source.<\/a><\/p>\n","protected":false},"excerpt":{"rendered":"<p>Pour l&rsquo;heure, la mise en cause dans cette scabreuse affaire ,se trouve au niveau du bureau du magistrat-instructeur ,pr\u00e8s le tribunal de Tiaret, apprend-on aupr\u00e8s d&rsquo;une source g\u00e9n\u00e9ralement bien inform\u00e9e .Notre source ajoute que suite \u00e0 une plainte d\u00e9pos\u00e9e par une femme ,faisant part de la disparition de sa fille \u00e2g\u00e9e de 7 ans et [&hellip;]<\/p>\n","protected":false},"author":1740,"featured_media":0,"comment_status":"closed","ping_status":"closed","sticky":false,"template":"","format":"standard","meta":{"fifu_image_url":"https:\/\/www.reflexiondz.net\/photo\/art\/grande\/52344902-39940671.jpg?v=1608048015","fifu_image_alt":"TIARET : Une fillette de 7 ans s\u00e9questr\u00e9e pour 6 millions de cts","footnotes":""},"categories":[53,76],"tags":[],"class_list":["post-107233","post","type-post","status-publish","format-standard","hentry","category-algerie","category-regions"],"_links":{"self":[{"href":"https:\/\/linitiative.ca\/International\/wp-json\/wp\/v2\/posts\/107233","targetHints":{"allow":["GET"]}}],"collection":[{"href":"https:\/\/linitiative.ca\/International\/wp-json\/wp\/v2\/posts"}],"about":[{"href":"https:\/\/linitiative.ca\/International\/wp-json\/wp\/v2\/types\/post"}],"author":[{"embeddable":true,"href":"https:\/\/linitiative.ca\/International\/wp-json\/wp\/v2\/users\/1740"}],"replies":[{"embeddable":true,"href":"https:\/\/linitiative.ca\/International\/wp-json\/wp\/v2\/comments?post=107233"}],"version-history":[{"count":0,"href":"https:\/\/linitiative.ca\/International\/wp-json\/wp\/v2\/posts\/107233\/revisions"}],"wp:attachment":[{"href":"https:\/\/linitiative.ca\/International\/wp-json\/wp\/v2\/media?parent=107233"}],"wp:term":[{"taxonomy":"category","embeddable":true,"href":"https:\/\/linitiative.ca\/International\/wp-json\/wp\/v2\/categories?post=107233"},{"taxonomy":"post_tag","embeddable":true,"href":"https:\/\/linitiative.ca\/International\/wp-json\/wp\/v2\/tags?post=107233"}],"curies":[{"name":"wp","href":"https:\/\/api.w.org\/{rel}","templated":true}]}}