{"id":107234,"date":"2020-12-15T04:26:00","date_gmt":"2020-12-15T09:26:00","guid":{"rendered":"https:\/\/linitiative.ca\/International\/lambassadeur-et-president-du-stade-nabeulien-lyes-gastli-est-decede\/"},"modified":"2020-12-15T04:26:00","modified_gmt":"2020-12-15T09:26:00","slug":"lambassadeur-et-president-du-stade-nabeulien-lyes-gastli-est-decede","status":"publish","type":"post","link":"https:\/\/linitiative.ca\/International\/lambassadeur-et-president-du-stade-nabeulien-lyes-gastli-est-decede\/","title":{"rendered":"L\u2019ambassadeur et pr\u00e9sident du Stade nabeulien, Ly\u00e8s Gastli, est d\u00e9c\u00e9d\u00e9"},"content":{"rendered":"<p>Juriste, d\u00e9put\u00e9, diplomate de carri\u00e8re, grand commis de l\u2019Etat et sportif, Ly\u00e8s Gastli est d\u00e9c\u00e9d\u00e9 mardi \u00e0 Nabeul \u00e0 l\u2019\u00e2ge de 89 ans. Un homme p\u00e9tri de valeurs, fait de courtoisie, m\u00fb par un patriotisme chevill\u00e9 au corps, nous quitte. Ambassadeur \u00e0 Buccarest, chef de cabinet du ministre de l\u2019Int\u00e9rieur, Tahar Belkhodja, pr\u00e9sident du Stade nabeulien ou pr\u00e9sident de commission de l\u2019Assembl\u00e9e g\u00e9n\u00e9rale de l\u2019ONU \u00e0 New York, Ely\u00e8s Gastli \u00e9tait toujours rest\u00e9 lui-m\u00eame : comp\u00e9tence et bont\u00e9.<\/p>\n<p class=\"c2\"><img decoding=\"async\" src=\"\/uploads\/FCK_files\/Ly\u00e8s-Gastli-(1).jpg\" alt=\"\" width=\"100%\" vspace=\"5\" hspace=\"5\" align=\"middle\"\/><\/p>\n<p>N\u00e9 le 25 juillet 1931 il a vou\u00e9 sa vie \u00e0 sa ville et \u00e0 son pays. C\u2019est ainsi qu\u2019il a \u00e9t\u00e9 vice-pr\u00e9sident de la municipalit\u00e9 (de 1965 \u00e0 1980) et pr\u00e9sident du stade nabeulien (de 1976 \u00e0 1980). Membre de la d\u00e9l\u00e9gation tunisienne aux assembl\u00e9es g\u00e9n\u00e9rales de l\u2019ONU, pendant de nombreuses sessions, Ely\u00e8s Gastli a repr\u00e9sent\u00e9 la Tunisie \u00e0 la 6eme commission juridique (en1967, 1969, 1970, 1972 et 1977) dont il assumera la pr\u00e9sidence en 1983. L\u2019ann\u00e9e suivante, il sera le premier Tunisien \u00e9lu en tant que pr\u00e9sident du tribunal administratif de l\u2019ONU.<\/p>\n<p class=\"c2\"><img decoding=\"async\" src=\"\/uploads\/FCK_files\/Ly\u00e8s-Gastli-(6).jpg\" alt=\"\" width=\"100%\" vspace=\"5\" hspace=\"5\" align=\"middle\"\/><\/p>\n<p>Assidu aux instances africaines, Ely\u00e8s Gastli avait pris une part active \u00e0 la conf\u00e9rence des ministres des affaires \u00e9trang\u00e8res de l\u2019OUA \u00e0 Addis Abeba en 1980. Il devait \u00e9galement conduire la d\u00e9l\u00e9gation tunisienne a la conf\u00e9rence sur le droit de la mer \u00e0 Gen\u00e8ve en 1981.<\/p>\n<p class=\"c2\"><img decoding=\"async\" src=\"\/uploads\/FCK_files\/Ly\u00e8s-Gastli-(9).jpg\" alt=\"\" width=\"100%\" vspace=\"5\" hspace=\"5\" align=\"middle\"\/><\/p>\n<p>En tant que parlementaire, Ely\u00e8s Gastli a repr\u00e9sent\u00e9 l\u2019Assembl\u00e9e nationale aux conf\u00e9rences de l\u2019union des parlements africains et a \u00e9t\u00e9 \u00e9lu vice-pr\u00e9sident du comit\u00e9 ex\u00e9cutif de l\u2019UPA de 1976 \u00e0 1979.<\/p>\n<p class=\"c2\"><img decoding=\"async\" src=\"\/uploads\/FCK_files\/Ly\u00e8s-Gastli-(5).jpg\" width=\"100%\" vspace=\"5\" hspace=\"5\" align=\"middle\" alt=\"\"\/><\/p>\n<p>En 1980 il est nomm\u00e9 directeur g\u00e9n\u00e9ral des affaires administratives et financi\u00e8res au minist\u00e8re des Affaires \u00e9trang\u00e8res, avant d\u2019\u00eatre d\u00e9sign\u00e9 ambassadeur de Tunisie en Roumanie de 1985 \u00e0 1990. Chevalier dans l\u2019ordre de l\u2019Ind\u00e9pendance et Commandeur dans l\u2019ordre de la R\u00e9publique tunisienne, il est officier de la l\u00e9gion d\u2019honneur fran\u00e7aise.<\/p>\n<p>Auteur:<br \/>\n<a href=\"https:\/\/www.leaders.com.tn\/article\/31100-l-ambassadeur-et-president-du-stade-nabeulien-lyesgastli-est-decede\">Cliquez ici pour lire l&rsquo;article depuis sa source.<\/a><\/p>\n","protected":false},"excerpt":{"rendered":"<p>Juriste, d\u00e9put\u00e9, diplomate de carri\u00e8re, grand commis de l\u2019Etat et sportif, Ly\u00e8s Gastli est d\u00e9c\u00e9d\u00e9 mardi \u00e0 Nabeul \u00e0 l\u2019\u00e2ge de 89 ans. Un homme p\u00e9tri de valeurs, fait de courtoisie, m\u00fb par un patriotisme chevill\u00e9 au corps, nous quitte. Ambassadeur \u00e0 Buccarest, chef de cabinet du ministre de l\u2019Int\u00e9rieur, Tahar Belkhodja, pr\u00e9sident du Stade [&hellip;]<\/p>\n","protected":false},"author":1772,"featured_media":0,"comment_status":"closed","ping_status":"closed","sticky":false,"template":"","format":"standard","meta":{"fifu_image_url":"\/uploads\/FCK_files\/Ly\u00e8s-Gastli-(1).jpg","fifu_image_alt":"L\u2019ambassadeur et pr\u00e9sident du Stade nabeulien, Ly\u00e8s Gastli, est d\u00e9c\u00e9d\u00e9","footnotes":""},"categories":[73,55],"tags":[],"class_list":["post-107234","post","type-post","status-publish","format-standard","hentry","category-actualite","category-tunisie"],"_links":{"self":[{"href":"https:\/\/linitiative.ca\/International\/wp-json\/wp\/v2\/posts\/107234","targetHints":{"allow":["GET"]}}],"collection":[{"href":"https:\/\/linitiative.ca\/International\/wp-json\/wp\/v2\/posts"}],"about":[{"href":"https:\/\/linitiative.ca\/International\/wp-json\/wp\/v2\/types\/post"}],"author":[{"embeddable":true,"href":"https:\/\/linitiative.ca\/International\/wp-json\/wp\/v2\/users\/1772"}],"replies":[{"embeddable":true,"href":"https:\/\/linitiative.ca\/International\/wp-json\/wp\/v2\/comments?post=107234"}],"version-history":[{"count":0,"href":"https:\/\/linitiative.ca\/International\/wp-json\/wp\/v2\/posts\/107234\/revisions"}],"wp:attachment":[{"href":"https:\/\/linitiative.ca\/International\/wp-json\/wp\/v2\/media?parent=107234"}],"wp:term":[{"taxonomy":"category","embeddable":true,"href":"https:\/\/linitiative.ca\/International\/wp-json\/wp\/v2\/categories?post=107234"},{"taxonomy":"post_tag","embeddable":true,"href":"https:\/\/linitiative.ca\/International\/wp-json\/wp\/v2\/tags?post=107234"}],"curies":[{"name":"wp","href":"https:\/\/api.w.org\/{rel}","templated":true}]}}