{"id":107235,"date":"2020-12-15T07:42:00","date_gmt":"2020-12-15T12:42:00","guid":{"rendered":"https:\/\/linitiative.ca\/International\/telemedecine-bientot-le-coup-denvoi\/"},"modified":"2020-12-15T07:42:00","modified_gmt":"2020-12-15T12:42:00","slug":"telemedecine-bientot-le-coup-denvoi","status":"publish","type":"post","link":"https:\/\/linitiative.ca\/International\/telemedecine-bientot-le-coup-denvoi\/","title":{"rendered":"T\u00e9l\u00e9m\u00e9decine : bient\u00f4t le coup d&rsquo;envoi"},"content":{"rendered":"<p><span class=\"c3\"><span class=\"c2\"><strong>Les textes d\u2019application sont lanc\u00e9s<\/strong><\/span><\/span><\/p>\n<p>A quelque chose malheur (coronavirus) est bon ! La loi sur la t\u00e9l\u00e9m\u00e9decine adopt\u00e9e il y a deux ans attendait encore ses textes d\u2019application. En autorisant l\u2019exercice de la profession de m\u00e9decin et de m\u00e9decin dentiste dans ce cadre et en d\u00e9finissant ses modalit\u00e9s, elle stipule que \u00ab les conditions g\u00e9n\u00e9rales de l\u2019exercice de la t\u00e9l\u00e9m\u00e9decine et les domaines de son application sont fix\u00e9s par d\u00e9cret gouvernemental. Les conditions sp\u00e9cifiques de la r\u00e9alisation d\u2019actes de t\u00e9l\u00e9m\u00e9decine pour chaque sp\u00e9cialit\u00e9 m\u00e9dicale ou chirurgicale sont fix\u00e9es par arr\u00eat\u00e9 du ministre charg\u00e9 de la sant\u00e9. \u00bb<\/p>\n<p>Cette loi (n\u00b0 2018-43 du 11 juillet 2018, compl\u00e9tant la loi n\u00b0 91-21 du 13 mars 1991) devait alors \u00eatre activ\u00e9e. C\u2019est quasiment chose faite. \u00abTout est finalis\u00e9, affirme le ministre de la Sant\u00e9, Faouzi Mehdi. Tant le d\u00e9cret gouvernemental que les arr\u00eat\u00e9s ont abouti et ont \u00e9t\u00e9 transmis \u00e0 la pr\u00e9sidence du gouvernement. Ils ne tarderont pas \u00e0 \u00eatre sign\u00e9s et publi\u00e9s. L\u2019ampleur de la pand\u00e9mie a mis en relief la n\u00e9cessit\u00e9 d\u2019acc\u00e9l\u00e9rer la mise en \u0153uvre de la t\u00e9l\u00e9m\u00e9decine, pour garantir la continuit\u00e9 des consultations et garder l\u2019activit\u00e9 m\u00e9dicale ordinaire. Rien ne doit emp\u00eacher les patients de pouvoir se faire traiter. Toute rupture pourrait engendrer des cons\u00e9quences n\u00e9fastes.\u00bb<\/p>\n<p><span class=\"c3\"><span class=\"c2\"><strong>Que dit la loi sur la t\u00e9l\u00e9m\u00e9decine?<\/strong><\/span><\/span><\/p>\n<p>Article 23 (bis) : sous r\u00e9serve des dispositions des articles 22 et 23 de la pr\u00e9sente loi, le m\u00e9decin ou le m\u00e9decin dentiste peut exercer sa profession dans le cadre de la t\u00e9l\u00e9m\u00e9decine.<\/p>\n<p>On entend par t\u00e9l\u00e9m\u00e9decine, au sens de la pr\u00e9sente loi, la pratique m\u00e9dicale \u00e0 distance utilisant les technologies de l\u2019information et de la communication permettant de mettre en rapport, entre eux ou avec un patient, des m\u00e9decins ou des m\u00e9decins dentistes et d\u2019autres professionnels de sant\u00e9, parmi lesquels figure n\u00e9cessairement un m\u00e9decin et, le cas \u00e9ch\u00e9ant, d\u2019autres professionnels de sant\u00e9 traitants, et ce, notamment pour \u00e9tablir le diagnostic d\u2019une maladie, le recueil d\u2019un avis m\u00e9dical, la surveillance ou le suivi de l\u2019\u00e9tat d\u2019un patient, ou autres prestations et actes m\u00e9dicaux.<\/p>\n<p>Hormis les cas d\u2019urgence m\u00e9dicale qui n\u00e9cessitent de porter secours pour sauver la vie du patient et au cours desquels son information et le recueil de son consentement ou celui de son tuteur l\u00e9gal s\u2019av\u00e8rent impossibles, le m\u00e9decin ou le m\u00e9decin dentiste traitant ne doit proc\u00e9der \u00e0 aucun acte dans le cadre de la t\u00e9l\u00e9m\u00e9decine qu\u2019apr\u00e8s en avoir inform\u00e9 le patient et, le cas \u00e9ch\u00e9ant, son tuteur l\u00e9gal et avoir recueilli son consentement \u00e9clair\u00e9, et ce, par tout moyen laissant une trace \u00e9crite ou \u00e9lectronique.<\/p>\n<p>La t\u00e9l\u00e9m\u00e9decine ne s\u2019exerce qu\u2019avec l\u2019utilisation de syst\u00e8mes informatiques et de moyens de communication s\u00e9curis\u00e9s garantissant la protection, la s\u00e9curit\u00e9 et l\u2019authenticit\u00e9 des documents, des donn\u00e9es personnelles et des donn\u00e9es relatives \u00e0 la sant\u00e9 faisant l\u2019objet d\u2019\u00e9change, et ce, conform\u00e9ment \u00e0 la l\u00e9gislation en vigueur.<\/p>\n<p>Les conditions g\u00e9n\u00e9rales de l\u2019exercice de la t\u00e9l\u00e9m\u00e9decine et les domaines de son application sont fix\u00e9s par d\u00e9cret gouvernemental. Les conditions sp\u00e9cifiques de la r\u00e9alisation d\u2019actes de t\u00e9l\u00e9m\u00e9decine pour chaque sp\u00e9cialit\u00e9 m\u00e9dicale ou chirurgicale sont fix\u00e9es par arr\u00eat\u00e9 du ministre charg\u00e9 de la sant\u00e9.<\/p>\n<p>Les actes de la t\u00e9l\u00e9m\u00e9decine sont inscrits \u00e0 la nomenclature g\u00e9n\u00e9rale des actes professionnels, conform\u00e9ment \u00e0 la r\u00e9glementation en vigueur.<\/p>\n<p><strong>Lire aussi<\/strong><\/p>\n<p><a href=\"https:\/\/www.leaders.com.tn\/article\/31029-sante-la-course-au-vaccin-la-tunisie-est-elle-prete\" target=\"_blank\" rel=\"noopener\">La Tunisie est-elle pr\u00eate ?<\/a><\/p>\n<p><a href=\"https:\/\/www.leaders.com.tn\/article\/31046-les-revelations-du-dr-faouzi-mehdi-ministre-de-la-sante-nous-sommes-fin-prets-pour-engager-la-vaccination\" target=\"_blank\" rel=\"noopener\">Les r\u00e9v\u00e9lations du ministre de la Sant\u00e9, Dr Faouzi Mehdi<\/a><\/p>\n<p><a href=\"https:\/\/www.leaders.com.tn\/article\/31064-pr-hachemi-louzir-directeur-general-de-l-institut-pasteur-de-tunis-nous-sommes-en-contacts-etroits-avec-les-labos-et-le-covax\" target=\"_blank\" rel=\"noopener\">Pr Hachemi Louzir, directeur g\u00e9n\u00e9ral de l\u2019Institut Pasteur de Tunis: Nous sommes en contacts \u00e9troits avec les labos et le Covax<\/a><\/p>\n<p><a href=\"https:\/\/www.leaders.com.tn\/article\/31078-amor-toumi-la-problematique-des-vaccins-contre-le-covid-19\" target=\"_blank\" rel=\"noopener\">Amor Toumi: La probl\u00e9matique des vaccins contre le Covid-19<\/a><\/p>\n<p>Auteur:<br \/>\n<a href=\"https:\/\/www.leaders.com.tn\/article\/31102-telemedecine-bientot-le-coup-d-envoi\">Cliquez ici pour lire l&rsquo;article depuis sa source.<\/a><\/p>\n","protected":false},"excerpt":{"rendered":"<p>Les textes d\u2019application sont lanc\u00e9s A quelque chose malheur (coronavirus) est bon ! La loi sur la t\u00e9l\u00e9m\u00e9decine adopt\u00e9e il y a deux ans attendait encore ses textes d\u2019application. En autorisant l\u2019exercice de la profession de m\u00e9decin et de m\u00e9decin dentiste dans ce cadre et en d\u00e9finissant ses modalit\u00e9s, elle stipule que \u00ab les conditions [&hellip;]<\/p>\n","protected":false},"author":1772,"featured_media":0,"comment_status":"closed","ping_status":"closed","sticky":false,"template":"","format":"standard","meta":{"fifu_image_url":"","fifu_image_alt":"","footnotes":""},"categories":[73,55],"tags":[],"class_list":["post-107235","post","type-post","status-publish","format-standard","hentry","category-actualite","category-tunisie"],"_links":{"self":[{"href":"https:\/\/linitiative.ca\/International\/wp-json\/wp\/v2\/posts\/107235","targetHints":{"allow":["GET"]}}],"collection":[{"href":"https:\/\/linitiative.ca\/International\/wp-json\/wp\/v2\/posts"}],"about":[{"href":"https:\/\/linitiative.ca\/International\/wp-json\/wp\/v2\/types\/post"}],"author":[{"embeddable":true,"href":"https:\/\/linitiative.ca\/International\/wp-json\/wp\/v2\/users\/1772"}],"replies":[{"embeddable":true,"href":"https:\/\/linitiative.ca\/International\/wp-json\/wp\/v2\/comments?post=107235"}],"version-history":[{"count":0,"href":"https:\/\/linitiative.ca\/International\/wp-json\/wp\/v2\/posts\/107235\/revisions"}],"wp:attachment":[{"href":"https:\/\/linitiative.ca\/International\/wp-json\/wp\/v2\/media?parent=107235"}],"wp:term":[{"taxonomy":"category","embeddable":true,"href":"https:\/\/linitiative.ca\/International\/wp-json\/wp\/v2\/categories?post=107235"},{"taxonomy":"post_tag","embeddable":true,"href":"https:\/\/linitiative.ca\/International\/wp-json\/wp\/v2\/tags?post=107235"}],"curies":[{"name":"wp","href":"https:\/\/api.w.org\/{rel}","templated":true}]}}