{"id":107252,"date":"2020-12-15T14:30:47","date_gmt":"2020-12-15T19:30:47","guid":{"rendered":"https:\/\/linitiative.ca\/International\/mise-en-circulation-du-vaccin-anti-covid-19\/"},"modified":"2020-12-15T14:30:47","modified_gmt":"2020-12-15T19:30:47","slug":"mise-en-circulation-du-vaccin-anti-covid-19","status":"publish","type":"post","link":"https:\/\/linitiative.ca\/International\/mise-en-circulation-du-vaccin-anti-covid-19\/","title":{"rendered":"MISE EN CIRCULATION DU VACCIN ANTI-COVID-19\u00a0"},"content":{"rendered":"<div class=\"stream-item stream-item-above-post-content\">\n<p><noscript><\/p>\n<p><a href=\"\/\/www3.smartadserver.com\/ac?jump=1&amp;nwid=2136&amp;siteid=240610&amp;pgname=rg&amp;fmtid=49046&amp;visit=m&amp;tmstp=[timestamp]&amp;out=nonrich\" target=\"_blank\" rel=\"noopener\"><img decoding=\"async\" src=\"http:\/\/www3.smartadserver.com\/ac?out=nonrich&amp;nwid=2136&amp;siteid=240610&amp;pgname=rg&amp;fmtid=49046&amp;visit=m&amp;tmstp=[timestamp]\" border=\"0\" alt=\"\"\/><\/a><\/p>\n<p><\/noscript><\/div>\n<p class=\"c3\"><em>La course pour mettre au point un vaccin efficace contre la Covid-19, poursuit son petit bonhomme de chemin. La science, plus pr\u00e9cis\u00e9ment le g\u00e9nie biotechnologique moderne, vient une fois de plus \u00e0 la rescousse pour sauver l\u2019humanit\u00e9\u00a0! Des savants des quatre coins du globe s\u2019y att\u00e8lent avec une perspicacit\u00e9 hors du commun. Cependant, certaines questions se posent\u00a0: pourquoi n\u2019a-t-on pas \u00e9t\u00e9 aussi rapide et aussi efficace dans les recherches sur le virus du SIDA\u00a0? Autrement dit, comment a-t-on pu, en quelques mois seulement, trouver un vaccin contre la Covid-19 alors que depuis 1981, la pand\u00e9mie du SIDA poursuit encore et encore son h\u00e9catombe, sans espoir d\u2019un vaccin\u00a0? Par ailleurs, o\u00f9 en est-on avec les recherches pour trouver un vaccin contre le paludisme\u00a0? A cette kyrielle de pr\u00e9occupations, s\u2019ajoutent encore d\u2019autres. Tant et si bien que l\u2019on est tent\u00e9 de se demander si l\u2019efficacit\u00e9 du vaccin est av\u00e9r\u00e9e et si les pr\u00e9occupations li\u00e9es aux r\u00e9actions allergiques constat\u00e9es apr\u00e8s l\u2019administration de la mol\u00e9cule durant les tests cliniques de la phase III, sont \u00e0 minimiser. La question sur l\u2019opportunit\u00e9 actuelle du vaccin est aussi l\u00e9gitime\u00a0: faut-il envisager hic et nunc l\u2019administration du vaccin aux populations d\u2019Afrique subsaharienne alors que ses populations sont tr\u00e8s jeunes et ce, malgr\u00e9 le taux de l\u00e9talit\u00e9 tr\u00e8s faible ?\u00a0<\/em> <em>Selon l\u2019ONU, les perturbations que la gestion du Covid-19 sont susceptibles d\u2019entrainer dans l\u2019acc\u00e8s aux antir\u00e9troviraux, pourraient entrainer plus de 500\u00a0000 morts suppl\u00e9mentaires dans la r\u00e9gion subsaharienne sur une ann\u00e9e. C\u2019est \u00e0 croire que les deux grandes faucheuses (le VIH et la Covid-19) se sont mises en couple pour endeuiller davantage l\u2019Afrique. Serons-nous pr\u00eats au rendez-vous de l\u2019une des plus grandes campagnes vaccinales de notre histoire\u00a0?<\/em><\/p>\n<p class=\"c3\"><em>\u00a0<\/em><\/p>\n<p class=\"c4\"><strong><em>Il faudra user de tact<\/em><\/strong><\/p>\n<p class=\"c3\"><em>\u00a0<\/em><\/p>\n<p class=\"c3\"><em>Des dispositions sont en train d\u2019\u00eatre prises. En effet, l\u2019OMS dit avoir \u00a0mis \u00e0 la disposition de 47 pays d\u2019Afrique, un outil d\u2019\u00e9valuation de l\u2019\u00e9tat de pr\u00e9paration \u00e0 l\u2019introduction du vaccin. Il s\u2019agit d\u2019une feuille de route contenant un certain nombre de secteurs cl\u00e9s dont\u00a0 la planification et la coordination, les ressources et le financement, les strat\u00e9gies de livraison, la s\u00e9curit\u00e9 des vaccins et la surveillance, la communication et l\u2019engagement communautaire\u2026 Aux difficult\u00e9s d\u2019ordres technique et financier, s\u2019ajoutent les obstacles psychologiques dont les fake news sont \u00e0 l\u2019origine. Les craintes sont parfois surr\u00e9alistes. Ainsi, certains redouteraient d\u2019\u00eatre utilis\u00e9s comme des cobayes. D\u2019autres, par contre, se laisseraient convaincre qu\u2019un vaccin contre la Covid-19 aurait pour objectif de rendre st\u00e9riles les Africains. D\u2019autres enfin soutiennent que le vaccin contiendrait des nanoparticules insidieusement plac\u00e9es dans le vaccin par les membres d\u2019un gouvernement mondial secret et diabolique, aux fins de diriger le monde \u00e0 distance. On aura tout entendu !<\/em> <em>Cela dit, pour une bonne r\u00e9ussite de la mise en circulation du vaccin de la \u00a0Covid-19 en Afrique, il faudra user de tact. Le plus grand d\u00e9fi sera de chasser des esprits, toute forme de diabolisation du vaccin. Il s\u2019agira d\u2019une v\u00e9ritable catharsis que les Etats africains doivent op\u00e9rer sur les mentalit\u00e9s des populations, afin de d\u00e9barrasser les esprits des d\u00e9mons conspirateurs et obscurantistes. Mais en attendant, il y a un pr\u00e9alable n\u00e9cessaire\u00a0: continuons \u00e0 respecter les gestes-barri\u00e8res en reconnaissant l\u2019existence r\u00e9elle de la maladie et sa menace.<\/em><\/p>\n<p class=\"c3\"><em>\u00a0<\/em><\/p>\n<p class=\"c4\"><strong><em>Evariste-Marie GUIBRE<\/em><\/strong><\/p>\n<p class=\"c4\"><strong><em>\u00a0<\/em><\/strong><\/p>\n<p class=\"c3\"><em>\u00a0<\/em><\/p>\n<p class=\"c3\"><em>\u00a0<\/em><\/p>\n<p>Auteur: Le Pays<br \/>\n<a href=\"https:\/\/lepays.bf\/mise-en-circulation-du-vaccin-anti-covid-19\/\">Cliquez ici pour lire l&rsquo;article depuis sa source.<\/a><\/p>\n","protected":false},"excerpt":{"rendered":"<p>La course pour mettre au point un vaccin efficace contre la Covid-19, poursuit son petit bonhomme de chemin. La science, plus pr\u00e9cis\u00e9ment le g\u00e9nie biotechnologique moderne, vient une fois de plus \u00e0 la rescousse pour sauver l\u2019humanit\u00e9\u00a0! Des savants des quatre coins du globe s\u2019y att\u00e8lent avec une perspicacit\u00e9 hors du commun. Cependant, certaines questions [&hellip;]<\/p>\n","protected":false},"author":1813,"featured_media":0,"comment_status":"closed","ping_status":"closed","sticky":false,"template":"","format":"standard","meta":{"fifu_image_url":"http:\/\/www3.smartadserver.com\/ac?out=nonrich&nwid=2136&siteid=240610&pgname=rg&fmtid=49046&visit=m&tmstp=[timestamp]","fifu_image_alt":"MISE EN CIRCULATION DU VACCIN ANTI-COVID-19\u00a0","footnotes":""},"categories":[73,81],"tags":[],"class_list":["post-107252","post","type-post","status-publish","format-standard","hentry","category-actualite","category-burkina-faso"],"_links":{"self":[{"href":"https:\/\/linitiative.ca\/International\/wp-json\/wp\/v2\/posts\/107252","targetHints":{"allow":["GET"]}}],"collection":[{"href":"https:\/\/linitiative.ca\/International\/wp-json\/wp\/v2\/posts"}],"about":[{"href":"https:\/\/linitiative.ca\/International\/wp-json\/wp\/v2\/types\/post"}],"author":[{"embeddable":true,"href":"https:\/\/linitiative.ca\/International\/wp-json\/wp\/v2\/users\/1813"}],"replies":[{"embeddable":true,"href":"https:\/\/linitiative.ca\/International\/wp-json\/wp\/v2\/comments?post=107252"}],"version-history":[{"count":0,"href":"https:\/\/linitiative.ca\/International\/wp-json\/wp\/v2\/posts\/107252\/revisions"}],"wp:attachment":[{"href":"https:\/\/linitiative.ca\/International\/wp-json\/wp\/v2\/media?parent=107252"}],"wp:term":[{"taxonomy":"category","embeddable":true,"href":"https:\/\/linitiative.ca\/International\/wp-json\/wp\/v2\/categories?post=107252"},{"taxonomy":"post_tag","embeddable":true,"href":"https:\/\/linitiative.ca\/International\/wp-json\/wp\/v2\/tags?post=107252"}],"curies":[{"name":"wp","href":"https:\/\/api.w.org\/{rel}","templated":true}]}}