{"id":107253,"date":"2020-12-15T15:02:39","date_gmt":"2020-12-15T20:02:39","guid":{"rendered":"https:\/\/linitiative.ca\/International\/investiture-dalpha-conde-sous-le-signe-du-renouveau-de-la-guinee\/"},"modified":"2020-12-15T15:02:39","modified_gmt":"2020-12-15T20:02:39","slug":"investiture-dalpha-conde-sous-le-signe-du-renouveau-de-la-guinee","status":"publish","type":"post","link":"https:\/\/linitiative.ca\/International\/investiture-dalpha-conde-sous-le-signe-du-renouveau-de-la-guinee\/","title":{"rendered":"Investiture d\u2019Alpha Cond\u00e9 Sous le signe du renouveau de la Guin\u00e9e"},"content":{"rendered":"<div class=\"td-post-featured-image\"><a href=\"https:\/\/www.sidwaya.info\/wp-content\/uploads\/2020\/12\/aphacond16.jpg\" data-caption=\"\"><img loading=\"lazy\" decoding=\"async\" width=\"696\" height=\"464\" class=\"entry-thumb td-modal-image\" src=\"https:\/\/www.sidwaya.info\/wp-content\/uploads\/2020\/12\/aphacond16-696x464.jpg\" srcset=\"https:\/\/www.sidwaya.info\/wp-content\/uploads\/2020\/12\/aphacond16-696x464.jpg 696w, https:\/\/www.sidwaya.info\/wp-content\/uploads\/2020\/12\/aphacond16-300x200.jpg 300w, https:\/\/www.sidwaya.info\/wp-content\/uploads\/2020\/12\/aphacond16-768x512.jpg 768w, https:\/\/www.sidwaya.info\/wp-content\/uploads\/2020\/12\/aphacond16-150x100.jpg 150w, https:\/\/www.sidwaya.info\/wp-content\/uploads\/2020\/12\/aphacond16-630x420.jpg 630w, https:\/\/www.sidwaya.info\/wp-content\/uploads\/2020\/12\/aphacond16.jpg 787w\" sizes=\"auto, (max-width: 696px) 100vw, 696px\" alt=\"\" title=\"aphacond16\"\/><\/a><\/div>\n<p><strong>Le Pr\u00e9sident du Faso, Roch Marc Christian Kabor\u00e9 et nombreux de ses pairs du continent, ont particip\u00e9, hier mardi 15 d\u00e9cembre 2020, au palais Mohamed V de Conakry, \u00e0 la c\u00e9r\u00e9monie solennelle de prestation de serment du Pr\u00e9sident Alpha Cond\u00e9.<\/strong><\/p>\n<p>\u00c9lu \u00e0 l\u2019issue du scrutin du 28 octobre 2020, avec un taux de 59,50%, Alpha Cond\u00e9 place son nouveau mandat, d\u2019une dur\u00e9e de six ans, sous le signe de la reconversion des mentalit\u00e9s et du renouveau de la Guin\u00e9e. \u00ab Je suis le pr\u00e9sident de tous les Guin\u00e9ens \u00bb a-t-il d\u00e9clar\u00e9, promettant que personne ni aucune partie de la Guin\u00e9e ne sera oubli\u00e9e sur le chemin du d\u00e9veloppement, et assurant mesurer le poids des exigences et des responsabilit\u00e9s.<br \/>Alpha Cond\u00e9 sera officiellement install\u00e9 le 21 d\u00e9cembre prochain.<\/p>\n<p>Direction de la communication de la pr\u00e9sidence du Faso<\/p>\n<p>\u2026\u2026\u2026\u2026\u2026\u2026\u2026\u2026\u2026\u2026\u2026\u2026\u2026\u2026\u2026\u2026\u2026\u2026\u2026\u2026\u2026\u2026\u2026\u2026\u2026\u2026\u2026\u2026\u2026\u2026\u2026\u2026\u2026\u2026\u2026\u2026\u2026\u2026\u2026\u2026\u2026\u2026.<strong>Ce que Roch Marc Christian Kabor\u00e9 a dit<\/strong><\/p>\n<p>Le Pr\u00e9sident du Faso, Roch Marc Christian Kabor\u00e9, a r\u00e9agi sur sa page Facebook apr\u00e8s avoir assist\u00e9 \u00e0 la prestation de serment de son homologue de Guin\u00e9e. \u00abToutes mes f\u00e9licitations \u00e0 mon fr\u00e8re, le pr\u00e9sident Alpha Cond\u00e9. \u00c9lu \u00e0 l\u2019issue du scrutin du 28 octobre 2020, il a pr\u00eat\u00e9 serment aujourd\u2019hui, devant le Conseil constitutionnel de son pays. Je lui souhaite un fructueux mandat au service de la Nation guin\u00e9enne et de la coop\u00e9ration entre le Burkina Faso et la Guin\u00e9e \u00bb.<\/p>\n<div class=\"td-a-rec td-a-rec-id-content_bottom tdi_33_339 td_block_template_1\"><img loading=\"lazy\" decoding=\"async\" class=\"aligncenter size-full wp-image-27454\" src=\"https:\/\/www.sidwaya.info\/wp-content\/uploads\/2020\/10\/PUB-Bandeau-paiement-mobile-siteweb.jpg\" alt=\"\" width=\"728\" height=\"90\"\/><\/div>\n<p>Auteur: BM. Sidwaya<br \/>\n<a href=\"https:\/\/www.sidwaya.info\/blog\/2020\/12\/15\/investiture-dalpha-conde-sous-le-signe-du-renouveau-de-la-guinee\/\">Cliquez ici pour lire l&rsquo;article depuis sa source.<\/a><\/p>\n","protected":false},"excerpt":{"rendered":"<p>Le Pr\u00e9sident du Faso, Roch Marc Christian Kabor\u00e9 et nombreux de ses pairs du continent, ont particip\u00e9, hier mardi 15 d\u00e9cembre 2020, au palais Mohamed V de Conakry, \u00e0 la c\u00e9r\u00e9monie solennelle de prestation de serment du Pr\u00e9sident Alpha Cond\u00e9. \u00c9lu \u00e0 l\u2019issue du scrutin du 28 octobre 2020, avec un taux de 59,50%, Alpha [&hellip;]<\/p>\n","protected":false},"author":1816,"featured_media":0,"comment_status":"closed","ping_status":"closed","sticky":false,"template":"","format":"standard","meta":{"fifu_image_url":"https:\/\/www.sidwaya.info\/wp-content\/uploads\/2020\/12\/aphacond16-696x464.jpg","fifu_image_alt":"Investiture d\u2019Alpha Cond\u00e9 Sous le signe du renouveau de la Guin\u00e9e","footnotes":""},"categories":[73,81],"tags":[],"class_list":["post-107253","post","type-post","status-publish","format-standard","hentry","category-actualite","category-burkina-faso"],"_links":{"self":[{"href":"https:\/\/linitiative.ca\/International\/wp-json\/wp\/v2\/posts\/107253","targetHints":{"allow":["GET"]}}],"collection":[{"href":"https:\/\/linitiative.ca\/International\/wp-json\/wp\/v2\/posts"}],"about":[{"href":"https:\/\/linitiative.ca\/International\/wp-json\/wp\/v2\/types\/post"}],"author":[{"embeddable":true,"href":"https:\/\/linitiative.ca\/International\/wp-json\/wp\/v2\/users\/1816"}],"replies":[{"embeddable":true,"href":"https:\/\/linitiative.ca\/International\/wp-json\/wp\/v2\/comments?post=107253"}],"version-history":[{"count":0,"href":"https:\/\/linitiative.ca\/International\/wp-json\/wp\/v2\/posts\/107253\/revisions"}],"wp:attachment":[{"href":"https:\/\/linitiative.ca\/International\/wp-json\/wp\/v2\/media?parent=107253"}],"wp:term":[{"taxonomy":"category","embeddable":true,"href":"https:\/\/linitiative.ca\/International\/wp-json\/wp\/v2\/categories?post=107253"},{"taxonomy":"post_tag","embeddable":true,"href":"https:\/\/linitiative.ca\/International\/wp-json\/wp\/v2\/tags?post=107253"}],"curies":[{"name":"wp","href":"https:\/\/api.w.org\/{rel}","templated":true}]}}