{"id":107255,"date":"2020-12-15T15:22:30","date_gmt":"2020-12-15T20:22:30","guid":{"rendered":"https:\/\/linitiative.ca\/International\/comite-permanent-inter-etats-de-lutte-contre-la-secheresse-au-sahel-la-nouvelle-equipe-chez-le-premier-ministre\/"},"modified":"2020-12-15T15:22:30","modified_gmt":"2020-12-15T20:22:30","slug":"comite-permanent-inter-etats-de-lutte-contre-la-secheresse-au-sahel-la-nouvelle-equipe-chez-le-premier-ministre","status":"publish","type":"post","link":"https:\/\/linitiative.ca\/International\/comite-permanent-inter-etats-de-lutte-contre-la-secheresse-au-sahel-la-nouvelle-equipe-chez-le-premier-ministre\/","title":{"rendered":"Comit\u00e9 permanent inter-Etats de lutte contre la s\u00e9cheresse au Sahel La nouvelle \u00e9quipe chez le Premier ministre"},"content":{"rendered":"<div class=\"td-post-featured-image\"><a href=\"https:\/\/www.sidwaya.info\/wp-content\/uploads\/2020\/12\/CILSS16.jpg\" data-caption=\"\"><img loading=\"lazy\" decoding=\"async\" width=\"696\" height=\"395\" class=\"entry-thumb td-modal-image\" src=\"https:\/\/www.sidwaya.info\/wp-content\/uploads\/2020\/12\/CILSS16-696x395.jpg\" srcset=\"https:\/\/www.sidwaya.info\/wp-content\/uploads\/2020\/12\/CILSS16-696x395.jpg 696w, https:\/\/www.sidwaya.info\/wp-content\/uploads\/2020\/12\/CILSS16-300x170.jpg 300w, https:\/\/www.sidwaya.info\/wp-content\/uploads\/2020\/12\/CILSS16-768x436.jpg 768w, https:\/\/www.sidwaya.info\/wp-content\/uploads\/2020\/12\/CILSS16-150x85.jpg 150w, https:\/\/www.sidwaya.info\/wp-content\/uploads\/2020\/12\/CILSS16-739x420.jpg 739w, https:\/\/www.sidwaya.info\/wp-content\/uploads\/2020\/12\/CILSS16.jpg 787w\" sizes=\"auto, (max-width: 696px) 100vw, 696px\" alt=\"\" title=\"CILSS16\"\/><\/a><\/div>\n<p><strong>Le Premier ministre, Christophe Joseph Marie Dabir\u00e9, a re\u00e7u en audience le ministre coordonnateur entrant du Comit\u00e9 permanent inter-Etats de lutte contre la s\u00e9cheresse au Sahel (CILSS), le ministre tchadien de l\u2019Agriculture, Abdoulaye Diar, le mardi 15 d\u00e9cembre 2020 \u00e0 Ouagadougou.<\/strong><\/p>\n<p>Pr\u00e9sent \u00e0 Ouagadougou pour installer la nouvelle \u00e9quipe dirigeante du Comit\u00e9 permanent inter-Etats de lutte contre la s\u00e9cheresse au Sahel (CILSS), le ministre coordonnateur entrant du CILSS, le ministre tchadien de l\u2019Agriculture, Abdoulaye Diar, a \u00e9t\u00e9 re\u00e7u en audience par le Premier ministre, Christophe Joseph Marie Dabir\u00e9, le mardi 15 d\u00e9cembre 2020.<br \/>\u00ab C\u2019est une visite de courtoisie au Premier ministre, chef du gouvernement. Nous sommes venus pour pr\u00e9senter nos civilit\u00e9s dans le cadre des activit\u00e9s de notre organisation \u00bb,<br \/>a-t-il d\u00e9clar\u00e9 \u00e0 sa sortie d\u2019audience. Selon le ministre Diar, le CILSS doit faire face \u00e0 de nombreux d\u00e9fis parmi lesquels des probl\u00e8mes d\u2019ordre institutionnel. \u00ab Il faudrait faire une r\u00e9forme assez profonde. Cette r\u00e9forme a \u00e9t\u00e9 entam\u00e9e par mon coll\u00e8gue, le ministre coordonnateur sortant pour la premi\u00e8re partie. Et la seconde partie nous attend. L\u2019\u00e9quipe entrante va prendre le relais et achever cette r\u00e9forme aussi attendue par nous les ministres et les chefs d\u2019Etat \u00bb, a-t-il soutenu. Pour ce faire, aux dires de Abdoulaye Diar, cette audience a \u00e9t\u00e9 l\u2019occasion pour lui de solliciter les conseils du chef du gouvernement. A son tour, a-t-il soulign\u00e9, il a \u00e9galement prodigu\u00e9 des conseils au nouveau secr\u00e9tariat ex\u00e9cutif. Le secr\u00e9taire ex\u00e9cutif entrant du CILSS et son adjoint ont \u00e9t\u00e9 nomm\u00e9s, le 20 juillet dernier lors de la conf\u00e9rence des chefs d\u2019Etat et de gouvernement, tenue par visio-conf\u00e9rence. Cette conf\u00e9rence avait \u00e9t\u00e9 pr\u00e9sid\u00e9e par le chef de l\u2019Etat burkinab\u00e8, Roch Marc Christian Kabor\u00e9. Cr\u00e9\u00e9 en 1973, le CILSS est une organisation internationale regroupant les pays du Sahel. Il a son si\u00e8ge \u00e0 Ouagadougou, et est dirig\u00e9 par un secr\u00e9taire ex\u00e9cutif.<\/p>\n<p>Timoth\u00e9e SOME<br \/>timothesom@yahoo.fr<\/p>\n<div class=\"td-a-rec td-a-rec-id-content_bottom tdi_33_f93 td_block_template_1\"><img loading=\"lazy\" decoding=\"async\" class=\"aligncenter size-full wp-image-27454\" src=\"https:\/\/www.sidwaya.info\/wp-content\/uploads\/2020\/10\/PUB-Bandeau-paiement-mobile-siteweb.jpg\" alt=\"\" width=\"728\" height=\"90\"\/><\/div>\n<p>Auteur: BM. Sidwaya<br \/>\n<a href=\"https:\/\/www.sidwaya.info\/blog\/2020\/12\/15\/comite-permanent-inter-etats-de-lutte-contre-la-secheresse-au-sahel-la-nouvelle-equipe-chez-le-premier-ministre\/\">Cliquez ici pour lire l&rsquo;article depuis sa source.<\/a><\/p>\n","protected":false},"excerpt":{"rendered":"<p>Le Premier ministre, Christophe Joseph Marie Dabir\u00e9, a re\u00e7u en audience le ministre coordonnateur entrant du Comit\u00e9 permanent inter-Etats de lutte contre la s\u00e9cheresse au Sahel (CILSS), le ministre tchadien de l\u2019Agriculture, Abdoulaye Diar, le mardi 15 d\u00e9cembre 2020 \u00e0 Ouagadougou. Pr\u00e9sent \u00e0 Ouagadougou pour installer la nouvelle \u00e9quipe dirigeante du Comit\u00e9 permanent inter-Etats de [&hellip;]<\/p>\n","protected":false},"author":1816,"featured_media":0,"comment_status":"closed","ping_status":"closed","sticky":false,"template":"","format":"standard","meta":{"fifu_image_url":"https:\/\/www.sidwaya.info\/wp-content\/uploads\/2020\/12\/CILSS16-696x395.jpg","fifu_image_alt":"Comit\u00e9 permanent inter-Etats de lutte contre la s\u00e9cheresse au Sahel La nouvelle \u00e9quipe chez le Premier ministre","footnotes":""},"categories":[73,81],"tags":[],"class_list":["post-107255","post","type-post","status-publish","format-standard","hentry","category-actualite","category-burkina-faso"],"_links":{"self":[{"href":"https:\/\/linitiative.ca\/International\/wp-json\/wp\/v2\/posts\/107255","targetHints":{"allow":["GET"]}}],"collection":[{"href":"https:\/\/linitiative.ca\/International\/wp-json\/wp\/v2\/posts"}],"about":[{"href":"https:\/\/linitiative.ca\/International\/wp-json\/wp\/v2\/types\/post"}],"author":[{"embeddable":true,"href":"https:\/\/linitiative.ca\/International\/wp-json\/wp\/v2\/users\/1816"}],"replies":[{"embeddable":true,"href":"https:\/\/linitiative.ca\/International\/wp-json\/wp\/v2\/comments?post=107255"}],"version-history":[{"count":0,"href":"https:\/\/linitiative.ca\/International\/wp-json\/wp\/v2\/posts\/107255\/revisions"}],"wp:attachment":[{"href":"https:\/\/linitiative.ca\/International\/wp-json\/wp\/v2\/media?parent=107255"}],"wp:term":[{"taxonomy":"category","embeddable":true,"href":"https:\/\/linitiative.ca\/International\/wp-json\/wp\/v2\/categories?post=107255"},{"taxonomy":"post_tag","embeddable":true,"href":"https:\/\/linitiative.ca\/International\/wp-json\/wp\/v2\/tags?post=107255"}],"curies":[{"name":"wp","href":"https:\/\/api.w.org\/{rel}","templated":true}]}}