{"id":107259,"date":"2020-12-15T14:18:04","date_gmt":"2020-12-15T19:18:04","guid":{"rendered":"https:\/\/linitiative.ca\/International\/dakar-veut-etre-le-hub-africain-des-multinationales-japonaises-ministre\/"},"modified":"2020-12-15T14:18:04","modified_gmt":"2020-12-15T19:18:04","slug":"dakar-veut-etre-le-hub-africain-des-multinationales-japonaises-ministre","status":"publish","type":"post","link":"https:\/\/linitiative.ca\/International\/dakar-veut-etre-le-hub-africain-des-multinationales-japonaises-ministre\/","title":{"rendered":"Dakar veut \u00eatre le hub africain des multinationales japonaises (ministre)"},"content":{"rendered":"<div readability=\"32\">\n<p>Publi\u00e9 le 15.12.2020 \u00e0 20h18 par APA News<\/p>\n<\/div>\n<div readability=\"71\">\n<p>Le S\u00e9n\u00e9gal veut servir de plaque tournante en Afrique des multinationales japonaises, a affirm\u00e9, mardi \u00e0 Dakar, le ministre de l\u2019Economie, du Plan et de la Coop\u00e9ration, Amadou Hott.\u00ab La volont\u00e9 du S\u00e9n\u00e9gal est de se positionner comme une plaque tournante en Afrique pour les multinationales japonaises desservant les march\u00e9s r\u00e9gionaux \u00bb, a notamment le ministre Hott, \u00e0 l\u2019ouverture de la deuxi\u00e8me \u00e9dition du Comit\u00e9 \u00e9conomique pour la promotion de l\u2019investissement des entreprises japonaises au S\u00e9n\u00e9gal.<\/p>\n<p>Dans son discours dont APA a obtenu copie, Amadou Hott a indiqu\u00e9 que Dakar veut accueillir les entreprises japonaises et\/ou leurs fournisseurs bas\u00e9s dans d\u2019autres r\u00e9gions et qui souhaitent se d\u00e9localiser.<\/p>\n<p>\u00ab Je plaide pour un partenariat \u00e9conomique et commercial plus fort entre le Japon et le S\u00e9n\u00e9gal, bas\u00e9 notamment sur l\u2019investissement priv\u00e9 et sur des flux commerciaux plus importants \u00bb, a poursuivi M. Hott, rappelant que les deux pays entretiennent des relations de coop\u00e9ration de tr\u00e8s longue date comme en atteste la c\u00e9l\u00e9bration du 60\u00e8me anniversaire de l\u2019\u00e9tablissement de relations diplomatiques entre le Japon et le S\u00e9n\u00e9gal.<\/p>\n<p>Pour l\u2019ambassadeur du Japon, Arai Tatsuo, \u00ab le milieu des affaires japonais continue de s\u2019int\u00e9resser de plus en plus au S\u00e9n\u00e9gal, qui est l\u2019un des pays africains les plus stables politiquement, et qui a enregistr\u00e9 une croissance continue au cours de la p\u00e9riode du fait de la mise en \u0153uvre du Plan S\u00e9n\u00e9gal \u00c9mergent\u00a0\u00bb.<\/p>\n<p>\u00ab (\u2026) plus les investissements priv\u00e9s japonais au S\u00e9n\u00e9gal \u00e9volueront, plus il y aura de cr\u00e9ations d\u2019emplois et plus de transferts de technologies au S\u00e9n\u00e9gal. C\u2019est ainsi que notre coop\u00e9ration contribuera aux efforts du S\u00e9n\u00e9gal dans la r\u00e9alisation des objectifs de d\u00e9veloppement durable \u00bb, a dit le diplomate nippon.<\/p>\n<\/div>\n<p>Auteur: APA News<br \/>\n<a href=\"https:\/\/www.journalducameroun.com\/dakar-veut-etre-le-hub-africain-des-multinationales-japonaises-ministre\/\">Cliquez ici pour lire l&rsquo;article depuis sa source.<\/a><\/p>\n","protected":false},"excerpt":{"rendered":"<p>Publi\u00e9 le 15.12.2020 \u00e0 20h18 par APA News Le S\u00e9n\u00e9gal veut servir de plaque tournante en Afrique des multinationales japonaises, a affirm\u00e9, mardi \u00e0 Dakar, le ministre de l\u2019Economie, du Plan et de la Coop\u00e9ration, Amadou Hott.\u00ab La volont\u00e9 du S\u00e9n\u00e9gal est de se positionner comme une plaque tournante en Afrique pour les multinationales japonaises [&hellip;]<\/p>\n","protected":false},"author":1965,"featured_media":0,"comment_status":"closed","ping_status":"closed","sticky":false,"template":"","format":"standard","meta":{"fifu_image_url":"","fifu_image_alt":"","footnotes":""},"categories":[73,82],"tags":[],"class_list":["post-107259","post","type-post","status-publish","format-standard","hentry","category-actualite","category-cameroun"],"_links":{"self":[{"href":"https:\/\/linitiative.ca\/International\/wp-json\/wp\/v2\/posts\/107259","targetHints":{"allow":["GET"]}}],"collection":[{"href":"https:\/\/linitiative.ca\/International\/wp-json\/wp\/v2\/posts"}],"about":[{"href":"https:\/\/linitiative.ca\/International\/wp-json\/wp\/v2\/types\/post"}],"author":[{"embeddable":true,"href":"https:\/\/linitiative.ca\/International\/wp-json\/wp\/v2\/users\/1965"}],"replies":[{"embeddable":true,"href":"https:\/\/linitiative.ca\/International\/wp-json\/wp\/v2\/comments?post=107259"}],"version-history":[{"count":0,"href":"https:\/\/linitiative.ca\/International\/wp-json\/wp\/v2\/posts\/107259\/revisions"}],"wp:attachment":[{"href":"https:\/\/linitiative.ca\/International\/wp-json\/wp\/v2\/media?parent=107259"}],"wp:term":[{"taxonomy":"category","embeddable":true,"href":"https:\/\/linitiative.ca\/International\/wp-json\/wp\/v2\/categories?post=107259"},{"taxonomy":"post_tag","embeddable":true,"href":"https:\/\/linitiative.ca\/International\/wp-json\/wp\/v2\/tags?post=107259"}],"curies":[{"name":"wp","href":"https:\/\/api.w.org\/{rel}","templated":true}]}}