{"id":107260,"date":"2020-12-15T14:18:06","date_gmt":"2020-12-15T19:18:06","guid":{"rendered":"https:\/\/linitiative.ca\/International\/ouattara-reamenage-le-gouvernement-et-nomme-kkb-ministre-de-la-reconciliation-nationale\/"},"modified":"2020-12-15T14:18:06","modified_gmt":"2020-12-15T19:18:06","slug":"ouattara-reamenage-le-gouvernement-et-nomme-kkb-ministre-de-la-reconciliation-nationale","status":"publish","type":"post","link":"https:\/\/linitiative.ca\/International\/ouattara-reamenage-le-gouvernement-et-nomme-kkb-ministre-de-la-reconciliation-nationale\/","title":{"rendered":"Ouattara r\u00e9am\u00e9nage le gouvernement et nomme KKB ministre de la R\u00e9conciliation nationale"},"content":{"rendered":"<div readability=\"32\">\n<p>Publi\u00e9 le 15.12.2020 \u00e0 20h18 par APA News<\/p>\n<\/div>\n<div readability=\"63\">\n<p>Le pr\u00e9sident ivoirien Alassane Ouattara a r\u00e9am\u00e9nag\u00e9 mardi le gouvernement avec la nomination du candidat malheureux \u00e0 la pr\u00e9sidentielle du 31 octobre 2002, Kouadio Konan Bertin dit \u00ab\u00a0KKB\u00a0\u00bb, comme ministre de la R\u00e9conciliation nationale et le g\u00e9n\u00e9ral Vagondo Diomand\u00e9, en qualit\u00e9 de ministre de l\u2019Int\u00e9rieur et de la s\u00e9curit\u00e9.<\/p>\n<p>M. Ouattara a proc\u00e9d\u00e9 \u00e0 un \u00ab\u00a0r\u00e9am\u00e9nagement du gouvernement\u00a0\u00bb, nommant sur proposition du Premier ministre, M. Kouadio Konan Bertin (KKB) comme ministre de la R\u00e9conciliation nationale, indique une note du secr\u00e9tariat g\u00e9n\u00e9ral de la pr\u00e9sidence de la R\u00e9publique.\u00a0<\/p>\n<p>Le g\u00e9n\u00e9ral Vagondo Diomand\u00e9, lui, a \u00e9t\u00e9 nomm\u00e9 ministre de l\u2019Int\u00e9rieur et de la S\u00e9curit\u00e9. Il occupait pr\u00e9c\u00e9demment le portefeuille du minist\u00e8re de la S\u00e9curit\u00e9 et de la Protection civile, en charge de l\u2019administration du territoire.\u00a0<\/p>\n<p>KKB est issu du Parti d\u00e9mocratique de C\u00f4te d\u2019Ivoire (Pdci, ex-alli\u00e9 au pouvoir), qui l\u2019a suspendu pour \u00ab\u00a0indiscipline\u00a0\u00bb. Ce dernier dont la candidature en interne a \u00e9t\u00e9 rejet\u00e9e par sa formation politique, s\u2019est toutefois pr\u00e9sent\u00e9 au scrutin pr\u00e9sidentiel du 31 octobre 2020.<\/p>\n<p>Cette nomination intervient au lendemain de la prestation de serment de M. Ouattara pour un autre mandat contest\u00e9 par l\u2019opposition. Il l\u2019avait annonc\u00e9 dans son discours \u00e0 l\u2019investiture qu\u2019il mettrait en place un minist\u00e8re de la R\u00e9conciliation nationale.\u00a0<\/p>\n<\/div>\n<p>Auteur: APA News<br \/>\n<a href=\"https:\/\/www.journalducameroun.com\/ouattara-reamenage-le-gouvernement-et-nomme-kkb-ministre-de-la-reconciliation-nationale\/\">Cliquez ici pour lire l&rsquo;article depuis sa source.<\/a><\/p>\n","protected":false},"excerpt":{"rendered":"<p>Publi\u00e9 le 15.12.2020 \u00e0 20h18 par APA News Le pr\u00e9sident ivoirien Alassane Ouattara a r\u00e9am\u00e9nag\u00e9 mardi le gouvernement avec la nomination du candidat malheureux \u00e0 la pr\u00e9sidentielle du 31 octobre 2002, Kouadio Konan Bertin dit \u00ab\u00a0KKB\u00a0\u00bb, comme ministre de la R\u00e9conciliation nationale et le g\u00e9n\u00e9ral Vagondo Diomand\u00e9, en qualit\u00e9 de ministre de l\u2019Int\u00e9rieur et de [&hellip;]<\/p>\n","protected":false},"author":1965,"featured_media":0,"comment_status":"closed","ping_status":"closed","sticky":false,"template":"","format":"standard","meta":{"fifu_image_url":"","fifu_image_alt":"","footnotes":""},"categories":[73,82],"tags":[],"class_list":["post-107260","post","type-post","status-publish","format-standard","hentry","category-actualite","category-cameroun"],"_links":{"self":[{"href":"https:\/\/linitiative.ca\/International\/wp-json\/wp\/v2\/posts\/107260","targetHints":{"allow":["GET"]}}],"collection":[{"href":"https:\/\/linitiative.ca\/International\/wp-json\/wp\/v2\/posts"}],"about":[{"href":"https:\/\/linitiative.ca\/International\/wp-json\/wp\/v2\/types\/post"}],"author":[{"embeddable":true,"href":"https:\/\/linitiative.ca\/International\/wp-json\/wp\/v2\/users\/1965"}],"replies":[{"embeddable":true,"href":"https:\/\/linitiative.ca\/International\/wp-json\/wp\/v2\/comments?post=107260"}],"version-history":[{"count":0,"href":"https:\/\/linitiative.ca\/International\/wp-json\/wp\/v2\/posts\/107260\/revisions"}],"wp:attachment":[{"href":"https:\/\/linitiative.ca\/International\/wp-json\/wp\/v2\/media?parent=107260"}],"wp:term":[{"taxonomy":"category","embeddable":true,"href":"https:\/\/linitiative.ca\/International\/wp-json\/wp\/v2\/categories?post=107260"},{"taxonomy":"post_tag","embeddable":true,"href":"https:\/\/linitiative.ca\/International\/wp-json\/wp\/v2\/tags?post=107260"}],"curies":[{"name":"wp","href":"https:\/\/api.w.org\/{rel}","templated":true}]}}