{"id":107261,"date":"2020-12-15T15:18:04","date_gmt":"2020-12-15T20:18:04","guid":{"rendered":"https:\/\/linitiative.ca\/International\/un-atelier-prevu-mercredi-a-bassam-sur-le-suivi-comptable-des-biens-de-letat-de-cote-divoire\/"},"modified":"2020-12-15T15:18:04","modified_gmt":"2020-12-15T20:18:04","slug":"un-atelier-prevu-mercredi-a-bassam-sur-le-suivi-comptable-des-biens-de-letat-de-cote-divoire","status":"publish","type":"post","link":"https:\/\/linitiative.ca\/International\/un-atelier-prevu-mercredi-a-bassam-sur-le-suivi-comptable-des-biens-de-letat-de-cote-divoire\/","title":{"rendered":"Un atelier pr\u00e9vu mercredi \u00e0 Bassam sur le suivi-comptable des biens de l\u2019Etat de C\u00f4te d\u2019Ivoire"},"content":{"rendered":"<div readability=\"32\">\n<p>Publi\u00e9 le 15.12.2020 \u00e0 21h18 par APA News<\/p>\n<\/div>\n<div readability=\"65\">\n<p>La direction du patrimoine de L\u2019Etat de C\u00f4te d\u2019Ivoire ( DPE) organise mercredi prochain \u00e0 Grand-Bassam, une ville baln\u00e9aire au sud d\u2019Abidjan, un atelier sur la directive de l\u2019Union \u00e9conomique et mon\u00e9taire ouest-africaine ( UEMOA) portant mise en \u0153uvre de la comptabilit\u00e9-mati\u00e8res et dont l\u2019un des objectifs est de dresser le suivi comptable de tous les biens meubles et immeubles de l\u2019\u00c9tat , indique une note d\u2019information transmise mardi \u00e0 APA.<\/p>\n<p>\u00ab Cet atelier porte sur le processus de mise en \u0153uvre de la Comptabilit\u00e9-mati\u00e8res en C\u00f4te d\u2019Ivoire. Cette Directive de l\u2019UEMOA a pour objet le recensement et le suivi comptable de tout bien meuble et immeuble, propri\u00e9t\u00e9 ou possession de l\u2019Etat, des Institutions, des collectivit\u00e9s d\u00e9centralis\u00e9es et des \u00e9tablissements publics nationaux \u00bb, rapporte la note de la direction \u00a0du patrimoine de l\u2019Etat, dirig\u00e9e par Ali Sissoko.<\/p>\n<p>Par ailleurs, elle permet, \u00e0 tout moment, de disposer des informations sur les biens existants et leurs mouvements sous le double aspect de la quantit\u00e9 et de la valeur et permet le contr\u00f4le de l\u2019utilisation qui en est faite.\u00a0<\/p>\n<p>Ce s\u00e9minaire qui concerne les gestionnaires du patrimoine et des membres du Comit\u00e9 de la comptabilit\u00e9 des mati\u00e8res, a pr\u00e9cis\u00e9 le texte, permettra de faire le point sur le processus de mise en \u0153uvre de la comptabilit\u00e9 des mati\u00e8res qui se d\u00e9cline en quatre phases.\u00a0<\/p>\n<p>\u00a0Au terme de cet atelier, il s\u2019agira de disposer de toutes les informations relatives au processus de mise en \u0153uvre de la comptabilit\u00e9-mati\u00e8res.<\/p>\n<\/div>\n<p>Auteur: APA News<br \/>\n<a href=\"https:\/\/www.journalducameroun.com\/un-atelier-prevu-mercredi-a-bassam-sur-le-suivi-comptable-des-biens-de-letat-de-cote-divoire\/\">Cliquez ici pour lire l&rsquo;article depuis sa source.<\/a><\/p>\n","protected":false},"excerpt":{"rendered":"<p>Publi\u00e9 le 15.12.2020 \u00e0 21h18 par APA News La direction du patrimoine de L\u2019Etat de C\u00f4te d\u2019Ivoire ( DPE) organise mercredi prochain \u00e0 Grand-Bassam, une ville baln\u00e9aire au sud d\u2019Abidjan, un atelier sur la directive de l\u2019Union \u00e9conomique et mon\u00e9taire ouest-africaine ( UEMOA) portant mise en \u0153uvre de la comptabilit\u00e9-mati\u00e8res et dont l\u2019un des objectifs [&hellip;]<\/p>\n","protected":false},"author":1965,"featured_media":0,"comment_status":"closed","ping_status":"closed","sticky":false,"template":"","format":"standard","meta":{"fifu_image_url":"","fifu_image_alt":"","footnotes":""},"categories":[73,82],"tags":[],"class_list":["post-107261","post","type-post","status-publish","format-standard","hentry","category-actualite","category-cameroun"],"_links":{"self":[{"href":"https:\/\/linitiative.ca\/International\/wp-json\/wp\/v2\/posts\/107261","targetHints":{"allow":["GET"]}}],"collection":[{"href":"https:\/\/linitiative.ca\/International\/wp-json\/wp\/v2\/posts"}],"about":[{"href":"https:\/\/linitiative.ca\/International\/wp-json\/wp\/v2\/types\/post"}],"author":[{"embeddable":true,"href":"https:\/\/linitiative.ca\/International\/wp-json\/wp\/v2\/users\/1965"}],"replies":[{"embeddable":true,"href":"https:\/\/linitiative.ca\/International\/wp-json\/wp\/v2\/comments?post=107261"}],"version-history":[{"count":0,"href":"https:\/\/linitiative.ca\/International\/wp-json\/wp\/v2\/posts\/107261\/revisions"}],"wp:attachment":[{"href":"https:\/\/linitiative.ca\/International\/wp-json\/wp\/v2\/media?parent=107261"}],"wp:term":[{"taxonomy":"category","embeddable":true,"href":"https:\/\/linitiative.ca\/International\/wp-json\/wp\/v2\/categories?post=107261"},{"taxonomy":"post_tag","embeddable":true,"href":"https:\/\/linitiative.ca\/International\/wp-json\/wp\/v2\/tags?post=107261"}],"curies":[{"name":"wp","href":"https:\/\/api.w.org\/{rel}","templated":true}]}}