{"id":107262,"date":"2020-12-15T15:18:06","date_gmt":"2020-12-15T20:18:06","guid":{"rendered":"https:\/\/linitiative.ca\/International\/concertation-a-abidjan-de-15-faitieres-de-la-societe-civile-de-la-cedeao-sur-les-enjeux-de-lape\/"},"modified":"2020-12-15T15:18:06","modified_gmt":"2020-12-15T20:18:06","slug":"concertation-a-abidjan-de-15-faitieres-de-la-societe-civile-de-la-cedeao-sur-les-enjeux-de-lape","status":"publish","type":"post","link":"https:\/\/linitiative.ca\/International\/concertation-a-abidjan-de-15-faitieres-de-la-societe-civile-de-la-cedeao-sur-les-enjeux-de-lape\/","title":{"rendered":"Concertation \u00e0 Abidjan de 15 fa\u00eeti\u00e8res de la soci\u00e9t\u00e9 civile de la Cedeao sur les enjeux de l\u2019APE"},"content":{"rendered":"<div readability=\"32\">\n<p>Publi\u00e9 le 15.12.2020 \u00e0 21h18 par APA News<\/p>\n<\/div>\n<div readability=\"106\">\n<p>Un atelier de concertation sur les enjeux de l\u2019Accord de partenariat \u00e9conomique (APE), regroupant 15 plateformes de la soci\u00e9t\u00e9 civile issues de la Communaut\u00e9 \u00e9conomique des Etats de l\u2019Afrique de l\u2019Ouest (Cedeao), s\u2019est ouvert mardi \u00e0 Abidjan.Ce premier atelier des Organisations de la soci\u00e9t\u00e9 civile (OSC) notamment membres du R\u00e9seau des plateformes d\u2019ONG d\u2019Afrique de l\u2019Ouest (Repaoc), se tient sur trois jours. Entam\u00e9 la veille, il a \u00e9t\u00e9 ouvert officiellement ce mardi et devrait s\u2019achever mercredi. \u00a0<\/p>\n<p>Il est organis\u00e9 par la Convention de la soci\u00e9t\u00e9 civile ivoirienne (CSCI) avec l\u2019appui de ses partenaires, le Repaoc et le Groupe de recherche et d\u2019\u00e9changes technologiques (GRET), des organisations qui accompagnent le projet sur le suivi citoyen de l\u2019APE Int\u00e9rimaire en C\u00f4te d\u2019Ivoire.<\/p>\n<p>Coordonn\u00e9e par le Repaoc, la rencontre a \u00a0regroup\u00e9 20 participants dont 15 leaders de plateformes d\u2019OSC issues de la Cedeao autour du th\u00e8me : \u00ab\u00a0Accord de partenariat \u00e9conomique UE\/Afrique: analyses et observations des OSC d\u2019Afrique de l\u2019Ouest\u00a0\u00bb.\u00a0<\/p>\n<p>M. Guillaume Golebi, repr\u00e9sentant le ministre de l\u2019Int\u00e9gration africaine et des Ivoiriens de l\u2019ext\u00e9rieurs, qui a ouvert l\u2019atelier, a relev\u00e9 que l\u2019un des d\u00e9fis majeurs demeure l\u2019harmonisation des diff\u00e9rents r\u00e9gimes commerciaux en Afrique de l\u2019Ouest en vue d\u2019un r\u00e9gime unique.<\/p>\n<p>La C\u00f4te d\u2019Ivoire et l\u2019Union europ\u00e9enne (UE) ont conclu un APE Int\u00e9rimaire en attendant la mise en place de l\u2019APE r\u00e9gional entre l\u2019Afrique de l\u2019Ouest et l\u2019UE. Et ce, apr\u00e8s que les n\u00e9gociations de l\u2019APE r\u00e9gional n\u2019ont pas abouti \u00e0 une conclusion en fin 2017.<\/p>\n<p>L\u2019UE s\u2019est en outre engag\u00e9e \u00e0 n\u00e9gocier des accords d\u2019\u00e9tape sur le bloc commerce des marchandises avec des sous-groupes ou des pays de la r\u00e9gion ouest-africaine. La C\u00f4te d\u2019Ivoire et le Ghana vont ainsi signer un APE Int\u00e9rimaire (APEI) avec l\u2019UE.<\/p>\n<p>L\u2019APEI de la C\u00f4te d\u2019Ivoire est un accord de commerce et de d\u00e9veloppement. Depuis le 1er janvier 2008, cet APE donne libre acc\u00e8s \u00e0 tout produit transform\u00e9 ou non, originaire de la C\u00f4te d\u2019Ivoire, au march\u00e9 europ\u00e9en et britannique sans droit de douane.<\/p>\n<p>En retour, la C\u00f4te d\u2019Ivoire se devait de d\u00e9manteler progressivement ses tarifs douaniers assortis d\u2019une possibilit\u00e9 de suspension d\u00e8s que l\u2019APE r\u00e9gional, adopt\u00e9 par les chefs d\u2019Etat et de gouvernement de la Cedeao en juin 2014, est officiellement conclu.<\/p>\n<p>M. Golebi a soulign\u00e9 que le d\u00e9mant\u00e8lement tarifaire pr\u00e9vu par l\u2019Etat ivoirien pour le 1er janvier 2019 est entr\u00e9 en vigueur depuis le 6 d\u00e9cembre 2019 avec l\u2019adoption de circulaires douani\u00e8res portant sur une liste de 1.155 produits pour la premi\u00e8re phase.<\/p>\n<p>La deuxi\u00e8me phase du d\u00e9mant\u00e8lement tarifaire portant sur 1.150 produits, et pr\u00e9vue pour le 1er janvier 2021, a \u00e9t\u00e9 \u00e9galement act\u00e9 par le minist\u00e8re charg\u00e9 du Budget \u00e0 travers une ordonnance du gouvernement ivoirien.<\/p>\n<p>Le repr\u00e9sentant du ministre a annonc\u00e9 qu\u2019un observatoire de l\u2019APE sera mis en place au sein de la Commission nationale, invitant les acteurs \u00e0 r\u00e9pondre favorablement aux convocations de ce groupe qui sera co-pr\u00e9sid\u00e9 par le secteur priv\u00e9 et l\u2019administration ivoirienne.\u00a0<\/p>\n<p>Le coordonnateur national de la Convention de la soci\u00e9t\u00e9 civile ivoirienne, Mahamadou Kouma, a fait savoir que cet atelier a pour but de favoriser la concertation entre les OSC membres du Repaoc sur les politiques d\u2019int\u00e9gration r\u00e9gionales en vue d\u2019une synergie d\u2019actions.\u00a0<\/p>\n<p>Cet atelier vise par ailleurs \u00e0 analyser les opportunit\u00e9s et les contraintes de l\u2019APE, et \u00e0 partager les exp\u00e9riences de la C\u00f4te d\u2019Ivoire et du Ghana sur les outils et les moyens de suivi des APE.\u00a0<\/p>\n<\/div>\n<p>Auteur: APA News<br \/>\n<a href=\"https:\/\/www.journalducameroun.com\/concertation-a-abidjan-de-15-faitieres-de-la-societe-civile-de-la-cedeao-sur-les-enjeux-de-lape\/\">Cliquez ici pour lire l&rsquo;article depuis sa source.<\/a><\/p>\n","protected":false},"excerpt":{"rendered":"<p>Publi\u00e9 le 15.12.2020 \u00e0 21h18 par APA News Un atelier de concertation sur les enjeux de l\u2019Accord de partenariat \u00e9conomique (APE), regroupant 15 plateformes de la soci\u00e9t\u00e9 civile issues de la Communaut\u00e9 \u00e9conomique des Etats de l\u2019Afrique de l\u2019Ouest (Cedeao), s\u2019est ouvert mardi \u00e0 Abidjan.Ce premier atelier des Organisations de la soci\u00e9t\u00e9 civile (OSC) notamment [&hellip;]<\/p>\n","protected":false},"author":1965,"featured_media":0,"comment_status":"closed","ping_status":"closed","sticky":false,"template":"","format":"standard","meta":{"fifu_image_url":"","fifu_image_alt":"","footnotes":""},"categories":[73,82],"tags":[],"class_list":["post-107262","post","type-post","status-publish","format-standard","hentry","category-actualite","category-cameroun"],"_links":{"self":[{"href":"https:\/\/linitiative.ca\/International\/wp-json\/wp\/v2\/posts\/107262","targetHints":{"allow":["GET"]}}],"collection":[{"href":"https:\/\/linitiative.ca\/International\/wp-json\/wp\/v2\/posts"}],"about":[{"href":"https:\/\/linitiative.ca\/International\/wp-json\/wp\/v2\/types\/post"}],"author":[{"embeddable":true,"href":"https:\/\/linitiative.ca\/International\/wp-json\/wp\/v2\/users\/1965"}],"replies":[{"embeddable":true,"href":"https:\/\/linitiative.ca\/International\/wp-json\/wp\/v2\/comments?post=107262"}],"version-history":[{"count":0,"href":"https:\/\/linitiative.ca\/International\/wp-json\/wp\/v2\/posts\/107262\/revisions"}],"wp:attachment":[{"href":"https:\/\/linitiative.ca\/International\/wp-json\/wp\/v2\/media?parent=107262"}],"wp:term":[{"taxonomy":"category","embeddable":true,"href":"https:\/\/linitiative.ca\/International\/wp-json\/wp\/v2\/categories?post=107262"},{"taxonomy":"post_tag","embeddable":true,"href":"https:\/\/linitiative.ca\/International\/wp-json\/wp\/v2\/tags?post=107262"}],"curies":[{"name":"wp","href":"https:\/\/api.w.org\/{rel}","templated":true}]}}