{"id":107263,"date":"2020-12-15T15:18:07","date_gmt":"2020-12-15T20:18:07","guid":{"rendered":"https:\/\/linitiative.ca\/International\/cote-divoire-michel-noufe-designe-meilleur-administrateur-des-services-financiers-de-letat\/"},"modified":"2020-12-15T15:18:07","modified_gmt":"2020-12-15T20:18:07","slug":"cote-divoire-michel-noufe-designe-meilleur-administrateur-des-services-financiers-de-letat","status":"publish","type":"post","link":"https:\/\/linitiative.ca\/International\/cote-divoire-michel-noufe-designe-meilleur-administrateur-des-services-financiers-de-letat\/","title":{"rendered":"C\u00f4te d\u2019Ivoire : Michel Nouf\u00e9 d\u00e9sign\u00e9 meilleur administrateur des services financiers de l\u2019Etat"},"content":{"rendered":"<div readability=\"32\">\n<p>Publi\u00e9 le 15.12.2020 \u00e0 21h18 par APA News<\/p>\n<\/div>\n<div readability=\"62\">\n<p>Michel Nouf\u00e9, le directeur des moyens g\u00e9n\u00e9raux du Tr\u00e9sor public ivoirien a \u00e9t\u00e9 d\u00e9sign\u00e9 grand laur\u00e9at du prix de l\u2019interafricaine de Communication et de Sondage ( ICS) du Meilleur administrateur des services financiers des structures de l\u2019Etat de C\u00f4te d\u2019Ivoire, rapporte une note d\u2019information transmise mardi \u00e0 APA.<\/p>\n<p>Selon cette note, M. Nouf\u00e9 a retenu l\u2019attention du jury par ses qualit\u00e9s manag\u00e9riales et sa gestion rigoureuse et transparente \u00a0des deniers publics.\u00a0<\/p>\n<p>\u00a0\u00ab Il ( le laur\u00e9at) a toujours su inculquer \u00e0 ses collaborateurs les vertus du travail bien fait et la gestion \u00a0transparente des deniers publics \u00bb, a soutenu Charles Sand\u00e9, le directeur G\u00e9n\u00e9ral de l\u2019Interafricaine de Communication et de Sondage.<\/p>\n<p>\u00a0\u00c9grenant les qualit\u00e9s qui ont milit\u00e9 \u00e0 la d\u00e9signation du directeur des moyens g\u00e9n\u00e9raux du Tr\u00e9sor public ivoirien, le jury a estim\u00e9 qu\u2019il est f\u00e9ru de travail et allie technicit\u00e9, efficacit\u00e9 \u00a0et \u00a0humanisme \u00a0dans la conduite quotidienne de l\u2019action administrative. \u00a0<\/p>\n<p>Pour sa part, M. Nouf\u00e9 a dit sa gratitude \u00e0 Jacques Konan Assahor\u00e9, le directeur g\u00e9n\u00e9ral du Tr\u00e9sor et de la Comptabilit\u00e9 publique \u00a0\u00ab qui a su impulser, \u00e0 la suite de ses pr\u00e9d\u00e9cesseurs, \u00a0un nouveau style de management au sein de notre institution, le Tr\u00e9sor public \u00bb.\u00a0<\/p>\n<\/div>\n<p>Auteur: APA News<br \/>\n<a href=\"https:\/\/www.journalducameroun.com\/cote-divoire-michel-noufe-designe-meilleur-administrateur-des-services-financiers-de-letat\/\">Cliquez ici pour lire l&rsquo;article depuis sa source.<\/a><\/p>\n","protected":false},"excerpt":{"rendered":"<p>Publi\u00e9 le 15.12.2020 \u00e0 21h18 par APA News Michel Nouf\u00e9, le directeur des moyens g\u00e9n\u00e9raux du Tr\u00e9sor public ivoirien a \u00e9t\u00e9 d\u00e9sign\u00e9 grand laur\u00e9at du prix de l\u2019interafricaine de Communication et de Sondage ( ICS) du Meilleur administrateur des services financiers des structures de l\u2019Etat de C\u00f4te d\u2019Ivoire, rapporte une note d\u2019information transmise mardi \u00e0 [&hellip;]<\/p>\n","protected":false},"author":1965,"featured_media":0,"comment_status":"closed","ping_status":"closed","sticky":false,"template":"","format":"standard","meta":{"fifu_image_url":"","fifu_image_alt":"","footnotes":""},"categories":[73,82],"tags":[],"class_list":["post-107263","post","type-post","status-publish","format-standard","hentry","category-actualite","category-cameroun"],"_links":{"self":[{"href":"https:\/\/linitiative.ca\/International\/wp-json\/wp\/v2\/posts\/107263","targetHints":{"allow":["GET"]}}],"collection":[{"href":"https:\/\/linitiative.ca\/International\/wp-json\/wp\/v2\/posts"}],"about":[{"href":"https:\/\/linitiative.ca\/International\/wp-json\/wp\/v2\/types\/post"}],"author":[{"embeddable":true,"href":"https:\/\/linitiative.ca\/International\/wp-json\/wp\/v2\/users\/1965"}],"replies":[{"embeddable":true,"href":"https:\/\/linitiative.ca\/International\/wp-json\/wp\/v2\/comments?post=107263"}],"version-history":[{"count":0,"href":"https:\/\/linitiative.ca\/International\/wp-json\/wp\/v2\/posts\/107263\/revisions"}],"wp:attachment":[{"href":"https:\/\/linitiative.ca\/International\/wp-json\/wp\/v2\/media?parent=107263"}],"wp:term":[{"taxonomy":"category","embeddable":true,"href":"https:\/\/linitiative.ca\/International\/wp-json\/wp\/v2\/categories?post=107263"},{"taxonomy":"post_tag","embeddable":true,"href":"https:\/\/linitiative.ca\/International\/wp-json\/wp\/v2\/tags?post=107263"}],"curies":[{"name":"wp","href":"https:\/\/api.w.org\/{rel}","templated":true}]}}