{"id":107267,"date":"2020-12-16T10:30:57","date_gmt":"2020-12-16T15:30:57","guid":{"rendered":"https:\/\/linitiative.ca\/International\/volvo-cars-produira-des-moteurs-electriques-en-suede\/"},"modified":"2020-12-16T10:30:57","modified_gmt":"2020-12-16T15:30:57","slug":"volvo-cars-produira-des-moteurs-electriques-en-suede","status":"publish","type":"post","link":"https:\/\/linitiative.ca\/International\/volvo-cars-produira-des-moteurs-electriques-en-suede\/","title":{"rendered":"Volvo Cars produira des moteurs  \u00e9lectriques en Su\u00e8de"},"content":{"rendered":"<header readability=\"1.2934782608696\">\n<\/header>\n<div class=\"entry-content clearfix\" readability=\"66\"><img decoding=\"async\" class=\"post_layout_5_img\" src=\"http:\/\/aujourdhui.ma\/wp-content\/uploads\/2020\/12\/7402_Volvo_Cars_Engine_Plant-1.jpg\" alt=\"Volvo Cars produira des moteurs &#xE9;lectriques en Su&#xE8;de\"\/><\/p>\n<p><span class=\"c5\"><strong>Il entend s\u2019imposer en tant que leader mondial<\/strong><\/span><span id=\"more-363103\"\/><\/p>\n<p>Volvo Cars assemblera des moteurs \u00e9lectriques dans son usine m\u00e9canique de Sk\u00f6vde, en Su\u00e8de, et pr\u00e9voit d\u2019implanter une cha\u00eene de production de moteurs \u00e9lectriques compl\u00e8te en interne d\u2019ici 2025. L\u2019entreprise investira 700 millions de SEK (68 millions d\u2019euros) \u00e0 cette fin dans les ann\u00e9es \u00e0 venir.<br \/>Cette d\u00e9cision est en corr\u00e9lation avec l\u2019accord de Paris sign\u00e9 en 2015, dont l\u2019objectif est de combattre le r\u00e9chauffement climatique. Volvo Cars s\u2019engage ainsi dans la ma\u00eetrise de la hausse de la temp\u00e9rature mondiale \u00e0 travers la mise en place d\u2019une flotte automobile \u00e9lectrique.<br \/>Volvo Cars entend s\u2019imposer comme constructeur de voitures \u00e9lectriques haut de gamme, et nourrit l\u2019ambition de r\u00e9partir son volume global de ventes \u00e0 parts \u00e9gales entre les v\u00e9hicules tout \u00e9lectriques et les v\u00e9hicules hybrides d\u2019ici 2025.<br \/>Les installations de Sk\u00f6vde font partie int\u00e9grante de l\u2019histoire de l\u2019entreprise depuis sa cr\u00e9ation en 1927. En ajoutant la production de moteurs \u00e9lectriques aux activit\u00e9s de cette usine historique, Volvo Cars l\u2019associe \u00e9galement \u00e0 son avenir.<\/p>\n<p><a href=\"https:http:\/\/aujourdhui.ma\/wp-content\/uploads\/2020\/12\/volvo-logo.jpg\"><img decoding=\"async\" loading=\"lazy\" class=\"alignnone size-full wp-image-363107\" src=\"http:\/\/aujourdhui.ma\/wp-content\/uploads\/2020\/12\/volvo-logo.jpg\" alt=\"\" width=\"746\" height=\"380\" srcset=\"http:\/\/aujourdhui.ma\/wp-content\/uploads\/2020\/12\/volvo-logo.jpg 746w, \/\/aujourdhui.ma\/wp-content\/uploads\/2020\/12\/volvo-logo-300x153.jpg 300w, \/\/aujourdhui.ma\/wp-content\/uploads\/2020\/12\/volvo-logo-274x140.jpg 274w, \/\/aujourdhui.ma\/wp-content\/uploads\/2020\/12\/volvo-logo-165x84.jpg 165w, \/\/aujourdhui.ma\/wp-content\/uploads\/2020\/12\/volvo-logo-702x358.jpg 702w\" sizes=\"auto, (max-width: 746px) 100vw, 746px\"\/><\/a><br \/>Volvo Cars a annonc\u00e9 plus t\u00f4t cette ann\u00e9e des investissements massifs en vue de concevoir et de d\u00e9velopper des moteurs \u00e9lectriques en interne pour la prochaine g\u00e9n\u00e9ration de v\u00e9hicules Volvo. Avec les investissements pr\u00e9vus \u00e0 Sk\u00f6vde, l\u2019entreprise amorce concr\u00e8tement l\u2019internalisation du processus de fabrication et d\u2019assemblage de moteurs.<br \/>L\u2019usine de Sk\u00f6vde se contentera dans un premier temps d\u2019assembler des moteurs \u00e9lectriques, mais il est pr\u00e9vu \u00e0 terme d\u2019internaliser l\u2019int\u00e9gralit\u00e9 du processus de fabrication entre ses murs.<br \/>\u00abLa toute premi\u00e8re Volvo datant de 1927 \u00e9tait propuls\u00e9e par un moteur fabriqu\u00e9 \u00e0 Sk\u00f6vde\u00bb, rappelle Javier Varela, directeur monde des op\u00e9rations industrielles et de la qualit\u00e9. \u00abLe personnel de l\u2019usine est hautement qualifi\u00e9 et attach\u00e9 \u00e0 satisfaire aux normes de qualit\u00e9 les plus exigeantes. Il n\u2019est donc que l\u00e9gitime de l\u2019associer \u00e0 l\u2019avenir prometteur qui s\u2019offre \u00e0 nous\u00bb.<br \/>Se substituant au moteur \u00e0 combustion interne dans le domaine du g\u00e9nie automobile, les moteurs \u00e9lectriques sont une des composantes fondamentales des v\u00e9hicules \u00e9lectriques avec les batteries et l\u2019\u00e9lectronique d\u2019alimentation. L\u2019interaction entre ces trois composantes est essentielle pour le d\u00e9veloppement de v\u00e9hicules \u00e9lectriques haut de gamme.<br \/>L\u2019internalisation du d\u00e9veloppement et de la production des moteurs \u00e9lectriques va permettre aux ing\u00e9nieurs de Volvo Cars d\u2019optimiser davantage les moteurs \u00e9lectriques et l\u2019ensemble de la transmission \u00e9lectrique sur les nouveaux v\u00e9hicules Volvo. Cette approche permettra aux ing\u00e9nieurs d\u2019accomplir de nouveaux progr\u00e8s en termes d\u2019efficacit\u00e9 \u00e9nerg\u00e9tique et de performances g\u00e9n\u00e9rales.<\/p>\n<p><a href=\"https:http:\/\/aujourdhui.ma\/wp-content\/uploads\/2020\/12\/273978_Electric_Motor.jpg\"><img decoding=\"async\" loading=\"lazy\" class=\"alignnone size-full wp-image-363106\" src=\"http:\/\/aujourdhui.ma\/wp-content\/uploads\/2020\/12\/273978_Electric_Motor.jpg\" alt=\"\" width=\"746\" height=\"380\" srcset=\"http:\/\/aujourdhui.ma\/wp-content\/uploads\/2020\/12\/273978_Electric_Motor.jpg 746w, \/\/aujourdhui.ma\/wp-content\/uploads\/2020\/12\/273978_Electric_Motor-300x153.jpg 300w, \/\/aujourdhui.ma\/wp-content\/uploads\/2020\/12\/273978_Electric_Motor-274x140.jpg 274w, \/\/aujourdhui.ma\/wp-content\/uploads\/2020\/12\/273978_Electric_Motor-165x84.jpg 165w, \/\/aujourdhui.ma\/wp-content\/uploads\/2020\/12\/273978_Electric_Motor-702x358.jpg 702w\" sizes=\"auto, (max-width: 746px) 100vw, 746px\"\/><\/a><br \/>La conception et le d\u00e9veloppement des moteurs de l\u2019entreprise se d\u00e9roulent \u00e0 G\u00f6teborg, en Su\u00e8de, et \u00e0 Shanghai, en Chine. Plus t\u00f4t cette ann\u00e9e, Volvo Cars a inaugur\u00e9 un laboratoire d\u00e9di\u00e9 aux moteurs \u00e9lectriques \u00e0 Shanghai, en compl\u00e9ment de son site de d\u00e9veloppement de moteurs \u00e9lectriques de G\u00f6teborg (Su\u00e8de) et de ses laboratoires d\u2019avant-garde d\u00e9di\u00e9s aux batteries en Chine et en Su\u00e8de.<br \/>Les autres activit\u00e9s de l\u2019usine m\u00e9canique de Sk\u00f6vde, qui sont ax\u00e9es sur la production de moteurs \u00e0 combustion interne, seront transf\u00e9r\u00e9es vers une filiale ind\u00e9pendante de Volvo Cars, Powertrain Engineering Sweden (PES). Comme annonc\u00e9 plus t\u00f4t, PES est appel\u00e9e \u00e0 fusionner avec les activit\u00e9s de fabrication de moteur \u00e0 combustion interne de Geely.<\/p>\n<\/div>\n<p>Auteur: ALM<br \/>\n<a href=\"https:\/\/aujourdhui.ma\/automobile\/volvo-cars-produira-des-moteurs-electriques-en-suede\">Cliquez ici pour lire l&rsquo;article depuis sa source.<\/a><\/p>\n","protected":false},"excerpt":{"rendered":"<p>Il entend s\u2019imposer en tant que leader mondial Volvo Cars assemblera des moteurs \u00e9lectriques dans son usine m\u00e9canique de Sk\u00f6vde, en Su\u00e8de, et pr\u00e9voit d\u2019implanter une cha\u00eene de production de moteurs \u00e9lectriques compl\u00e8te en interne d\u2019ici 2025. L\u2019entreprise investira 700 millions de SEK (68 millions d\u2019euros) \u00e0 cette fin dans les ann\u00e9es \u00e0 venir.Cette d\u00e9cision [&hellip;]<\/p>\n","protected":false},"author":1759,"featured_media":0,"comment_status":"closed","ping_status":"closed","sticky":false,"template":"","format":"standard","meta":{"fifu_image_url":"http:\/\/aujourdhui.ma\/wp-content\/uploads\/2020\/12\/7402_Volvo_Cars_Engine_Plant-1.jpg","fifu_image_alt":"Volvo Cars produira des moteurs  \u00e9lectriques en Su\u00e8de","footnotes":""},"categories":[73,54],"tags":[],"class_list":["post-107267","post","type-post","status-publish","format-standard","hentry","category-actualite","category-maroc"],"_links":{"self":[{"href":"https:\/\/linitiative.ca\/International\/wp-json\/wp\/v2\/posts\/107267","targetHints":{"allow":["GET"]}}],"collection":[{"href":"https:\/\/linitiative.ca\/International\/wp-json\/wp\/v2\/posts"}],"about":[{"href":"https:\/\/linitiative.ca\/International\/wp-json\/wp\/v2\/types\/post"}],"author":[{"embeddable":true,"href":"https:\/\/linitiative.ca\/International\/wp-json\/wp\/v2\/users\/1759"}],"replies":[{"embeddable":true,"href":"https:\/\/linitiative.ca\/International\/wp-json\/wp\/v2\/comments?post=107267"}],"version-history":[{"count":0,"href":"https:\/\/linitiative.ca\/International\/wp-json\/wp\/v2\/posts\/107267\/revisions"}],"wp:attachment":[{"href":"https:\/\/linitiative.ca\/International\/wp-json\/wp\/v2\/media?parent=107267"}],"wp:term":[{"taxonomy":"category","embeddable":true,"href":"https:\/\/linitiative.ca\/International\/wp-json\/wp\/v2\/categories?post=107267"},{"taxonomy":"post_tag","embeddable":true,"href":"https:\/\/linitiative.ca\/International\/wp-json\/wp\/v2\/tags?post=107267"}],"curies":[{"name":"wp","href":"https:\/\/api.w.org\/{rel}","templated":true}]}}